{"id":105681,"date":"2025-09-10T14:25:09","date_gmt":"2025-09-10T14:25:09","guid":{"rendered":"https:\/\/www.europesays.com\/es\/105681\/"},"modified":"2025-09-10T14:25:09","modified_gmt":"2025-09-10T14:25:09","slug":"el-baskonia-incide-en-que-no-se-expulsara-a-los-clubes-hebreos-de-la-euroliga-sin-un-input-mundial","status":"publish","type":"post","link":"https:\/\/www.europesays.com\/es\/105681\/","title":{"rendered":"El Baskonia incide en que no se expulsar\u00e1 a los clubes hebreos de la Euroliga sin un \u00abinput\u00bb mundial"},"content":{"rendered":"<p>El Baskonia ha salido al paso este mi\u00e9rcoles de la condena que hizo ayer del diputado general de \u00c1lava, Ramiro Gonz\u00e1lez, contra la participaci\u00f3n del  &#8230; Maccabi y el Hapoel Tel Aviv en la Euroliga. Mientras Gonz\u00e1lez reclamaba excluir a los clubes hebreos de la competici\u00f3n, el director deportivo azulgrana, F\u00e9lix Fern\u00e1ndez, ha dejado claro que la postura del club est\u00e1 alineada con la posici\u00f3n de la Euroliga, que \u00abpermite que estos equipos jueguen\u00bb. En este punto, ha apostillado que el Maccabi \u00abes adem\u00e1s accionista\u00bb.<\/p>\n<p class=\"v-p\">Tambi\u00e9n es propietario de la m\u00e1xima competici\u00f3n del baloncesto continental el CSKA de Mosc\u00fa y fue expulsado de la competici\u00f3n en 2022 tras la invasi\u00f3n de Ucrania, sin fecha de regreso prevista. Ante este hecho, Fern\u00e1ndez ha explicado que la diferencia radica en que \u00aba nivel mundial se tom\u00f3 una decisi\u00f3n con los rusos, pero con los israel\u00edes no se ha dado el caso\u00bb.<\/p>\n<p><a href=\"http:\/\/www.elcorreo.com\/baskonia\/ramiro-gonzalez-reprocha-euroliga-permita-competir-clubes-20250909122155-nt.html#vtm_modulosEngag=mod-rel:baskonia:noticia:1:cmp:2-not\" class=\"v-a-link\" title=\"\u00c1lava se planta ante el \u00abgenocidio\u00bb de Gaza e insta a la Euroliga a apartar a los clubes hebreos\" rel=\"nofollow noopener\" target=\"_blank\"><br \/>\n<img decoding=\"async\" loading=\"lazy\" class=\"v-a-img\" src=\"https:\/\/www.europesays.com\/es\/wp-content\/uploads\/2025\/09\/MACCABI-kaSC--366x256@El Correo.jpg\" alt=\"\u00c1lava se planta ante el \u00abgenocidio\u00bb de Gaza e insta a la Euroliga a apartar a los clubes hebreos\"\/><br \/>\n<\/a><\/p>\n<p><a href=\"http:\/\/www.elcorreo.com\/baskonia\/dia-querejeta-llamo-energumeno-primer-ministro-israeli-20250910004826-nt.html#vtm_modulosEngag=mod-rel:baskonia:noticia:2:cmp:2-not\" class=\"v-a-link\" title=\"El d\u00eda que Querejeta llam\u00f3 \u00abenerg\u00fameno\u00bb al primer ministro israel\u00ed\" rel=\"nofollow noopener\" target=\"_blank\"><br \/>\n<img decoding=\"async\" loading=\"lazy\" class=\"v-a-img\" src=\"https:\/\/www.europesays.com\/es\/wp-content\/uploads\/2025\/09\/querejeta y sharon recortada-kIXC--366x256@El Correo.jpg\" alt=\"El d\u00eda que Querejeta llam\u00f3 \u00abenerg\u00fameno\u00bb al primer ministro israel\u00ed\"\/><br \/>\n<\/a><\/p>\n<p class=\"v-p\">Eso s\u00ed, el portavoz azulgrana se ha mostrado sensibilizado con la masacre palestina. \u00abObviamente hay una situaci\u00f3n de guerra, humanitaria, que traspasa ciertos \u00e1mbitos. No somos ajenos a las im\u00e1genes, a la violencia y dem\u00e1s\u00bb, asegura. \u00abCondenamos cualquier violencia\u00bb, prosigue, \u00abpero si la Euroliga no recibe un input directo, siguen participando. Esa es la situaci\u00f3n\u00bb. Por tanto, ha concluido que \u00abnuestra posici\u00f3n (como propietarios de la Euroliga) es que sigan participando\u00bb.<\/p>\n<p class=\"v-p\">Fern\u00e1ndez ha admitido que su participaci\u00f3n altera la competici\u00f3n. \u00abSufrimos los movimientos. El Hapoel jugar\u00e1 en Sof\u00eda, en Bulgaria. El Maccabi, en Belgrado. No es f\u00e1cil para nadie, y a los clubes nos afecta porque tenemos que sufrir m\u00e1s medidas de seguirdad. Nos altera a todos\u00bb, remacha. <\/p>\n","protected":false},"excerpt":{"rendered":"El Baskonia ha salido al paso este mi\u00e9rcoles de la condena que hizo ayer del diputado general de&hellip;\n","protected":false},"author":2,"featured_media":105682,"comment_status":"","ping_status":"","sticky":false,"template":"","format":"standard","meta":{"footnotes":""},"categories":[269],"tags":[299,298,4714,11651,36687,168,25,24,833,36686,36688,1070,11386,57,23,167,432],"class_list":{"0":"post-105681","1":"post","2":"type-post","3":"status-publish","4":"format-standard","5":"has-post-thumbnail","7":"category-baloncesto","8":"tag-baloncesto","9":"tag-basketball","10":"tag-baskonia","11":"tag-clubes","12":"tag-condenamos","13":"tag-deportes","14":"tag-es","15":"tag-espana","16":"tag-euroliga","17":"tag-hebreos","18":"tag-imput","19":"tag-mundial","20":"tag-seguiran","21":"tag-sobre","22":"tag-spain","23":"tag-sports","24":"tag-violencia"},"share_on_mastodon":{"url":"","error":""},"_links":{"self":[{"href":"https:\/\/www.europesays.com\/es\/wp-json\/wp\/v2\/posts\/105681","targetHints":{"allow":["GET"]}}],"collection":[{"href":"https:\/\/www.europesays.com\/es\/wp-json\/wp\/v2\/posts"}],"about":[{"href":"https:\/\/www.europesays.com\/es\/wp-json\/wp\/v2\/types\/post"}],"author":[{"embeddable":true,"href":"https:\/\/www.europesays.com\/es\/wp-json\/wp\/v2\/users\/2"}],"replies":[{"embeddable":true,"href":"https:\/\/www.europesays.com\/es\/wp-json\/wp\/v2\/comments?post=105681"}],"version-history":[{"count":0,"href":"https:\/\/www.europesays.com\/es\/wp-json\/wp\/v2\/posts\/105681\/revisions"}],"wp:featuredmedia":[{"embeddable":true,"href":"https:\/\/www.europesays.com\/es\/wp-json\/wp\/v2\/media\/105682"}],"wp:attachment":[{"href":"https:\/\/www.europesays.com\/es\/wp-json\/wp\/v2\/media?parent=105681"}],"wp:term":[{"taxonomy":"category","embeddable":true,"href":"https:\/\/www.europesays.com\/es\/wp-json\/wp\/v2\/categories?post=105681"},{"taxonomy":"post_tag","embeddable":true,"href":"https:\/\/www.europesays.com\/es\/wp-json\/wp\/v2\/tags?post=105681"}],"curies":[{"name":"wp","href":"https:\/\/api.w.org\/{rel}","templated":true}]}}