{"id":105687,"date":"2025-09-10T14:28:07","date_gmt":"2025-09-10T14:28:07","guid":{"rendered":"https:\/\/www.europesays.com\/es\/105687\/"},"modified":"2025-09-10T14:28:07","modified_gmt":"2025-09-10T14:28:07","slug":"asi-transforma-una-arquitecta-la-casa-de-su-abuela-en-un-atico-de-75-m2-que-es-toda-una-carta-de-amor-a-atenas-y-a-las-vistas-a-la-acropolis-de-su-terraza","status":"publish","type":"post","link":"https:\/\/www.europesays.com\/es\/105687\/","title":{"rendered":"As\u00ed transforma una arquitecta la casa de su abuela en un \u00e1tico de 75 m2 que es toda una carta de amor a Atenas (y a las vistas a la Acr\u00f3polis de su terraza)"},"content":{"rendered":"<p><strong>Cada pieza se concibi\u00f3 como un prototipo dise\u00f1ado espec\u00edficamente para el piso,<\/strong> como el lavabo del <a href=\"https:\/\/www.revistaad.es\/articulos\/ideas-almacenaje-bano-elegantes\" rel=\"nofollow noopener\" target=\"_blank\">ba\u00f1o<\/a> o los elementos de m\u00e1rmol y acero inoxidable. El dise\u00f1o rinde homenaje al rico patrimonio cultural de Atenas mediante una superposici\u00f3n de referencias: <strong>la <a href=\"https:\/\/www.revistaad.es\/articulos\/manual-de-uso-de-antiguedades-dos-anticuarias-almoneda\" rel=\"nofollow noopener\" target=\"_blank\">Antig\u00fcedad<\/a>, con el uso del m\u00e1rmol local y las formas cl\u00e1sicas, la artesan\u00eda popular griega del siglo XIX y el racionalismo de mediados de siglo.<\/strong> El edificio se convierte as\u00ed en escaparate que mezcla muebles hechos a medida, piezas <a href=\"https:\/\/www.revistaad.es\/articulos\/14-muebles-vintage-de-ikea-que-hoy-son-clasicos-del-diseno-y-donde-puedes-hacerte-con-ellos\" rel=\"nofollow noopener\" target=\"_blank\">vintage<\/a> y objetos cuidadosamente elegidos.<\/p>\n<p>En la zona de estar, los muebles hechos a medida dialogan con l\u00e1mparas de dise\u00f1o italiano. En la pared, un dibujo a l\u00e1piz del siglo XVIII que representa a las Tres Gracias.<\/p>\n<p>\u00a9 Ines Silva Sa<\/p>\n<p>Sobre la mesa del comedor, una escultura de Vincent Batbedat.<\/p>\n<p>\u00a9 Ines Silva Sa<\/p>\n<p>En el sal\u00f3n, una chimenea de piedra <strong>tallada a mano e inspirada en el arte popular greco-persa<\/strong> se ha colocado sobre una base de travertino entre <strong>dos ventanas con vistas a la Acr\u00f3polis<\/strong>. Encima, en la pared, piezas de cer\u00e1mica realizadas a mano por Elena y su padre, Andreas Alexopoulos, evocan fragmentos arqueol\u00f3gicos reconstruidos. No es la \u00fanica muestra de la historia de la familia: \u201cLos cuadros de mi padre, que vivi\u00f3 aqu\u00ed de joven, tambi\u00e9n contribuyen a preservar el alma de la casa\u201d, a\u00f1ade. \u201c<strong>Todas las piezas est\u00e1n arraigadas en el uso cotidiano,<\/strong> la memoria familiar y un fuerte simbolismo. Este es un lugar donde pasamos mucho tiempo y trabajamos, inspirados cada d\u00eda por la <a href=\"https:\/\/www.revistaad.es\/galerias\/casas-mas-vistas-abril-2025\" rel=\"nofollow noopener\" target=\"_blank\">vista<\/a> de la Acr\u00f3polis y la historia de la ciudad\u201d.<\/p>\n<p>Detalle de un rinc\u00f3n del sal\u00f3n, con una silla tradicional de madera tallada.<\/p>\n<p>\u00a9 Ines Silva Sa<strong>Muebles a medida y artesan\u00eda local<\/strong><\/p>\n<p><strong>El mobiliario ideado por el estudio para el lugar dialoga con <a href=\"https:\/\/www.revistaad.es\/articulos\/lamparas-de-mesa-comprar-online\" rel=\"nofollow noopener\" target=\"_blank\">l\u00e1mparas<\/a> de dise\u00f1o italiano vintage de Achille y Pier Giacomo Castiglioni.<\/strong> Una l\u00e1mpara Brumbury de Guzzini se asienta sobre un carrito griego del siglo XIX, mientras que otra, el modelo Sirio, lumina una mesa art d\u00e9co de inspiraci\u00f3n oriental. Una l\u00e1mpara contempor\u00e1nea TGV dise\u00f1ada por Ionna Vautrin remata la estanter\u00eda, realizada en m\u00e1rmol Cipollino. Antig\u00fcedades, un <a href=\"https:\/\/www.revistaad.es\/articulos\/espejos-decorativos\" rel=\"nofollow noopener\" target=\"_blank\">espejo<\/a> del siglo XIX, una silla tradicional de las islas y jarras del Peloponeso, <strong>introducen una delicada dimensi\u00f3n de memoria hist\u00f3rica.<\/strong><\/p>\n","protected":false},"excerpt":{"rendered":"Cada pieza se concibi\u00f3 como un prototipo dise\u00f1ado espec\u00edficamente para el piso, como el lavabo del ba\u00f1o o&hellip;\n","protected":false},"author":2,"featured_media":105688,"comment_status":"","ping_status":"","sticky":false,"template":"","format":"standard","meta":{"footnotes":""},"categories":[173],"tags":[229,233,231,230,1530,232,234,146,147,25,24,23],"class_list":{"0":"post-105687","1":"post","2":"type-post","3":"status-publish","4":"format-standard","5":"has-post-thumbnail","7":"category-arte-y-diseno","8":"tag-arte","9":"tag-arte-y-diseno","10":"tag-arts","11":"tag-arts-and-design","12":"tag-casas-ad","13":"tag-design","14":"tag-diseno","15":"tag-entertainment","16":"tag-entretenimiento","17":"tag-es","18":"tag-espana","19":"tag-spain"},"share_on_mastodon":{"url":"","error":""},"_links":{"self":[{"href":"https:\/\/www.europesays.com\/es\/wp-json\/wp\/v2\/posts\/105687","targetHints":{"allow":["GET"]}}],"collection":[{"href":"https:\/\/www.europesays.com\/es\/wp-json\/wp\/v2\/posts"}],"about":[{"href":"https:\/\/www.europesays.com\/es\/wp-json\/wp\/v2\/types\/post"}],"author":[{"embeddable":true,"href":"https:\/\/www.europesays.com\/es\/wp-json\/wp\/v2\/users\/2"}],"replies":[{"embeddable":true,"href":"https:\/\/www.europesays.com\/es\/wp-json\/wp\/v2\/comments?post=105687"}],"version-history":[{"count":0,"href":"https:\/\/www.europesays.com\/es\/wp-json\/wp\/v2\/posts\/105687\/revisions"}],"wp:featuredmedia":[{"embeddable":true,"href":"https:\/\/www.europesays.com\/es\/wp-json\/wp\/v2\/media\/105688"}],"wp:attachment":[{"href":"https:\/\/www.europesays.com\/es\/wp-json\/wp\/v2\/media?parent=105687"}],"wp:term":[{"taxonomy":"category","embeddable":true,"href":"https:\/\/www.europesays.com\/es\/wp-json\/wp\/v2\/categories?post=105687"},{"taxonomy":"post_tag","embeddable":true,"href":"https:\/\/www.europesays.com\/es\/wp-json\/wp\/v2\/tags?post=105687"}],"curies":[{"name":"wp","href":"https:\/\/api.w.org\/{rel}","templated":true}]}}