{"id":105711,"date":"2025-09-10T14:42:08","date_gmt":"2025-09-10T14:42:08","guid":{"rendered":"https:\/\/www.europesays.com\/es\/105711\/"},"modified":"2025-09-10T14:42:08","modified_gmt":"2025-09-10T14:42:08","slug":"el-morbo-de-ver-juntos-a-morante-de-la-puebla-y-roca-rey","status":"publish","type":"post","link":"https:\/\/www.europesays.com\/es\/105711\/","title":{"rendered":"el morbo de ver juntos a Morante de la Puebla y Roca Rey"},"content":{"rendered":"<p style=\"\">La pol\u00e9mica se agita. La saga contin\u00faa&#8230; Sin Alatristes de toledana al cinto, pero s\u00ed con espadas en alto. Despu\u00e9s de su <a href=\"https:\/\/www.abc.es\/cultura\/toros\/morante-roca-puerto-20250809181532-nt.html\" target=\"_self\" data-voc-vtm-id=\"in-text-traffic\" title=\"encontronazo\" rel=\"nofollow noopener\">encontronazo<\/a> de hace un mes en El Puerto de Santa Mar\u00eda, <a href=\"https:\/\/www.abc.es\/cultura\/toros\/sevilla\/jose-antonio-morante-puebla-roca-dijo-purito-20250831000700-nts.html\" target=\"_self\" data-voc-vtm-id=\"in-text-traffic\" title=\"Morante de la Puebla\" rel=\"nofollow noopener\">Morante de la Puebla<\/a> y <a href=\"https:\/\/www.abc.es\/cultura\/toros\/roca-rey-sobre-polemica-verano-vetado-morante-20250730193252-nt.html\" target=\"_self\" data-voc-vtm-id=\"in-text-traffic\" title=\"Roca Rey\" rel=\"nofollow noopener\">Roca Rey<\/a> se ven  &#8230; las caras esta semana en las arenas, con la palabra afilada de un &#8216;veto&#8217; negado por el peruano, con el hierro candente de un quite, con el guas\u00f3n olor a un purito en el aire; con ese \u00abno s\u00e9 c\u00f3mo ser\u00e1 en tu pa\u00eds\u00bb, con Per\u00fa y Espa\u00f1a, pa\u00edses hermanos, frente a frente en ese desaf\u00edo entre las dos grandes figuras que trascienden el albero. Aqu\u00ed el duelo no es solo de muletazos ni entradas, sino de orgullo y ambiciones. De ese &#8216;estar mejor que el otro&#8217; que agita el coraz\u00f3n de los toreros. Pero con el paisaje de fondo de la taquilla y el saber que el C\u00f3ndor ha sido en la \u00faltima \u00e9poca el rey de ella y el de mayor cach\u00e9. Y con Morante, a sus casi treinta a\u00f1os de alternativa, con m\u00e1s tir\u00f3n que nunca.<\/p>\n<p class=\"voc-p\" style=\"\">Nos acercamos al ecuador de este intens\u00edsimo septiembre taurino, donde los carteles de Valladolid y Albacete, en tardes consecutivas, est\u00e1n marcados a fuego como escenarios de esta batalla con los &#8216;No hay billetes&#8217; ya colgados (en Pucela despu\u00e9s de nueve a\u00f1os).  Ambos vienen de dos reapariciones: primero, Roca en <a href=\"https:\/\/www.abc.es\/cultura\/toros\/reaparicion-roca-rey-palencia-20250902115259-nt.html\" target=\"_self\" data-voc-vtm-id=\"in-text-traffic\" title=\"Palencia,\" rel=\"nofollow noopener\">Palencia,<\/a> con cuatro orejas y los tendidos aparentemente llenos en la mejor entrada de los \u00faltimos tiempos seg\u00fan la empresa; un d\u00eda despu\u00e9s, en <a href=\"https:\/\/www.abc.es\/cultura\/toros\/morante-reaparece-melilla-20250903155240-nt.html\" target=\"_self\" data-voc-vtm-id=\"in-text-traffic\" title=\"Melilla,\" rel=\"nofollow noopener\">Melilla,<\/a> Morante, con alrededor de tres cuartos de entrada en esa Mezquita que busca posicionarse en el mapa taurino y sin suerte con su lote. Pero no se trata de vencedores ni vencidos, pues son dos toreros necesarios, imprescindibles hoy en la taquilla y en el ruedo.<\/p>\n<p class=\"voc-p\" style=\"\">La pol\u00e9mica viene de lejos: en Granada, un d\u00eda de lluvia, comenz\u00f3 todo cuando Roca Rey no sali\u00f3 a supervisar el estado del ruedo (lo hizo su cuadrilla) y Morante le cant\u00f3 las cuarenta. Y sigui\u00f3 en Pamplona por un toro (ya hab\u00eda pasado en Sevilla). Y explot\u00f3 en Santander con un supuesto veto. Y ya se torci\u00f3 en el cuarto toro portuense, cuando un \u00abacalorado\u00bb Morante entr\u00f3 al callej\u00f3n despu\u00e9s de que le negasen un premio y le recrimin\u00f3 el quite a Roca tras un cuarto puyazo (o picotazo): \u00abEso se hace despu\u00e9s del segundo puyazo, no del cuarto. Aqu\u00ed no es reglamentario\u00bb. Pero el quite s\u00ed era reglamentario, seg\u00fan confirm\u00f3 Luque Teruel, presidente de la Maestranza, seg\u00fan el nuevo reglamento andaluz. A este paso, los toreros van a tener que llevar el reglamento bajo el brazo y un Moeckel al lado. <\/p>\n<p class=\"voc-p\" style=\"\">Sin embargo, la respuesta de Roca escoci\u00f3 al maestro con eso de fumarse un \u00abpurito despacito\u00bb. La c\u00e1mara de Juan Romero, desde un tendido, fue la \u00fanica en captar aquella secuencia en la que Jos\u00e9 Antonio apunta con el dedo a Andr\u00e9s. <\/p>\n<p class=\"voc-p\" style=\"\">El fuego se hab\u00eda encendido realmente en Santander cuando el entorno de Morante habl\u00f3 de veto. Tras un mano a mano fallido con Juan Ortega, el cigarrero -al que Lances de Futuro hab\u00eda planteado dos tardes en la Feria de Santiago, pero opt\u00f3 solo por una- se ofreci\u00f3 a sustituir a Cayetano y torear gratis por una causa ben\u00e9fica. El de La Puebla cuenta: \u00abLa sorpresa fue que cuando se lo dijeron a Roca Rey, \u00e9l dijo que no. Eso no me gust\u00f3\u00bb. Roca neg\u00f3 en ABC cualquier veto, argumentando que el puesto se lo gan\u00f3 por derecho propio <a href=\"https:\/\/www.abc.es\/cultura\/toros\/cid-triunfador-santander-edad-importa-mentira-templo-20250729143013-nt.html\" target=\"_self\" data-voc-vtm-id=\"in-text-traffic\" title=\"El Cid\" rel=\"nofollow noopener\">El Cid<\/a> \u2013triunfador de la Feria de Santiago y a quien se lo ofreci\u00f3 la empresa\u2013 y se\u00f1al\u00f3 que esta temporada est\u00e1 anunciado en una docena de carteles con Morante, dos de ellos los pr\u00f3ximos de Valladolid y Albacete. La \u00faltima cita juntos ser\u00e1 en Sevilla por San Miguel. \u00abNo entiendo qu\u00e9 quieren decir con veto si vamos a torear un mont\u00f3n de corridas. Entonces yo estar\u00eda vetando a todo el escalaf\u00f3n cada tarde, salvo a los dos toreros con los que me anuncio ese d\u00eda\u00bb.<\/p>\n<p class=\"voc-p\" style=\"\">La afici\u00f3n, dividida como una Redacci\u00f3n entre los partidarios de una cafetera de c\u00e1psulas y una superautom\u00e1tica, se lanz\u00f3 a las redes y a las tertulias. Como un prolongaci\u00f3n de Hemingway, de Ord\u00f3\u00f1ez contra Luis Miguel, dos gallos en el corral que agitan el inter\u00e9s: colas en taquillas, tertulias eternas. Y los toreros d\u00e1ndose la mano finalmente en El Puerto en una triple puerta grande con Daniel Crespo mientras los dem\u00e1s hablaban.<\/p>\n<p class=\"voc-p\" style=\"\">Los tambores de guerra llegan ahora a Valladolid y Albacete. El 12 de septiembre, en el coso pucelano que celebra 135 a\u00f1os, Morante, Roca y el joven Marco P\u00e9rez lidian Garcigrandes en un cartel que re\u00fane tres generaciones. \u00bfChispas en el callej\u00f3n? \u00bfUn quite que vuelva a encender la mecha? Al d\u00eda siguiente, s\u00e1bado 13, en Albacete, Morante, Paco Ure\u00f1a y Roca lidian toros de Daniel Ruiz en la Feria de la Virgen de los Llanos. \u00bfQui\u00e9n reinar\u00e1? No se trata de vencedores ni vencidos: Morante, en su hist\u00f3rica temporada, y Roca Rey, en su puesto de mandam\u00e1s, son necesarios. En la taquilla y en el ruedo. Y bienvenida sea la rivalidad, oro para la Fiesta. De frente y por derecho.<\/p>\n","protected":false},"excerpt":{"rendered":"La pol\u00e9mica se agita. La saga contin\u00faa&#8230; Sin Alatristes de toledana al cinto, pero s\u00ed con espadas en&hellip;\n","protected":false},"author":2,"featured_media":105712,"comment_status":"","ping_status":"","sticky":false,"template":"","format":"standard","meta":{"footnotes":""},"categories":[277],"tags":[373,168,25,24,1300,780,18057,922,5330,1048,23,167,4314,374,809],"class_list":{"0":"post-105711","1":"post","2":"type-post","3":"status-publish","4":"format-standard","5":"has-post-thumbnail","7":"category-toreo","8":"tag-bullfighting","9":"tag-deportes","10":"tag-es","11":"tag-espana","12":"tag-juntos","13":"tag-morante","14":"tag-morbo","15":"tag-revolucion","16":"tag-rey","17":"tag-roca","18":"tag-spain","19":"tag-sports","20":"tag-taquilla","21":"tag-toreo","22":"tag-ver"},"share_on_mastodon":{"url":"","error":""},"_links":{"self":[{"href":"https:\/\/www.europesays.com\/es\/wp-json\/wp\/v2\/posts\/105711","targetHints":{"allow":["GET"]}}],"collection":[{"href":"https:\/\/www.europesays.com\/es\/wp-json\/wp\/v2\/posts"}],"about":[{"href":"https:\/\/www.europesays.com\/es\/wp-json\/wp\/v2\/types\/post"}],"author":[{"embeddable":true,"href":"https:\/\/www.europesays.com\/es\/wp-json\/wp\/v2\/users\/2"}],"replies":[{"embeddable":true,"href":"https:\/\/www.europesays.com\/es\/wp-json\/wp\/v2\/comments?post=105711"}],"version-history":[{"count":0,"href":"https:\/\/www.europesays.com\/es\/wp-json\/wp\/v2\/posts\/105711\/revisions"}],"wp:featuredmedia":[{"embeddable":true,"href":"https:\/\/www.europesays.com\/es\/wp-json\/wp\/v2\/media\/105712"}],"wp:attachment":[{"href":"https:\/\/www.europesays.com\/es\/wp-json\/wp\/v2\/media?parent=105711"}],"wp:term":[{"taxonomy":"category","embeddable":true,"href":"https:\/\/www.europesays.com\/es\/wp-json\/wp\/v2\/categories?post=105711"},{"taxonomy":"post_tag","embeddable":true,"href":"https:\/\/www.europesays.com\/es\/wp-json\/wp\/v2\/tags?post=105711"}],"curies":[{"name":"wp","href":"https:\/\/api.w.org\/{rel}","templated":true}]}}