{"id":105715,"date":"2025-09-10T14:46:11","date_gmt":"2025-09-10T14:46:11","guid":{"rendered":"https:\/\/www.europesays.com\/es\/105715\/"},"modified":"2025-09-10T14:46:11","modified_gmt":"2025-09-10T14:46:11","slug":"espargaro-duda-sobre-su-continuidad-en-el-ciclismo","status":"publish","type":"post","link":"https:\/\/www.europesays.com\/es\/105715\/","title":{"rendered":"Espargar\u00f3 duda sobre su continuidad en el ciclismo"},"content":{"rendered":"<p>\u00a0<\/p>\n<p>\u00a0<\/p>\n<p><a href=\"https:\/\/www.europesays.com\/es\/wp-content\/uploads\/2025\/09\/Espargaro-durante-la-Vuelta-a-Austria-c-Lidl.webp.webp\" target=\"_blank\" rel=\"noopener\"><img fetchpriority=\"high\" decoding=\"async\" aria-describedby=\"caption-attachment-441243\" class=\"wp-image-441243 size-full lazy\" src=\"data:image\/svg+xml,%3Csvg%20xmlns=\" http:=\"\" data-src=\"https:\/\/www.europesays.com\/es\/wp-content\/uploads\/2025\/09\/Espargaro-durante-la-Vuelta-a-Austria-c-Lidl.webp.webp\" alt=\"\" width=\"1706\" height=\"960\" data- data-\/><\/a><\/p>\n<p id=\"caption-attachment-441243\" class=\"wp-caption-text\">Espargar\u00f3 durante el Tour de Austria (c) Lidl<\/p>\n<p><strong>Redacci\u00f3n<\/strong><strong>\u00a0\/\u00a0<a href=\"https:\/\/twitter.com\/ciclo21\" target=\"_blank\" rel=\"noopener nofollow\">Ciclo 21<\/a><\/strong><\/p>\n<p><strong>10 septiembre<\/strong><\/p>\n<p style=\"text-align: justify;\" data-start=\"0\" data-end=\"812\">Aleix Espargar\u00f3 (Granollers, 36 a\u00f1os) afronta su aventura en el ciclismo con la misma determinaci\u00f3n que mostr\u00f3 en MotoGP. En un acto en la tienda Lidl Tres Molinos de Barcelona, el mayor de los Espargar\u00f3 habl\u00f3 con As sobre su presente y futuro, sin esquivar ninguna pregunta. \u201cTuve la pedrada de ser ciclista profesional y ahora lo estoy disfrutando. Entrenaba mucho con la bici, pero el nivel de estr\u00e9s y de horas de ciclista profesional es realmente muy alto. Son m\u00e1s de 25 horas semanales entre bicicleta y gimnasio\u201d, admiti\u00f3 en declaraciones al diario. La oportunidad de unirse al Lidl-Trek, seg\u00fan explic\u00f3, lleg\u00f3 de la mano de su amigo Carlos Verona tras a\u00f1os de entrenar sobre la bicicleta y de quedarse con la espinita clavada cuando en su d\u00eda rechaz\u00f3 una propuesta de Movistar para seguir en MotoGP.<\/p>\n<p style=\"text-align: justify;\" data-start=\"814\" data-end=\"1733\" data-is-last-node=\"\" data-is-only-node=\"\">Su paso por el pelot\u00f3n, sin embargo, no ha sido f\u00e1cil. Tras una ca\u00edda en su debut en Austria y un discreto regreso en Getxo, el pr\u00f3ximo gran objetivo es la <strong data-start=\"970\" data-end=\"983\">Japan Cup<\/strong> del 19 de octubre, siempre y cuando se recupere de los problemas de espalda que arrastra. \u201cHa sido m\u00e1s complicado de lo que pensaba, combinar MotoGP y ciclismo es muy duro. Estoy llevando mi cuerpo al l\u00edmite\u201d, reconoci\u00f3 en la charla. De ah\u00ed que no descarte un cambio de rumbo en breve: \u201cSiempre he dicho que Honda es mi prioridad. No he tomado una decisi\u00f3n definitiva, pero todo apunta a que me centrar\u00e9 en las motos en 2026\u201d. Entre la ilusi\u00f3n de disputar alg\u00fan d\u00eda un Tour de Francia y la certeza de que su aventura ciclista ser\u00e1 corta, Espargar\u00f3 lo tiene claro: \u201cFirm\u00e9 con 35 a\u00f1os, sabiendo que no ser\u00eda algo largo. Pero quiero disfrutar cada d\u00eda en Lidl-Trek. Estoy en uno de los mejores equipos del mundo y eso ya es un privilegio\u201d.<\/p>\n<p><strong>13 julio<\/strong><\/p>\n<p style=\"text-align: justify;\"><strong>Aleix Espargar\u00f3<\/strong>, entre el orgullo y el dolor tras su debut ciclista en el Tour de Austria. El expiloto de MotoGP reconvertido en ciclista vivi\u00f3 una intensa experiencia en su<strong> primera carrera profesional<\/strong> con el equipo Lidl. Lamentablemente, su participaci\u00f3n se vio i<strong>nterrumpida en la tercera etapa debido a una lesi\u00f3n en la mano<\/strong>, pero el catal\u00e1n se marcha con sensaciones positivas y mucha autocr\u00edtica tras completar dos jornadas de gran exigencia.<\/p>\n<p style=\"text-align: justify;\"><strong>\u00abNo pude terminar la tercera etapa porque sent\u00eda mucho dolor y no pod\u00eda frenar\u00bb<\/strong>, explic\u00f3 Espargar\u00f3 tras su abandono. De regreso en Barcelona,<strong> los ex\u00e1menes m\u00e9dicos confirmaron una<\/strong> <strong>rotura del ligamento del pulgar<\/strong>, lo que forz\u00f3 su retirada anticipada de la prueba. El corredor de 35 a\u00f1os, que en un principio se uni\u00f3 al equipo como embajador, convenci\u00f3 a la direcci\u00f3n de Lidl para recibir una oportunidad real en competici\u00f3n, firmando con el equipo continental y siendo luego cedido a la estructura WorldTeam para correr en Austria. \u00abQuiero hacer una peque\u00f1a reflexi\u00f3n despu\u00e9s de este debut, tras tantos meses de preparaci\u00f3n, dudas y expectativas\u00bb, coment\u00f3 el propio Espargar\u00f3. \u00abAyer estaba muy triste, pero hoy, con m\u00e1s calma, me siento orgulloso. Han sido tres etapas muy r\u00e1pidas y duras. <strong>He tenido que aprender much\u00edsimo pero he sentido emociones mucho m\u00e1s intensas de lo que esperaba<\/strong>. Vivir el ciclismo desde dentro ha sido incre\u00edble\u00bb. Durante la segunda etapa, no solo logr\u00f3 llegar a meta, sino que se mantuvo junto al capit\u00e1n del equipo, el austr\u00edaco Patrick Konrad, hasta los \u00faltimos kil\u00f3metros, demostrando esfuerzo y compromiso con el equipo.<\/p>\n<p style=\"text-align: justify;\"><strong>Espargar\u00f3 calific\u00f3 su transici\u00f3n de Moto GP al ciclismo profesional como \u00abbrutal\u00bb.<\/strong>\u00a0\u00abLa tensi\u00f3n del grupo, la velocidad\u2026 es algo imposible de imaginar vi\u00e9ndolo por televisi\u00f3n. \u00a1Ni siquiera hay tiempo para parar a orinar! Estoy muy orgulloso de haber podido estar ah\u00ed, y m\u00e1s con un equipo como Lidl\u2013Trek\u00bb. El catal\u00e1n tambi\u00e9n fue autocr\u00edtico y consciente de las opiniones divididas en torno a su fichaje. \u00abS\u00e9 que <strong>muchos me ven como una operaci\u00f3n de marketing, y s\u00ed, en parte lo es<\/strong>. Pero tambi\u00e9n s\u00e9 que el equipo solo me habr\u00eda dejado debutar si viera que ten\u00eda el nivel necesario. Creo que lo he demostrado\u00bb. Finalmente, agradeci\u00f3 el cari\u00f1o recibido y se mostr\u00f3 motivado para seguir creciendo en esta nueva etapa deportiva: \u00ab<strong>Estoy acostumbrado a ser juzgado, a vivir bajo presi\u00f3n\u2026<\/strong> Y eso me empuja a\u00fan m\u00e1s a seguir trabajando y demostrar que puedo estar aqu\u00ed\u00bb.<\/p>\n<p><strong>11 julio<\/strong><\/p>\n<p style=\"text-align: justify;\">La carrera de debut de <strong>Aleix Espargar\u00f3<\/strong> en el ciclismo profesional de carretera ha terminado antes de lo previsto. El ciclista del Lidl-Trek<strong> ha tenido que abandonar<\/strong> en la tercera de las cinco etapas del <a href=\"https:\/\/www.ciclo21.com\/3a-tour-austria-2025-directo\/\" target=\"_blank\" rel=\"noopener nofollow\"><strong>Tour de Austria<\/strong><\/a> tras <strong>sufrir una ca\u00edda el d\u00eda previo<\/strong>. En ella se da\u00f1\u00f3 la mano derecha y, a falta de pruebas m\u00e9dicas, el propio corredor reconoc\u00eda que <strong>podr\u00eda tener una fractura<\/strong>. Este viernes tom\u00f3 la salida, pese a tener <strong>muy hinchada la zona del dedo pulgar<\/strong>, pero tuvo que bajarse de la bici, porque <strong>no pod\u00eda frenar con seguridad<\/strong>. Todo ello en una jornada muy complicada por la lluvia y los descensos bastante t\u00e9cnicos. Espargar\u00f3 hab\u00eda sido 85\u00ba el primer d\u00eda, a 13 minutos del ganador, y 70\u00ba el segundo d\u00eda, a casi minuto y medio del primer clasificado.<\/p>\n<p><strong>28 enero<\/strong><\/p>\n<p style=\"text-align: justify;\"><strong>Aleix Espargar\u00f3<\/strong> competir\u00e1 en la <strong>114 Gravel Race<\/strong>. Las UCI Gravel World Series ser\u00e1 su primera prueba del a\u00f1o. <strong>Este s\u00e1bado estrenar\u00e1 dorsal como ciclista de Lidl Trek <\/strong>tras dejar la competici\u00f3n en el mundial de MotoGP y pasar a ser piloto probador de Honda, Espargar\u00f3 ha emprendido, a la vez, una nueva trayectoria como ciclista entrando a formar parte del Lidl Trek, en uno de los movimientos m\u00e1s sonados en la pretemporada ciclista. Ahora est\u00e1 listo para debutar en la 114 Gravel Race, una prueba que forma parte del calendario de las UCI Gravel World Series.<\/p>\n<p style=\"text-align: justify;\">Seg\u00fan avanza <a href=\"https:\/\/esmtb.com\/aleix-espargaro-debuta-con-lidl-trek-en-gravel-despues-de-tantos-meses-de-entrenamientos-va-bien-saber-donde-estas\/\" target=\"_blank\" rel=\"noopener nofollow\"><strong>ESMTB.com,<\/strong><\/a> ma\u00f1ana se celebra la <strong>114 Gravel Race<\/strong>, una carrera de gravel peculiar que tiene su <strong>salida en Portugal y su llegada en Espa\u00f1a<\/strong>, concretamente en Badajoz. Se trata de una prueba con un recorrido r\u00e1pido de 123 km y solo 864 metros de desnivel positivo. La prueba forma parte de las <strong>UCI Gravel World Series<\/strong>, el grupo de carreras que permite ganarte el pasaporte para competir en el Campeonato del Mundo de la modalidad que, ahora mismo no tiene sede, tras cancelarse su disputa en Niza.<\/p>\n<p style=\"text-align: justify;\">No es ninguna novedad ver a <strong>Aleix Espargar\u00f3<\/strong> competir en gravel, <strong>ya el a\u00f1o pasado, complet\u00f3 The Traka 200<\/strong>. Adem\u00e1s, cuenta con una larga trayectoria de participaciones en pruebas de MTB. A pesar del apretado calendario que ten\u00eda en su etapa como piloto de MotoGP, ha conseguido competir en citas como la Absa Cape Epic, la Andaluc\u00eda Bike Race o Colina Triste.<\/p>\n<p>El catal\u00e1n muestra la ilusi\u00f3n de cualquier ciclista ante el d\u00eda de su debut: <strong>\u00abTengo muchas ganas de debutar, ponerse un dorsal es siempre lo que m\u00e1s me ha gustado, y m\u00e1s despu\u00e9s de tantos meses de entrenamientos, siempre va bien saber d\u00f3nde est\u00e1s\u00bb<\/strong>.<\/p>\n<p><a href=\"https:\/\/www.ciclo21.com\/wp-content\/uploads\/2024\/12\/Lidl-Trek-December-Denia-Espargaro-RB-6-scaled-1600x800-c-center.jpg\" target=\"_blank\" rel=\"noopener nofollow\"><img loading=\"lazy\" decoding=\"async\" aria-describedby=\"caption-attachment-421240\" class=\"wp-image-421240 lazy\" src=\"data:image\/svg+xml,%3Csvg%20xmlns=\" http:=\"\" data-src=\"https:\/\/www.europesays.com\/es\/wp-content\/uploads\/2025\/09\/Lidl-Trek-December-Denia-Espargaro-RB-6-scaled-1600x800-c-center.jpg.webp.webp\" alt=\"\" width=\"800\" height=\"400\" data- data-\/><\/a><\/p>\n<p id=\"caption-attachment-421240\" class=\"wp-caption-text\">\u00a9 Lidl-Trek<\/p>\n<p><strong>2 enero<\/strong><\/p>\n<p style=\"text-align: justify;\">En una entrevista concedida a Bici.pro, <strong>Luca Guercilena<\/strong>, director del equipo Lidl-Trek, ha analizado el medi\u00e1tico <strong>fichaje de Aleix Espargar\u00f3<\/strong> de cara a esta nueva temporada. El italiano tampoco ha despejado las dudas sobre su participaci\u00f3n en competiciones profesionales de carretera: \u00ab<strong>Ya veremos, vayamos paso a paso<\/strong>. Nos expres\u00f3 sus sue\u00f1os y queremos que pueda realizarlos. Es un acuerdo mutuo del que todos podemos beneficiarnos\u00bb. Su debut llegar\u00e1 en otras disciplinas, en pruebas semiprofesionales o amateur: \u00ab<strong>Pensamos en dejarle probar carreras de gravel, ciclismo de monta\u00f1a o gran fondo<\/strong>. Creo que puede hacerlo muy bien en esas carreras. Tiene una gran habilidad para montar en bici, aunque no tiene experiencia rodando en un gran pelot\u00f3n\u00bb.<\/p>\n<p style=\"text-align: justify;\">Su fichaje se gest\u00f3 en Andorra, por medio de Carlos Verona, amigo del propio Espargar\u00f3: \u00ab<strong>A menudo era invitado a nuestros eventos de marketing<\/strong> y luego, en una cena posterior al Tour, mencion\u00f3 su sue\u00f1o de probar la vida como ciclista, para complementar su papel como responsable de imagen de nuestra empresa, porque <strong>puede aportar mucho en t\u00e9rminos de visibilidad<\/strong>\u00ab. El expiloto de MotoGP no es novato sobre la bicicleta, puesto que ya practicaba ciclismo con mucha frecuencia como entrenamientos para sus carreras:\u00a0\u00abLa bicicleta siempre ha sido su herramienta de entrenamiento para su actividad como motociclista. <strong>Me impresion\u00f3 lo mucho que entrena<\/strong>. Es un profesional en todo lo que hace. Con todo lo que ha ganado, todav\u00eda quiere involucrarse. Este es un impacto importante para los j\u00f3venes. Sabemos que es un competidor nato y seguro que <strong>intentar\u00e1 conseguir resultados<\/strong>\u00ab.<\/p>\n<p style=\"text-align: justify;\">En el equipo se muestran muy satisfechos con su llegada y con la actitud que ha mostrado en su primera concentraci\u00f3n del equipo: \u00ab<strong>Es alguien que quiere aprender. No exige ser el centro de atenci\u00f3n<\/strong> y se siente como un estudiante novato entre personas que saben mucho m\u00e1s. Le gustar\u00eda participar y estar a disposici\u00f3n del personal en cualquier rol que sea \u00fatil. Creo que esa actitud es un aspecto muy importante\u00bb. Respecto al resto de corredores del equipo, reconoce que se llevaron una grata sorpresa despu\u00e9s de la sorpresa e incertidumbre inicial: \u00abMuchos lo conoc\u00edan, sab\u00edan qui\u00e9n es, pero <strong>estaban un poco esc\u00e9pticos<\/strong> sobre lo que pod\u00eda hacer. Cuando estuvimos en Andorra, nada m\u00e1s empezar a subirse a la bicicleta <strong>cambiaron de opini\u00f3n<\/strong>\u00ab.<\/p>\n<p><strong>19 diciembre<\/strong><\/p>\n<p style=\"text-align: justify;\">En su primera rueda de prensa como miembro del Lidl-Trek, <strong>Aleix Espargar\u00f3<\/strong> ha detallado <strong>cu\u00e1l ser\u00e1 su rol<\/strong> dentro del equipo y cu\u00e1les son sus expectativas para la temporada 2025. Por un lado, ha explicado que tendr\u00e1 <strong>una labor de tipo \u2018influencer\u2019,<\/strong> mostrando desde dentro c\u00f3mo es el funcionamiento de un equipo profesional durante las competiciones y los entrenamientos. Un trabajo que permitir\u00e1 al equipo estadounidense <strong>acercar el ciclismo a nuevos p\u00fablicos<\/strong>, como ya han hecho documentales como el de Netflix sobre el Tour de Francia.<\/p>\n<p style=\"text-align: justify;\">En relaci\u00f3n a su faceta como deportista, ha explicado que en estos dos o tres primeros meses continuar\u00e1 entrenando para mejorar su forma f\u00edsica y a partir de febrero empezar\u00e1 a plantear su posible calendario de competiciones, que <strong>empezar\u00eda con pruebas de gravel<\/strong>. Espargar\u00f3 ha reconocido que \u00absue\u00f1a\u00bb con disputar algunas pruebas de carretera y que hay \u00abmil maneras\u00bb de poder hacerlo, aunque por el momento <strong>se desconoce qu\u00e9 tipo de licencia tendr\u00e1<\/strong>.<\/p>\n<p style=\"text-align: justify;\">De hecho,<strong> ha descartado la posibilidad de integrarse en el equipo de desarrollo<\/strong> de categor\u00eda UCI Continental, ya que \u00abno quiere quitar una plaza a un corredor joven\u00bb. Con el primer equipo sin licencias libres y descartando esta segunda opci\u00f3n, tan <strong>solo podr\u00eda disputar pruebas amateur no UCI<\/strong>, tales como crit\u00e9rium, en lo que a carretera se refiere. S\u00ed que ha confirmado que <strong>su contrato es de<\/strong> <strong>un a\u00f1o de duraci\u00f3n<\/strong>.<\/p>\n<p style=\"text-align: justify;\">Como corredor <strong>se describe<\/strong> <strong>como un escalador<\/strong>, ya que est\u00e1 acostumbrado a entrenar en las monta\u00f1as de Andorra, aunque se ve lejos del nivel de sus nuevos compa\u00f1eros. Igualmente, reconoce que <strong>ha sido muy bien recibido<\/strong> por ellos en las primeras concentraciones y que la integraci\u00f3n ha sido r\u00e1pida, gracias a <strong>su relaci\u00f3n de amistad con Carlos Verona y Juanpe L\u00f3pez<\/strong>, quienes le han explicado el funcionamiento del equipo en este tipo de jornadas de trabajo.<\/p>\n<blockquote class=\"twitter-tweet\" data-width=\"550\" data-dnt=\"true\">\n<p lang=\"en\" dir=\"ltr\">Lidl-Trek welcomes <a href=\"https:\/\/twitter.com\/AleixEspargaro?ref_src=twsrc%5Etfw\" rel=\"nofollow noopener\" target=\"_blank\">@AleixEspargaro<\/a> to the family \ud83d\uded2\ud83d\udeb4<\/p>\n<p>The three-time MotoGP race winner will serve as a Lidl-Trek ambassador, joining the Team at some of the most prestigious events on the calendar whilst promoting the sport of cycling to a wide audience \ud83e\udd29 <a href=\"https:\/\/t.co\/ousBthogXs\" rel=\"nofollow\">pic.twitter.com\/ousBthogXs<\/a><\/p>\n<p>\u2014 Lidl-Trek (@LidlTrek) <a href=\"https:\/\/twitter.com\/LidlTrek\/status\/1868582659552874970?ref_src=twsrc%5Etfw\" rel=\"nofollow noopener\" target=\"_blank\">December 16, 2024<\/a><\/p>\n<\/blockquote>\n<p><strong>16 diciembre<\/strong><\/p>\n<p style=\"text-align: justify;\"><strong>Aleix Espargar\u00f3, de 35 a\u00f1os, se unir\u00e1 al Lidl<\/strong> a partir del 1 de enero de 2025 como <strong>\u00abembajador\u00bb y no como ciclista profesional<\/strong>. Despu\u00e9s de dos d\u00e9cadas compitiendo en el motociclismo, Espargar\u00f3 ha decidido dedicar su tiempo a su otra pasi\u00f3n de siempre: el ciclismo. <strong>El tres veces ganador de carreras de MotoGP<\/strong> <strong>ser\u00e1 embajador<\/strong> de Lidl-Trek y se unir\u00e1 al equipo en algunos de los eventos del calendario mientras promueve el deporte del ciclismo a una amplia audiencia.<\/p>\n<p style=\"text-align: justify;\">Este estatus le aleja de la opci\u00f3n de competir como elite UCI en el equipo continental de desarrollo -el conjunto WT est\u00e1 cerrado con 3o corredores- que no ha confirmado ni asegurado el grupo de <strong>Luca Guercilena<\/strong>. Una situaci\u00f3n ambigua que deber\u00e1 aclarar el jueves en una rueda de prensa virtual para conocer cu\u00e1l ser\u00e1 su licencia 2025. En sus redes sociales, el deportista afincado en Andorra -como sus nuevos colegas <strong>Carlos Verona y Juanpe L\u00f3pez<\/strong>\u2013 afirm\u00f3 que <strong>\u00abvoy a competir en BTT y gravel y alguna de carretera\u00bb<\/strong> sin especificar ninguna lo que podr\u00eda significar su presencia en marchas ciclodeportivas.<\/p>\n<p style=\"text-align: justify;\">\u201cEstoy encantado de unirme a la familia Lidl-Trek, que alberga a algunos de los mejores ciclistas del mundo\u201d, afirm\u00f3 Espargar\u00f3. \u201cEstoy entusiasmado por aprender de algunos de los mejores ciclistas y personal del deporte, superar mis l\u00edmites y compartir este viaje especial con los aficionados\u201d.<\/p>\n<p><a href=\"https:\/\/www.ciclo21.com\/wp-content\/uploads\/2024\/12\/Lidl-Trek-December-Denia-Espargaro-RB-8-scaled-1600x0-c-default.jpg\" target=\"_blank\" rel=\"noopener nofollow\"><img loading=\"lazy\" decoding=\"async\" aria-describedby=\"caption-attachment-421241\" class=\"wp-image-421241 lazy\" src=\"data:image\/svg+xml,%3Csvg%20xmlns=\" http:=\"\" data-src=\"https:\/\/www.europesays.com\/es\/wp-content\/uploads\/2025\/09\/Lidl-Trek-December-Denia-Espargaro-RB-8-scaled-1600x0-c-default.jpg.webp.webp\" alt=\"\" width=\"749\" height=\"500\" data- data-\/><\/a><\/p>\n<p id=\"caption-attachment-421241\" class=\"wp-caption-text\">\u00a9 Lidl-Trek<\/p>\n<p style=\"text-align: justify;\">Espargar\u00f3 lleva muchos a\u00f1os practicando ciclismo de alto nivel, <strong>entrenando junto a ciclistas profesionales en su pa\u00eds de residencia, Andorra<\/strong>. Est\u00e1 entusiasmado por desarrollar su potencial f\u00edsico con todos los recursos del equipo de rendimiento de Lidl. \u201cDespu\u00e9s de que una lesi\u00f3n en la espalda me obligara a dejar de correr, <strong>recurr\u00ed al ciclismo para recuperarme y entrenar<\/strong>. Con el tiempo, se convirti\u00f3 en algo m\u00e1s que una preparaci\u00f3n:<strong> se convirti\u00f3 en mi pasi\u00f3n<\/strong>. Al vivir en Andorra, hice amistad con muchos ciclistas profesionales, lo que me inspir\u00f3 a entrenar a un nivel superior\u201d.<\/p>\n<p style=\"text-align: justify;\">Espargar\u00f3 es un gran aficionado al ciclismo. Trabajar con Lidl le da la oportunidad de <strong>explorar su potencial en un entorno nuevo<\/strong>. A cambio, ser\u00e1 un recurso valioso para Lidl-Trek, <strong>compartiendo su experiencia como deportista de \u00e9lite<\/strong> en un deporte exigente con los j\u00f3venes ciclistas del equipo. Los aficionados podr\u00e1n acompa\u00f1ar a Aleix en su viaje mientras comparte su singular experiencia con el mundo.<\/p>\n<p style=\"text-align: justify;\">\u201cEl ciclismo ha sido mi pasi\u00f3n durante a\u00f1os y decid\u00ed<strong> dejar MotoGP antes de lo previsto<\/strong> para unirme a un programa que se adapta tan bien a mi pasi\u00f3n. Estoy profundamente agradecido a Lidl-Trek por darme la bienvenida a su familia y apoyarme. Dar\u00e9 todo lo que tengo\u201d.<\/p>\n<p style=\"text-align: justify;\">\u201cTrabajar con Aleix ser\u00e1 incre\u00edblemente gratificante para nosotros, y especialmente para nuestros j\u00f3venes ciclistas\u201d, afirm\u00f3 el director general de Lidl-Trek, Luca Guercilena. \u201cSabemos que es un ciclista fuerte y apasionado, pero tambi\u00e9n aporta diferentes experiencias y perspectivas al equipo. Puede ayudar a nuestros corredores m\u00e1s j\u00f3venes<strong> a comprender y manejar las presiones que conlleva la competici\u00f3n de alto nivel<\/strong>\u201d.<\/p>\n<p><script async src=\"https:\/\/platform.twitter.com\/widgets.js\" charset=\"utf-8\"><\/script><\/p>\n","protected":false},"excerpt":{"rendered":"\u00a0 \u00a0 Espargar\u00f3 durante el Tour de Austria (c) Lidl Redacci\u00f3n\u00a0\/\u00a0Ciclo 21 10 septiembre Aleix Espargar\u00f3 (Granollers, 36&hellip;\n","protected":false},"author":2,"featured_media":105716,"comment_status":"","ping_status":"","sticky":false,"template":"","format":"standard","meta":{"footnotes":""},"categories":[273],"tags":[14724,313,312,168,25,24,14293,36694,11482,23,167],"class_list":{"0":"post-105715","1":"post","2":"type-post","3":"status-publish","4":"format-standard","5":"has-post-thumbnail","7":"category-ciclismo","8":"tag-aleix-espargaro","9":"tag-ciclismo","10":"tag-cycling","11":"tag-deportes","12":"tag-es","13":"tag-espana","14":"tag-espargaro","15":"tag-espargaro-lidl","16":"tag-lidl-trek","17":"tag-spain","18":"tag-sports"},"share_on_mastodon":{"url":"","error":""},"_links":{"self":[{"href":"https:\/\/www.europesays.com\/es\/wp-json\/wp\/v2\/posts\/105715","targetHints":{"allow":["GET"]}}],"collection":[{"href":"https:\/\/www.europesays.com\/es\/wp-json\/wp\/v2\/posts"}],"about":[{"href":"https:\/\/www.europesays.com\/es\/wp-json\/wp\/v2\/types\/post"}],"author":[{"embeddable":true,"href":"https:\/\/www.europesays.com\/es\/wp-json\/wp\/v2\/users\/2"}],"replies":[{"embeddable":true,"href":"https:\/\/www.europesays.com\/es\/wp-json\/wp\/v2\/comments?post=105715"}],"version-history":[{"count":0,"href":"https:\/\/www.europesays.com\/es\/wp-json\/wp\/v2\/posts\/105715\/revisions"}],"wp:featuredmedia":[{"embeddable":true,"href":"https:\/\/www.europesays.com\/es\/wp-json\/wp\/v2\/media\/105716"}],"wp:attachment":[{"href":"https:\/\/www.europesays.com\/es\/wp-json\/wp\/v2\/media?parent=105715"}],"wp:term":[{"taxonomy":"category","embeddable":true,"href":"https:\/\/www.europesays.com\/es\/wp-json\/wp\/v2\/categories?post=105715"},{"taxonomy":"post_tag","embeddable":true,"href":"https:\/\/www.europesays.com\/es\/wp-json\/wp\/v2\/tags?post=105715"}],"curies":[{"name":"wp","href":"https:\/\/api.w.org\/{rel}","templated":true}]}}