{"id":105719,"date":"2025-09-10T14:48:14","date_gmt":"2025-09-10T14:48:14","guid":{"rendered":"https:\/\/www.europesays.com\/es\/105719\/"},"modified":"2025-09-10T14:48:14","modified_gmt":"2025-09-10T14:48:14","slug":"presentacion-de-rodions-kurucs-baskonia","status":"publish","type":"post","link":"https:\/\/www.europesays.com\/es\/105719\/","title":{"rendered":"presentaci\u00f3n de Rodions Kurucs | Baskonia"},"content":{"rendered":"<p>\n        Uno de los nuevos fichajes del <a href=\"https:\/\/www.noticiasdealava.eus\/baskonia\/\" title=\"Baskonia\" class=\"link copy\" rel=\"nofollow noopener\" target=\"_blank\">Baskonia<\/a>, Rodions Kurucs, se mostr\u00f3 en su presentaci\u00f3n como azulgrana \u00abmuy contento\u00bb de estar en Vitoria-Gasteiz y <strong>con ganas de poder ayudar al club lo antes posible, aunque a\u00fan deber\u00e1 esperar por la lesi\u00f3n en la fascia plantar de la que fue operado<\/strong> recientemente.\n<\/p>\n<p class=\"article-body__text \">\n        \u00abVamos d\u00eda a d\u00eda. Estoy trabajando mucho con \u00d3scar, el preparador f\u00edsico, en piscina y ya empiezo a correr.<strong> El doctor dice que vamos muy bien, dentro del plan que establecimos despu\u00e9s de la operaci\u00f3n. No puedo afirmar cu\u00e1ndo voy a estar de regreso<\/strong> en la pista, pero estamos trabajando mucho y duro\u00bb, explic\u00f3 el alero let\u00f3n.\n<\/p>\n<p>            <a href=\"https:\/\/www.noticiasdealava.eus\/baskonia\/2025\/09\/10\/atenas-albergara-proxima-final-four-10066706.html\" title=\"Atenas albergar\u00e1 la pr\u00f3xima &#039;Final Four&#039;\" class=\"new__media\" rel=\"nofollow noopener\" target=\"_blank\"><\/p>\n<p>                <img alt=\"Atenas albergar\u00e1 la pr\u00f3xima 'Final Four'\" data-src=\"https:\/\/www.europesays.com\/es\/wp-content\/uploads\/2025\/09\/4414ccd2-779b-47a6-9b50-0afde2f20034_16-9-aspect-ratio_default_0_x4273y2452.jpg\" class=\"lozad\"\/><\/p>\n<p>        <\/a><\/p>\n<p>        <a href=\"https:\/\/www.noticiasdealava.eus\/baskonia\/2025\/09\/10\/atenas-albergara-proxima-final-four-10066706.html\" title=\"Atenas albergar\u00e1 la pr\u00f3xima &#039;Final Four&#039;\" class=\"new__headline\" rel=\"nofollow noopener\" target=\"_blank\"><br \/>\n            Atenas albergar\u00e1 la pr\u00f3xima &#8216;Final Four&#8217;<br \/>\n        <\/a><\/p>\n<p class=\"article-body__text \">\n        Kurucs reconoci\u00f3 que no est\u00e1 siendo un proceso f\u00e1cil para \u00e9l, ya que en su primer a\u00f1o en el Baskonia a\u00fan no ha podido trabajar con el resto de sus compa\u00f1eros. \u00ab<strong>Se hace dif\u00edcil. No he parado de jugar a baloncesto en estos a\u00f1os y es muy duro ver a los compa\u00f1eros jugando y no poder coger ese ritmo<\/strong> que ellos est\u00e1n cogiendo y que me va a hacer falta\u00bb, lament\u00f3.\n<\/p>\n<p class=\"article-body__text \">\n        En cualquier caso,<strong> cree estar preparado para hacer frente a su primera temporada como jugador de Euroliga<\/strong> de pleno derecho, ya que \u00abla etapa en el Barcelona no cuenta\u00bb.\n<\/p>\n<p>            <a href=\"https:\/\/www.noticiasdealava.eus\/baskonia\/2025\/09\/10\/europeo-queda-baskonistas-baskonia-sedekerskis-tadas-sedekerskis-ilusion-baskonismo-10066063.html\" title=\"El Europeo se queda sin baskonistas\" class=\"new__media\" rel=\"nofollow noopener\" target=\"_blank\"><\/p>\n<p>                <img alt=\"El Europeo se queda sin baskonistas\" data-src=\"https:\/\/www.europesays.com\/es\/wp-content\/uploads\/2025\/09\/4575bf33-d0be-46e3-8a3c-975812a60a90_16-9-aspect-ratio_default_0.jpg\" class=\"lozad\"\/><\/p>\n<p>        <\/a><\/p>\n<p>        <a href=\"https:\/\/www.noticiasdealava.eus\/baskonia\/2025\/09\/10\/europeo-queda-baskonistas-baskonia-sedekerskis-tadas-sedekerskis-ilusion-baskonismo-10066063.html\" title=\"El Europeo se queda sin baskonistas\" class=\"new__headline\" rel=\"nofollow noopener\" target=\"_blank\"><br \/>\n            El Europeo se queda sin baskonistas<br \/>\n        <\/a><\/p>\n<p class=\"article-body__text \">\n        \u00abNunca he jugado antes en la Euroliga, pero creo que estoy maduro como jugador. Tendr\u00e9 m\u00e1s partidos, y un calendario diferente, pero ya he jugado en la NBA y ah\u00ed tambi\u00e9n compet\u00edamos casi cada dos d\u00edas. <strong>Estoy preparado, siempre he tenido un nivel f\u00edsico alto y no voy a tener ning\u00fan problema<\/strong>\u00ab, asegur\u00f3.\n<\/p>\n<p class=\"article-body__text \">\n        En su opini\u00f3n, el mayor cambio ser\u00e1 adaptarse al ambiente de los grandes pabellones europeos. \u00ab<strong>La atm\u00f3sfera de los partidos y la grada ser\u00e1 diferente y tendr\u00e9 que aprender a gestionarlo<\/strong>, pero en lo dem\u00e1s no va a haber mucho cambio\u00bb, dijo Kurucs.\n<\/p>\n<p class=\"article-photo__footer\">\n            El exterior let\u00f3n Rodions Kurucs ha sido presentado como nuevo jugador de Baskonia para las pr\u00f3ximas tres temporadas            ADRIAN RUIZ HIERRO        <\/p>\n<p>  Decisi\u00f3n f\u00e1cil<\/p>\n<p class=\"article-body__text \">\n        Kurucs, tras sus buenas campa\u00f1as en el UCAM Murcia y con un buen curr\u00edculum, era uno de los cupos de formaci\u00f3n m\u00e1s atractivos de la ACB, pero<strong> no dud\u00f3 en aceptar la oferta de la entidad de Zurbano<\/strong> antes de esperar a otros clubes.\n<\/p>\n<p class=\"article-body__text \">\n        \u00abTen\u00eda mucho inter\u00e9s de otros equipos, pero <strong>el Baskonia fue el primero que me puso una oferta en la mesa y mi agente y yo pensamos que era el momento ideal<\/strong> y un buen club con el que entrar en la Euroliga\u00bb, asegur\u00f3.\n<\/p>\n<p class=\"article-body__text \">\n        Algo tuvo que ver en su decisi\u00f3n <strong>el consejo de su hermano, el canterano azulgrana Arturs Kurucs<\/strong>: \u00abMe explic\u00f3 que es un equipo con mucha ambici\u00f3n y con muchas ganas de ganar. Tambi\u00e9n <strong>me dijo que hay mucha presi\u00f3n de los aficionados para ganar, pero eso me gusta, soy un jugador al que le encanta ganar<\/strong>. Vengo para ayudar a mejorar los resultados de la pasada temporada, clasificarnos para la Copa del Rey y pelear por t\u00edtulos\u00bb.\n<\/p>\n<p class=\"article-body__text \">\n        Adem\u00e1s, apunt\u00f3 que el hecho de que la pareja de su hermano sea de Vitoria le ha ayudado a adaptarse y a conocer la ciudad.<strong> \u00abArturs me ha dicho que le encanta verme con la camiseta del Baskonia\u00bb<\/strong>, a\u00f1adi\u00f3.\n<\/p>\n<p>            <a href=\"https:\/\/www.noticiasdealava.eus\/baskonia\/2025\/08\/26\/rodions-kurucs-operado-exito-madrid-10013901.html\" title=\"Rodions Kurucs, operado con \u00e9xito en Madrid\" class=\"new__media\" rel=\"nofollow noopener\" target=\"_blank\"><\/p>\n<p>                <img alt=\"Rodions Kurucs, operado con \u00e9xito en Madrid\" data-src=\"https:\/\/www.europesays.com\/es\/wp-content\/uploads\/2025\/08\/c81bc179-59bf-493e-988d-b21f8bcd8cd8_16-9-aspect-ratio_default_0_x665y416.jpg\" class=\"lozad\"\/><\/p>\n<p>        <\/a><\/p>\n<p>        <a href=\"https:\/\/www.noticiasdealava.eus\/baskonia\/2025\/08\/26\/rodions-kurucs-operado-exito-madrid-10013901.html\" title=\"Rodions Kurucs, operado con \u00e9xito en Madrid\" class=\"new__headline\" rel=\"nofollow noopener\" target=\"_blank\"><br \/>\n            Rodions Kurucs, operado con \u00e9xito en Madrid<br \/>\n        <\/a><\/p>\n<p class=\"article-photo__footer\">\n            El exterior let\u00f3n Rodions Kurucs ha sido presentado como nuevo jugador de Baskonia para las pr\u00f3ximas tres temporadas            ADRIAN RUIZ HIERRO        <\/p>\n<p class=\"article-body__text \">\n        En cuanto a su encaje en el esquema de Paolo Galbiati, apunt\u00f3 que \u00abcon \u00e9l las posiciones se difuminan, ya que el equipo va a tener que correr mucho\u00bb, pero s\u00ed que<strong> piensa que jugar\u00e1 m\u00e1s en el puesto de alero que en el de ala-p\u00edvot<\/strong>, donde tambi\u00e9n puede ejercer.\n<\/p>\n<p class=\"article-body__text \">\n        En ese sentido, <strong>no piensa que vaya a tener problemas para complementarse sobre el parqu\u00e9 con Tadas Sedekerskis<\/strong>. \u00abCreo que lo podemos hacer bien juntos y defender a jugadores desde el puesto de dos hasta el cinco\u00bb, dijo.\n<\/p>\n<p>  Pol\u00e9mica por su fichaje<\/p>\n<p class=\"article-body__text \">\n        Por \u00faltimo, al ser preguntado por las <strong>discrepancias que se generaron por su fichaje a causa de la agresi\u00f3n a su novia en 2019<\/strong> mientras militaba en los Brooklyn Nets, de la que posteriormente se declar\u00f3 culpable, prefiri\u00f3 no profundizar en el asunto.\n<\/p>\n<p class=\"article-body__text \">\n        \u00ab<strong>No quiero responder a preguntas sobre mi vida personal aqu\u00ed<\/strong>. Si quieres podemos tomarnos un caf\u00e9 un d\u00eda y te lo explico, no tengo problema con ello. Eso es pasado, pero lo que s\u00ed puedo decir es que he madurado mucho despu\u00e9s de esa situaci\u00f3n, <strong>he crecido mucho como persona y aqu\u00ed vengo a ayudar al club en lo deportivo<\/strong>\u00ab, sentenci\u00f3.<\/p>\n","protected":false},"excerpt":{"rendered":"Uno de los nuevos fichajes del Baskonia, Rodions Kurucs, se mostr\u00f3 en su presentaci\u00f3n como azulgrana \u00abmuy contento\u00bb&hellip;\n","protected":false},"author":2,"featured_media":105720,"comment_status":"","ping_status":"","sticky":false,"template":"","format":"standard","meta":{"footnotes":""},"categories":[269],"tags":[299,298,4714,168,25,24,9264,25866,36695,25865,23,167,2606],"class_list":{"0":"post-105719","1":"post","2":"type-post","3":"status-publish","4":"format-standard","5":"has-post-thumbnail","7":"category-baloncesto","8":"tag-baloncesto","9":"tag-basketball","10":"tag-baskonia","11":"tag-deportes","12":"tag-es","13":"tag-espana","14":"tag-hablar","15":"tag-kurucs","16":"tag-privada","17":"tag-rodions","18":"tag-spain","19":"tag-sports","20":"tag-vida"},"share_on_mastodon":{"url":"","error":""},"_links":{"self":[{"href":"https:\/\/www.europesays.com\/es\/wp-json\/wp\/v2\/posts\/105719","targetHints":{"allow":["GET"]}}],"collection":[{"href":"https:\/\/www.europesays.com\/es\/wp-json\/wp\/v2\/posts"}],"about":[{"href":"https:\/\/www.europesays.com\/es\/wp-json\/wp\/v2\/types\/post"}],"author":[{"embeddable":true,"href":"https:\/\/www.europesays.com\/es\/wp-json\/wp\/v2\/users\/2"}],"replies":[{"embeddable":true,"href":"https:\/\/www.europesays.com\/es\/wp-json\/wp\/v2\/comments?post=105719"}],"version-history":[{"count":0,"href":"https:\/\/www.europesays.com\/es\/wp-json\/wp\/v2\/posts\/105719\/revisions"}],"wp:featuredmedia":[{"embeddable":true,"href":"https:\/\/www.europesays.com\/es\/wp-json\/wp\/v2\/media\/105720"}],"wp:attachment":[{"href":"https:\/\/www.europesays.com\/es\/wp-json\/wp\/v2\/media?parent=105719"}],"wp:term":[{"taxonomy":"category","embeddable":true,"href":"https:\/\/www.europesays.com\/es\/wp-json\/wp\/v2\/categories?post=105719"},{"taxonomy":"post_tag","embeddable":true,"href":"https:\/\/www.europesays.com\/es\/wp-json\/wp\/v2\/tags?post=105719"}],"curies":[{"name":"wp","href":"https:\/\/api.w.org\/{rel}","templated":true}]}}