{"id":105725,"date":"2025-09-10T14:51:05","date_gmt":"2025-09-10T14:51:05","guid":{"rendered":"https:\/\/www.europesays.com\/es\/105725\/"},"modified":"2025-09-10T14:51:05","modified_gmt":"2025-09-10T14:51:05","slug":"la-mitica-leica-cumple-un-siglo-la-muestra-fotografica-que-no-te-puedes-perder-expansion","status":"publish","type":"post","link":"https:\/\/www.europesays.com\/es\/105725\/","title":{"rendered":"La m\u00edtica Leica cumple un siglo: la muestra fotogr\u00e1fica que no te puedes perder &#8211; Expansi\u00f3n"},"content":{"rendered":"<ol>\n<li><a href=\"https:\/\/news.google.com\/rss\/articles\/CBMikAFBVV95cUxNd3RmVGp4UENPc2p2dGNIRmZQQV9jbDBxTkhxeG80Q3JaUTlJcElhaFFVT1FPNENJT1VTV05pRlNwelBMVWtSckNIN0l5MGpBSy1LMnRQeWhEVDJCSG84MmRrenAyVWVFc3V1SHp6Y1hnMWlMSGF4amN6YzBfRTVRWWFwUHUzMjBickk3aGRRSUo?oc=5\" target=\"_blank\" rel=\"nofollow noopener\">La m\u00edtica Leica cumple un siglo: la muestra fotogr\u00e1fica que no te puedes perder<\/a>&nbsp;&nbsp;Expansi\u00f3n<\/li>\n<li><a href=\"https:\/\/news.google.com\/rss\/articles\/CBMilAFBVV95cUxQWXdJNURUUGdGSm1LVmhMaFZiOGgtNm1temtWeTVlOG1QY2hOYjRZaVhGVzVOMFpQUXRtNHlKdnA2dzRwTkZFV1hZVW9rdmxNTXY2SHhiNjl5TDhXUDlZdnlmYVJ0RWtLRXpBeEc0V01RbkxIMFB4Vkl6RExVZGFWSGd5cWRVNlExU0Q0U1V3QmYwTV9r?oc=5\" target=\"_blank\" rel=\"nofollow noopener\">Cien a\u00f1os de Leica, la c\u00e1mara que cambi\u00f3 el mundo<\/a>&nbsp;&nbsp;ABC<\/li>\n<li><a href=\"https:\/\/news.google.com\/rss\/articles\/CBMihgJBVV95cUxOYnltUUF6amg1ZE1kbG9OZ1l5RDNYNFhDQktGZTFpWlM3ZFNkRkQyTFZZQW90MktxNHlzTWpCWmFRVjlsdU94dDZjMGlZVThqaGU3Um1vQTQ1bW5jenlQWGc4Z1ZFdzlwam5VXzM3ZGZ5NU1YdjZlNmhhLUJxWVM5R01qbURCSW9ONUNTZnFQVEFzTnQ3d3AyRlFFdTlITTdFNnExWG96bnU3Sm9FWVRFMnVrTlZjbl8wVEg0S29oVUJNUVV0dEh4TzhuYjY2NGFGdDFYTEo2RmN4MUE4bjNqWVN5eUpseDBhUXpNM1FpSEpuWThRdlJfNU00RXAxc3h2ZWltMjBn?oc=5\" target=\"_blank\" rel=\"nofollow noopener\">Leica celebra su centenario con la exposici\u00f3n &#8216;Leica. Un siglo de fotograf\u00eda&#8217; en el teatro Fern\u00e1n G\u00f3mez. Centro Cultural de la Villa<\/a>&nbsp;&nbsp;Diario del Ayuntamiento de Madrid<\/li>\n<li><a href=\"https:\/\/news.google.com\/rss\/articles\/CBMigwFBVV95cUxPdlM3UTZtcjNWc3JuQmVGWVlreFZiVTBydUh1RHFBc0xTV3lEOGVRWlkwcGdQSEYxY1lsc25PRVBVNXZaNFBndFhIUGdWd1dsVTY3MFY4ay1fM0huNUVYLXFpSGVvWjRLc1dJSm1EVUlyS1QxVTlaUHJoaFVXTV9Cd1NNVdIBgwFBVV95cUxQLWZWOXFHZzJNZnRkWmRfYVRRMFFaREFRZ0wyeTA0VU5KV1VLTk1Wcm1OWGliNE9nTGVQSXMxUkRQWGNwTVZjWE5URG5MSi1sMUZHdzdKVGxsdFlFbEMzREF1cXR6RUpiNlFoNkpNNE5ONk1uYndmM0UxRmZQd1pUQjVlMA?oc=5\" target=\"_blank\" rel=\"nofollow noopener\">Cien a\u00f1os de Leica, retratados por su CEO en Espa\u00f1a<\/a>&nbsp;&nbsp;Expansi\u00f3n<\/li>\n<li><a href=\"https:\/\/news.google.com\/rss\/articles\/CBMiuAFBVV95cUxNMjJ1UnVWYlU0Vjg1NFNRVlFOYUNuYk5RdzZ2eTVhYjVXc0JDODhKczJiN3hKMVhrek9RQlloelh6ZzEwbmdScWtaVUhwZ25FLUM5bXBWTnh6WjJPZ1d3aWNfRUtWcjdEVndWaTd2dHJuQkZhUkRWU3JoQU5PS3M1OGxXOF9qZW9wN2hnMzNBOGFjTlJhLXBuZ3RpTHFsY01NcEpFSUFXOWEwTkxscHgyak81QXBIV1Vs?oc=5\" target=\"_blank\" rel=\"nofollow noopener\">Leica, la c\u00e1mara que naci\u00f3 en 1914 para poder pasear por la ciudad y cambi\u00f3 la historia de la fotograf\u00eda<\/a>&nbsp;&nbsp;elDiario.es<\/li>\n<\/ol>\n","protected":false},"excerpt":{"rendered":"La m\u00edtica Leica cumple un siglo: la muestra fotogr\u00e1fica que no te puedes perder&nbsp;&nbsp;Expansi\u00f3n Cien a\u00f1os de Leica,&hellip;\n","protected":false},"author":2,"featured_media":105726,"comment_status":"","ping_status":"","sticky":false,"template":"","format":"standard","meta":{"footnotes":""},"categories":[173],"tags":[229,233,231,230,232,234,146,147,25,24,11169,23],"class_list":{"0":"post-105725","1":"post","2":"type-post","3":"status-publish","4":"format-standard","5":"has-post-thumbnail","7":"category-arte-y-diseno","8":"tag-arte","9":"tag-arte-y-diseno","10":"tag-arts","11":"tag-arts-and-design","12":"tag-design","13":"tag-diseno","14":"tag-entertainment","15":"tag-entretenimiento","16":"tag-es","17":"tag-espana","18":"tag-fueradeserie-cultura","19":"tag-spain"},"share_on_mastodon":{"url":"","error":""},"_links":{"self":[{"href":"https:\/\/www.europesays.com\/es\/wp-json\/wp\/v2\/posts\/105725","targetHints":{"allow":["GET"]}}],"collection":[{"href":"https:\/\/www.europesays.com\/es\/wp-json\/wp\/v2\/posts"}],"about":[{"href":"https:\/\/www.europesays.com\/es\/wp-json\/wp\/v2\/types\/post"}],"author":[{"embeddable":true,"href":"https:\/\/www.europesays.com\/es\/wp-json\/wp\/v2\/users\/2"}],"replies":[{"embeddable":true,"href":"https:\/\/www.europesays.com\/es\/wp-json\/wp\/v2\/comments?post=105725"}],"version-history":[{"count":0,"href":"https:\/\/www.europesays.com\/es\/wp-json\/wp\/v2\/posts\/105725\/revisions"}],"wp:featuredmedia":[{"embeddable":true,"href":"https:\/\/www.europesays.com\/es\/wp-json\/wp\/v2\/media\/105726"}],"wp:attachment":[{"href":"https:\/\/www.europesays.com\/es\/wp-json\/wp\/v2\/media?parent=105725"}],"wp:term":[{"taxonomy":"category","embeddable":true,"href":"https:\/\/www.europesays.com\/es\/wp-json\/wp\/v2\/categories?post=105725"},{"taxonomy":"post_tag","embeddable":true,"href":"https:\/\/www.europesays.com\/es\/wp-json\/wp\/v2\/tags?post=105725"}],"curies":[{"name":"wp","href":"https:\/\/api.w.org\/{rel}","templated":true}]}}