{"id":105735,"date":"2025-09-10T14:57:20","date_gmt":"2025-09-10T14:57:20","guid":{"rendered":"https:\/\/www.europesays.com\/es\/105735\/"},"modified":"2025-09-10T14:57:20","modified_gmt":"2025-09-10T14:57:20","slug":"america-latina-sufre-la-mayor-epidemia-de-dengue-de-las-ultimas-cuatro-decadas","status":"publish","type":"post","link":"https:\/\/www.europesays.com\/es\/105735\/","title":{"rendered":"Am\u00e9rica Latina sufre la mayor epidemia de dengue de las \u00faltimas cuatro d\u00e9cadas"},"content":{"rendered":"<p class=\"mostrar-fragmento\">Am\u00e9rica Latina y Caribe registraron el a\u00f1o pasado la mayor cifra de fallecimientos causados por el dengue desde los a\u00f1os ochenta. En 2024, la Organizaci\u00f3n Panamericana de la Salud (OPS) registr\u00f3 m\u00e1s de 12,6 millones de casos de infecci\u00f3n por dengue documentados, que generaron la muerte de m\u00e1s de 8.000 personas. Seg\u00fan datos de la &#8230;            &#13;\n        <\/p>\n<p class=\"MsoNormal\">Am\u00e9rica&#13;<br \/>\nLatina y Caribe registraron el a\u00f1o pasado la mayor cifra de fallecimientos&#13;<br \/>\ncausados por el dengue desde los a\u00f1os ochenta. En 2024, la Organizaci\u00f3n Panamericana&#13;<br \/>\nde la Salud (OPS) registr\u00f3 m\u00e1s de 12,6 millones de casos de infecci\u00f3n por&#13;<br \/>\ndengue documentados, que generaron la muerte de m\u00e1s de 8.000 personas. Seg\u00fan&#13;<br \/>\ndatos de la OPS, Argentina, Brasil, Colombia y M\u00e9xico concentran el 90% de los&#13;<br \/>\ncasos y el 88% de las muertes, con una alta afecci\u00f3n sobre todo en ni\u00f1os y&#13;<br \/>\nadolescentes menores de 15 a\u00f1os. <\/p>\n<p class=\"MsoNormal\"><strong>El&#13;<br \/>\ncambio clim\u00e1tico complica la lucha contra el dengue <\/strong><\/p>\n<p class=\"MsoNormal\">Las cifras&#13;<br \/>\nde mortalidad del dengue de 2024 confirman la tendencia al alza registrada en desde&#13;<br \/>\nhace m\u00e1s de una d\u00e9cada y aleja cada vez m\u00e1s el horizonte de erradicar esta&#13;<br \/>\ninfecci\u00f3n en Am\u00e9rica Latina y el Caribe. <\/p>\n<p class=\"MsoNormal\">Seg\u00fan&#13;<br \/>\nla OPS, el aumento del dengue tiene una relaci\u00f3n directo con el cambio clim\u00e1tico.&#13;<br \/>\nSeg\u00fan el director del organismo, Jarbas Barbosa, el calentamiento global favorece&#13;<br \/>\nla proliferaci\u00f3n de mosquitos y la transmisi\u00f3n del virus. Por otro lado,&#13;<br \/>\nBarbosa tambi\u00e9n identific\u00f3 la urbanizaci\u00f3n no planificada y le manejo deficiente&#13;<br \/>\nde los residuos en Am\u00e9rica Latina como un factor que propicia la acumulaci\u00f3n de&#13;<br \/>\nagua por parte de las personas y la generaci\u00f3n de criaderos del vector. <\/p>\n<p class=\"MsoNormal\"><strong>La&#13;<br \/>\nvacunaci\u00f3n, principal arma contra el dengue <\/strong><\/p>\n<p class=\"MsoNormal\">El auge&#13;<br \/>\nde la incidencia del dengue se produce en el mismo momento en el que, por&#13;<br \/>\nprimera vez, se cuenta con vacunas disponibles comercialmente. S i bien Brasil,&#13;<br \/>\nArgentina y Per\u00fa ya ha introducido las vacunas contra el dengue (y Honduras lo&#13;<br \/>\nhar\u00e1 este a\u00f1o), la OPS alerta que la vacuna no detendr\u00e1 la propagaci\u00f3n del&#13;<br \/>\nvirus a corto y medio plazo. \u00abEl tratamiento no proporciona un alivio inmediato&#13;<br \/>\ndurante un brote\u00bb, asegura Barbosa. Por ese motivo, la OPS pide a las&#13;<br \/>\nautoridades de salud de la regi\u00f3n que implementen medidas de prevenci\u00f3n de la&#13;<br \/>\nenfermedad y que se fomente la cooperaci\u00f3n entre pa\u00edses para luchar contra los&#13;<br \/>\nestragos generados por el dengue.<\/p>\n<p class=\"MsoNormal\"><img decoding=\"async\" src=\"https:\/\/www.europesays.com\/es\/wp-content\/uploads\/2025\/09\/immedicohospitalario_america_latina_sufre__52728_10135335.png\"\/><\/p>\n<p><\/p>\n<p>&#13;<br \/>\n            SEGUIR LEYENDO&#13;\n        <\/p>\n","protected":false},"excerpt":{"rendered":"Am\u00e9rica Latina y Caribe registraron el a\u00f1o pasado la mayor cifra de fallecimientos causados por el dengue desde&hellip;\n","protected":false},"author":2,"featured_media":105736,"comment_status":"","ping_status":"","sticky":false,"template":"","format":"standard","meta":{"footnotes":""},"categories":[92],"tags":[889,1611,988,30234,36699,36701,6482,687,954,16112,2216,21303,25,24,4351,36702,36700,1080,165,5053,979,31,4920,689,2799,5101,3477,166,23,11463,1577,4067,4421,3106,3352],"class_list":{"0":"post-105735","1":"post","2":"type-post","3":"status-publish","4":"format-standard","5":"has-post-thumbnail","7":"category-salud","8":"tag-america","9":"tag-ano","10":"tag-anos","11":"tag-caribe","12":"tag-causo","13":"tag-cera","14":"tag-cifra","15":"tag-cifras","16":"tag-cuatro","17":"tag-decadas","18":"tag-dengue","19":"tag-epidemia","20":"tag-es","21":"tag-espana","22":"tag-espera","23":"tag-fallecimientos","24":"tag-generado","25":"tag-ha","26":"tag-health","27":"tag-latina","28":"tag-llegue","29":"tag-mayor","30":"tag-muerte","31":"tag-no","32":"tag-ocho","33":"tag-pasado","34":"tag-personas","35":"tag-salud","36":"tag-spain","37":"tag-sufre","38":"tag-superior","39":"tag-ultimas","40":"tag-ultimos","41":"tag-veces","42":"tag-ya"},"share_on_mastodon":{"url":"","error":""},"_links":{"self":[{"href":"https:\/\/www.europesays.com\/es\/wp-json\/wp\/v2\/posts\/105735","targetHints":{"allow":["GET"]}}],"collection":[{"href":"https:\/\/www.europesays.com\/es\/wp-json\/wp\/v2\/posts"}],"about":[{"href":"https:\/\/www.europesays.com\/es\/wp-json\/wp\/v2\/types\/post"}],"author":[{"embeddable":true,"href":"https:\/\/www.europesays.com\/es\/wp-json\/wp\/v2\/users\/2"}],"replies":[{"embeddable":true,"href":"https:\/\/www.europesays.com\/es\/wp-json\/wp\/v2\/comments?post=105735"}],"version-history":[{"count":0,"href":"https:\/\/www.europesays.com\/es\/wp-json\/wp\/v2\/posts\/105735\/revisions"}],"wp:featuredmedia":[{"embeddable":true,"href":"https:\/\/www.europesays.com\/es\/wp-json\/wp\/v2\/media\/105736"}],"wp:attachment":[{"href":"https:\/\/www.europesays.com\/es\/wp-json\/wp\/v2\/media?parent=105735"}],"wp:term":[{"taxonomy":"category","embeddable":true,"href":"https:\/\/www.europesays.com\/es\/wp-json\/wp\/v2\/categories?post=105735"},{"taxonomy":"post_tag","embeddable":true,"href":"https:\/\/www.europesays.com\/es\/wp-json\/wp\/v2\/tags?post=105735"}],"curies":[{"name":"wp","href":"https:\/\/api.w.org\/{rel}","templated":true}]}}