{"id":105739,"date":"2025-09-10T15:00:08","date_gmt":"2025-09-10T15:00:08","guid":{"rendered":"https:\/\/www.europesays.com\/es\/105739\/"},"modified":"2025-09-10T15:00:08","modified_gmt":"2025-09-10T15:00:08","slug":"la-cnmv-aclara-que-bbva-dispone-solo-hasta-el-23-de-septiembre-para-mejorar-el-precio-de-la-opa-al-sabadell","status":"publish","type":"post","link":"https:\/\/www.europesays.com\/es\/105739\/","title":{"rendered":"La CNMV aclara que BBVA dispone solo hasta el 23 de septiembre para mejorar el precio de la opa al Sabadell"},"content":{"rendered":"<p style=\"\"><a href=\"https:\/\/www.abc.es\/economia\/bbva-inicia-gira-vender-opa-grandes-feudos-20250908133651-nt.html\" target=\"_self\" data-voc-vtm-id=\"in-text-traffic\" title=\"BBVA\" rel=\"nofollow noopener\">BBVA<\/a> tiene menos de dos semanas para decidir si mejora el precio ofrecido en la <a href=\"https:\/\/www.abc.es\/economia\/sabadell-trabaja-contrarreloj-asesores-informe-sobre-opa-20250910175006-nt.html\" target=\"_self\" data-voc-vtm-id=\"in-text-traffic\" title=\"opa sobre Banco Sabadell\" rel=\"nofollow noopener\">opa sobre Banco Sabadell<\/a>. En concreto, el plazo para hacerlo termina el pr\u00f3ximo 23 de septiembre ya que se aplica la norma m\u00e1s estricta en cuanto a los  &#8230; plazos de modificaci\u00f3n de la oferta, y en este caso es la de Estados Unidos. <\/p>\n<p class=\"voc-p\" style=\"\">En los \u00faltimos d\u00edas exist\u00eda cierto l\u00edo jur\u00eddico respecto al d\u00eda l\u00edmite que tiene el banco vasco para mejorar la opa, algo por lo que presiona el mercado pero que la entidad siempre se ha negado a hacer. Fuentes oficiales de la <strong>Comisi\u00f3n Nacional del Mercado de Valores (CNMV)<\/strong> aclaran a ABC que en este caso se aplica la ley m\u00e1s restrictiva, la de Estados Unidos, que establece que una modificaci\u00f3n de la oferta como esa solo puede realizarse antes de los \u00faltimos diez d\u00edas h\u00e1biles del periodo de aceptaci\u00f3n. <\/p>\n<p class=\"voc-p\" style=\"\">El periodo de aceptaci\u00f3n dio comienzo este lunes 8 de septiembre y se extender\u00e1 por un total de 30 d\u00edas, con lo que terminar\u00e1 el 7 de octubre. Diez d\u00edas h\u00e1biles antes de esa fecha final fija la fecha l\u00edmite para comunicar una mejora del precio en el 23 de septiembre. <\/p>\n<p class=\"voc-p\" style=\"\">La controversia estaba servida ya que en esta opa, por aplicar en gran medida a inversores de <strong>Estados Unidos<\/strong>, hab\u00eda que estar tanto a la legislaci\u00f3n espa\u00f1ola como la norteamericana. Y cada una dice una cosa distinta sobre los cambios que se pueden realizar una vez abierto el periodo de aceptaci\u00f3n y dado a conocer el folleto, que es donde se reflejan todas las condiciones y escenarios de la operaci\u00f3n. <\/p>\n<p class=\"voc-p\" style=\"\">La <strong>ley de opas<\/strong> espa\u00f1ola se\u00f1ala que \u00abse podr\u00e1n modificar las caracter\u00edsticas de la oferta en cualquier momento anterior a los \u00faltimos 5 d\u00edas naturales previstos para su aceptaci\u00f3n, siempre que tal revisi\u00f3n implique un trato m\u00e1s favorable para los destinatarios de la oferta, ya sea porque extienda la oferta inicial a un n\u00famero superior de valores, ya porque mejore la contraprestaci\u00f3n ofrecida o porque se eliminen o minoren las condiciones a las que, en su caso, estuviera sujeta la oferta\u00bb. Siguiendo esta legislaci\u00f3n, el 30 de septiembre ser\u00eda el \u00faltimo d\u00eda para hacer la mejora. <\/p>\n<p class=\"voc-p\" style=\"\">Sin embargo, en Estados Unidos se establece que solo puede hacerse antes de que queden diez d\u00edas h\u00e1biles por delante para que acabe el proceso. En coordinaci\u00f3n con la SEC, que es el supervisor americano, la CNMV ha aclarado que es la legislaci\u00f3n norteamericana la que hay que aplicar. A ello precisamente apuntaba el presidente de <a href=\"https:\/\/www.abc.es\/economia\/bbva-rehace-calculos-opa-sabadell-solo-lograria-20250905121829-nt.html\" target=\"_self\" data-voc-vtm-id=\"in-text-traffic\" title=\"BBVA\" rel=\"nofollow noopener\">BBVA<\/a>, Carlos Torres, en su \u00faltima entrevista en Onda Cero esta ma\u00f1ana. <\/p>\n<p>\nRechazo a una mejora\n<\/p>\n<p class=\"voc-p\" style=\"\">Pese a todo, la mejora del precio de la opa es solo una posibilidad. No hay ning\u00fan indicio de que en el <a href=\"https:\/\/www.abc.es\/economia\/bbva-rechaza-mejorar-precio-opa-evitar-comprometerse-20250905143850-nt.html\" target=\"_self\" data-voc-vtm-id=\"in-text-traffic\" title=\"banco vasco\" rel=\"nofollow noopener\">banco vasco<\/a> vayan a avanzar por ah\u00ed ya que llevan desde el principio de la operaci\u00f3n negando que vayan a subir su oferta. En estos momentos, el accionista del Sabadell recibir\u00eda <strong>un t\u00edtulo de BBVA m\u00e1s 0,7 euros en efectivo por cada 5,5483 acciones del Sabadell<\/strong>; estas cifras se han actualizado cuatro veces desde mayo de 2024 porque ambas entidades han repartido dividendos a lo largo de estos m\u00e1s de 16 meses de procedimiento. <\/p>\n<p class=\"voc-p\" style=\"\">As\u00ed las cosas, con el precio actual la prima de la opa est\u00e1 en negativo en alrededor del -9%. Esto significa que, al precio de ahora, que va fluctuando con la cotizaci\u00f3n de ambos al ser una oferta principalmente en acciones, los accionistas del Sabadell que decidan vender perder\u00edan dinero respecto a lo que tienen. <\/p>\n<p class=\"voc-p\" style=\"\">Es por ello que el mercado est\u00e1 presionando para que el BBVA mejore el precio. Los analistas llevan tiempo apuntando a la necesidad de poner 2.000 millones de euros m\u00e1s sobre la mesa si quieren asegurarse el \u00e9xito de la operaci\u00f3n. La realidad es que el banco vasco tiene m\u00e1s de 4.000 millones de exceso de capital que podr\u00eda utilizar para una decisi\u00f3n como esta, pero la entidad dirigida por Carlos Torres ha negado siempre que vayan a subir la oferta.  <\/p>\n","protected":false},"excerpt":{"rendered":"BBVA tiene menos de dos semanas para decidir si mejora el precio ofrecido en la opa sobre Banco&hellip;\n","protected":false},"author":2,"featured_media":105740,"comment_status":"","ping_status":"","sticky":false,"template":"","format":"standard","meta":{"footnotes":""},"categories":[80],"tags":[2825,3285,82,7899,33029,95,94,25,24,3483,3284,3282,1457,1971,1138,23],"class_list":{"0":"post-105739","1":"post","2":"type-post","3":"status-publish","4":"format-standard","5":"has-post-thumbnail","7":"category-economia","8":"tag-aclara","9":"tag-bbva","10":"tag-business","11":"tag-cnmv","12":"tag-dispone","13":"tag-economia","14":"tag-economy","15":"tag-es","16":"tag-espana","17":"tag-mejorar","18":"tag-opa","19":"tag-precio","20":"tag-sabadell","21":"tag-septiembre","22":"tag-solo","23":"tag-spain"},"share_on_mastodon":{"url":"","error":""},"_links":{"self":[{"href":"https:\/\/www.europesays.com\/es\/wp-json\/wp\/v2\/posts\/105739","targetHints":{"allow":["GET"]}}],"collection":[{"href":"https:\/\/www.europesays.com\/es\/wp-json\/wp\/v2\/posts"}],"about":[{"href":"https:\/\/www.europesays.com\/es\/wp-json\/wp\/v2\/types\/post"}],"author":[{"embeddable":true,"href":"https:\/\/www.europesays.com\/es\/wp-json\/wp\/v2\/users\/2"}],"replies":[{"embeddable":true,"href":"https:\/\/www.europesays.com\/es\/wp-json\/wp\/v2\/comments?post=105739"}],"version-history":[{"count":0,"href":"https:\/\/www.europesays.com\/es\/wp-json\/wp\/v2\/posts\/105739\/revisions"}],"wp:featuredmedia":[{"embeddable":true,"href":"https:\/\/www.europesays.com\/es\/wp-json\/wp\/v2\/media\/105740"}],"wp:attachment":[{"href":"https:\/\/www.europesays.com\/es\/wp-json\/wp\/v2\/media?parent=105739"}],"wp:term":[{"taxonomy":"category","embeddable":true,"href":"https:\/\/www.europesays.com\/es\/wp-json\/wp\/v2\/categories?post=105739"},{"taxonomy":"post_tag","embeddable":true,"href":"https:\/\/www.europesays.com\/es\/wp-json\/wp\/v2\/tags?post=105739"}],"curies":[{"name":"wp","href":"https:\/\/api.w.org\/{rel}","templated":true}]}}