{"id":105741,"date":"2025-09-10T15:01:10","date_gmt":"2025-09-10T15:01:10","guid":{"rendered":"https:\/\/www.europesays.com\/es\/105741\/"},"modified":"2025-09-10T15:01:10","modified_gmt":"2025-09-10T15:01:10","slug":"jefa-de-la-ue-dice-que-es-hora-de-la-independencia-de-europa-ante-la-guerra-y-tensiones-globales","status":"publish","type":"post","link":"https:\/\/www.europesays.com\/es\/105741\/","title":{"rendered":"Jefa de la UE dice que es hora de la \u00abindependencia\u00bb de Europa ante la guerra y tensiones globales"},"content":{"rendered":"<p>BRUSELAS (AP) \u2014 La funcionaria m\u00e1s poderosa de la Uni\u00f3n Europea advirti\u00f3 el mi\u00e9rcoles que Europa est\u00e1 luchando contra una serie de amenazas planteadas por Rusia, nuevos desaf\u00edos comerciales globales e incluso otras grandes potencias mundiales, y debe reclamar su independencia.<\/p>\n<p>En un discurso sobre el Estado de la Uni\u00f3n, la presidenta de la Comisi\u00f3n Europea, Ursula von der Leyen, anunci\u00f3 nuevas medidas para ayudar a Ucrania a combatir la invasi\u00f3n a gran escala de Rusia, y pidi\u00f3 restricciones comerciales y sanciones a Israel por la guerra en Gaza.<\/p>\n<p>Tambi\u00e9n defendi\u00f3 el acuerdo que alcanz\u00f3 con el presidente de Estados Unidos, Donald Trump, para limitar el impacto de su guerra arancelaria global, a pesar de haber aceptado una tasa del 15% para la mayor\u00eda de las exportaciones europeas a Estados Unidos.<\/p>\n<p>Lucha por los valores<\/p>\n<p>\u201cEuropa est\u00e1 en una lucha\u201d, dijo Von der Leyen a los legisladores de la UE en Estrasburgo, Francia. \u201cUna lucha por nuestros valores y nuestras democracias. Una lucha por nuestra libertad y nuestra capacidad de determinar nuestro destino por nosotros mismos. No se equivoquen: esta es una lucha por nuestro futuro\u201d.<\/p>\n<p>\u201cLas l\u00edneas de batalla para un nuevo orden mundial basado en el poder se est\u00e1n trazando ahora mismo\u201d, a\u00f1adi\u00f3, se\u00f1alando que la UE \u201cdebe luchar por su lugar en un mundo en el que muchas grandes potencias son ambivalentes o abiertamente hostiles a Europa\u201d.<\/p>\n<p>\u201cEste debe ser el momento de independencia de Europa\u201d, dijo la exministra de defensa alemana de 66 a\u00f1os, quien se ha convertido en una figura prominente en cumbres con l\u00edderes de todo el mundo, a pesar de su papel como designada pol\u00edtica que no ha sido elegida para un cargo.<\/p>\n<p>La Comisi\u00f3n es el brazo ejecutivo de la UE. Propone leyes que impactan la vida de alrededor de 450 millones de personas en 27 pa\u00edses y supervisa si esas normas se respetan.<\/p>\n<p>En los \u00faltimos a\u00f1os, ha ayudado a Europa a sobrevivir a las consecuencias de la pandemia de COVID-19, romper su dependencia de los suministros energ\u00e9ticos rusos y hacer frente a una guerra comercial lanzada por un aliado tradicional como Estados Unidos.<\/p>\n<p>Agresi\u00f3n rusa<\/p>\n<p>Al referirse a la guerra de Rusia en Ucrania, ahora en su cuarto a\u00f1o, Von der Leyen dijo que el presidente ruso, Vlad\u00edmir Putin, no muestra se\u00f1ales de querer terminar la guerra, y que \u201cnuestra respuesta tambi\u00e9n debe ser clara\u201d.<\/p>\n<p>\u201cNecesitamos m\u00e1s presi\u00f3n sobre Rusia para que se siente a la mesa de negociaciones. Necesitamos m\u00e1s sanciones\u201d, afirm\u00f3. La Comisi\u00f3n y los pa\u00edses miembros de la UE est\u00e1n trabajando en un nuevo paquete de sanciones dirigidas a los ingresos energ\u00e9ticos de Rusia.<\/p>\n<p>Polonia dijo el mi\u00e9rcoles que varios drones rusos ingresaron a su territorio durante varias horas y fueron derribados con la ayuda de aliados de la OTAN.<\/p>\n<p>Von der Leyen conden\u00f3 la \u201cviolaci\u00f3n imprudente e in\u00e9dita del espacio a\u00e9reo de Polonia y Europa\u201d.<\/p>\n<p>\u201cEuropa est\u00e1 en plena solidaridad con Polonia\u201d, expres\u00f3. \u201cEl mensaje de Putin es claro, y nuestra respuesta tambi\u00e9n debe ser clara. Necesitamos m\u00e1s presi\u00f3n sobre Rusia para que se siente a la mesa de negociaciones. Necesitamos m\u00e1s sanciones\u201d.<\/p>\n<p>Econom\u00eda de Ucrania<\/p>\n<p>Von der Leyen tambi\u00e9n dijo que nuevas formas de abordar los desaf\u00edos financieros de Ucrania deben venir a trav\u00e9s del uso de activos rusos congelados en Europa. Casi 200.000 millones de euros (235.000 millones de d\u00f3lares) de esos activos est\u00e1n retenidos en una c\u00e1mara de compensaci\u00f3n belga.<\/p>\n<p>Los intereses generados por los activos, alrededor de 3.500 millones de euros (4.100 millones de d\u00f3lares) el a\u00f1o pasado, ya se est\u00e1n utilizando para ayudar a sostener la econom\u00eda devastada por la guerra en Ucrania. Von der Leyen dijo que se est\u00e1 considerando un \u201cpr\u00e9stamo de reparaciones\u201d por los da\u00f1os infligidos por Rusia.<\/p>\n<p>Tambi\u00e9n anunci\u00f3 la creaci\u00f3n de una \u201calianza de drones\u201d con Ucrania, ya que los drones se han convertido en un factor decisivo en la guerra, con 6.000 millones de euros (7.000 millones de d\u00f3lares) en fondos para el esfuerzo.<\/p>\n<p>Congelaci\u00f3n de apoyo a Israel<\/p>\n<p>Entre aplausos en el Parlamento, la jefa de la Comisi\u00f3n dijo que quiere congelar parte del apoyo financiero a Israel e imponer restricciones comerciales y sanciones al gobierno por la guerra en Gaza.<\/p>\n<p>Rompiendo con su postura tradicionalmente muy a favor del gobierno israel\u00ed, Von der Leyen dijo que los sucesos en Gaza y el sufrimiento de ni\u00f1os y familias, \u201chan sacudido la conciencia del mundo\u201d.<\/p>\n<p>\u201cLa hambruna provocada por el hombre nunca puede ser un arma de guerra. Por el bien de los ni\u00f1os, por el bien de la humanidad. Esto debe detenerse\u201d, afirm\u00f3. A\u00f1adi\u00f3 que la comisi\u00f3n establecer\u00e1 un nuevo grupo de donantes palestinos, con un enfoque en la futura reconstrucci\u00f3n de Gaza.<\/p>\n<p>Acuerdo arancelario con Estados Unidos<\/p>\n<p>Al abordar las cr\u00edticas al acuerdo arancelario con Trump, Von der Leyen subray\u00f3 que Europa depende de Estados Unidos como un importante socio comercial, y que la posici\u00f3n de las empresas europeas mejor\u00f3 en comparaci\u00f3n con otros pa\u00edses que obtuvieron un acuerdo peor.<\/p>\n<p>\u201cMillones de empleos dependen\u201d de esa relaci\u00f3n, dijo. \u201cY como presidenta de la Comisi\u00f3n, nunca jugar\u00e9 con los empleos y los medios de vida de las personas\u201d.<\/p>\n<p>___<\/p>\n<p>Esta historia fue traducida del ingl\u00e9s por un editor de AP con la ayuda de una herramienta de inteligencia artificial generativa.<\/p>\n","protected":false},"excerpt":{"rendered":"BRUSELAS (AP) \u2014 La funcionaria m\u00e1s poderosa de la Uni\u00f3n Europea advirti\u00f3 el mi\u00e9rcoles que Europa est\u00e1 luchando&hellip;\n","protected":false},"author":2,"featured_media":105742,"comment_status":"","ping_status":"","sticky":false,"template":"","format":"standard","meta":{"footnotes":""},"categories":[42],"tags":[17,18,13,14,1714,11,61,62,63,64,19,20,9,10,15,16,12,21,22,65,66,67],"class_list":{"0":"post-105741","1":"post","2":"type-post","3":"status-publish","4":"format-standard","5":"has-post-thumbnail","7":"category-internacional","8":"tag-breaking-news","9":"tag-breakingnews","10":"tag-featured-news","11":"tag-featurednews","12":"tag-general-news","13":"tag-headlines","14":"tag-internacional","15":"tag-international","16":"tag-international-news","17":"tag-internationalnews","18":"tag-latest-news","19":"tag-latestnews","20":"tag-news","21":"tag-noticias","22":"tag-noticias-destacadas","23":"tag-noticiasdestacadas","24":"tag-titulares","25":"tag-ultimas-noticias","26":"tag-ultimasnoticias","27":"tag-world","28":"tag-world-news","29":"tag-worldnews"},"share_on_mastodon":{"url":"","error":""},"_links":{"self":[{"href":"https:\/\/www.europesays.com\/es\/wp-json\/wp\/v2\/posts\/105741","targetHints":{"allow":["GET"]}}],"collection":[{"href":"https:\/\/www.europesays.com\/es\/wp-json\/wp\/v2\/posts"}],"about":[{"href":"https:\/\/www.europesays.com\/es\/wp-json\/wp\/v2\/types\/post"}],"author":[{"embeddable":true,"href":"https:\/\/www.europesays.com\/es\/wp-json\/wp\/v2\/users\/2"}],"replies":[{"embeddable":true,"href":"https:\/\/www.europesays.com\/es\/wp-json\/wp\/v2\/comments?post=105741"}],"version-history":[{"count":0,"href":"https:\/\/www.europesays.com\/es\/wp-json\/wp\/v2\/posts\/105741\/revisions"}],"wp:featuredmedia":[{"embeddable":true,"href":"https:\/\/www.europesays.com\/es\/wp-json\/wp\/v2\/media\/105742"}],"wp:attachment":[{"href":"https:\/\/www.europesays.com\/es\/wp-json\/wp\/v2\/media?parent=105741"}],"wp:term":[{"taxonomy":"category","embeddable":true,"href":"https:\/\/www.europesays.com\/es\/wp-json\/wp\/v2\/categories?post=105741"},{"taxonomy":"post_tag","embeddable":true,"href":"https:\/\/www.europesays.com\/es\/wp-json\/wp\/v2\/tags?post=105741"}],"curies":[{"name":"wp","href":"https:\/\/api.w.org\/{rel}","templated":true}]}}