{"id":105743,"date":"2025-09-10T15:02:11","date_gmt":"2025-09-10T15:02:11","guid":{"rendered":"https:\/\/www.europesays.com\/es\/105743\/"},"modified":"2025-09-10T15:02:11","modified_gmt":"2025-09-10T15:02:11","slug":"cuando-me-podre-jubilar-lista-segun-el-ano-que-naciste-el-mundo","status":"publish","type":"post","link":"https:\/\/www.europesays.com\/es\/105743\/","title":{"rendered":"\u00bfCu\u00e1ndo me podr\u00e9 jubilar? Lista seg\u00fan el a\u00f1o que naciste &#8211; El Mundo"},"content":{"rendered":"<ol>\n<li><a href=\"https:\/\/news.google.com\/rss\/articles\/CBMid0FVX3lxTE14eWZ3WWhwT0xIenVuVXB1SDBiMkpyN1gwN25nWnJ6Q0tCOXAwcS0yRE1Xa24zb3d3NmhzVGhEcGE1ZHRRRVRnZk9uZjk0NWRwOFlNUDFHZ0w3YnZHRnExalE1QkdObnFacm1NVFdEZWtRSElydkRZ0gF3QVVfeXFMUEZQVm5LV2lHU1BHZnRfM2dqY0hYR3Y4NG9fOUdQNS1kWUdwX0ZPSlJNckZ4cmVqZGp2R0xkZXlZeDdfY0NnY09JbzZoZ0lrUTZwZF9Sc1hHdzM4V1VWVVFJdUl6enp3c1RTa3c4bnpNdHZpYTBBeTg?oc=5\" target=\"_blank\" rel=\"nofollow noopener\">\u00bfCu\u00e1ndo me podr\u00e9 jubilar? Lista seg\u00fan el a\u00f1o que naciste<\/a>&nbsp;&nbsp;El Mundo<\/li>\n<li><a href=\"https:\/\/news.google.com\/rss\/articles\/CBMixwFBVV95cUxNQnRjNkt0YW1QTHZxNmFEa3k5VW9yX25QbDF6NWRiaGF4M1hsY0FkZlJkZldWYUs4SHo3Y0pJbDJWbWpIcHJJbzhObTlMSFhwVWUxemk5em5RSTN4bEFPQ1I5SXNINjlqTjJzTzBZYTQ4enRhbmVpeFNUX2Y4S0dCV2tOUkdBdFdzMk94T204aWJyTkRhX2FMU0ctenplTG5pMTU5Rk9LTDF0a2VSQzNxSXB5RkkzbGRBMWh2QVhORnBBbjVvSFBr?oc=5\" target=\"_blank\" rel=\"nofollow noopener\">La Seguridad Social \u2018regala\u2019 meses de cotizaci\u00f3n a los pensionistas: el cambio que llega en 2026 y que beneficia a millones de personas<\/a>&nbsp;&nbsp;El Peri\u00f3dico<\/li>\n<li><a href=\"https:\/\/news.google.com\/rss\/articles\/CBMi1wFBVV95cUxOWHNieTFVWnVhWjFIbXdnN3E3YWJ0QTE4WmRxaE8tbkRFRGZhS0dFMGFsajdiNS1vZDFoLVJfWDhYTjkxQWhPb1F4WV9aNnRkb0YxSHpYYThVcmwzLWxxNjVkUmhOdjMxdUxqc1Q3dUFiR0NobWdzR2xXQXczZEtBNWYxUmNaU0N6WGZHSGRocy1ZcTYxbnJwNlIyWkhZZmp2dDBtMkZ3cGN2bXNVbmQ4QmxWVGtlRmxJVXhFRmJBYVFJWFd3ZzdKWG9HNWdwTzZrZmFydHNGUdIB8gFBVV95cUxOZ3F0LUF0TFBGSmdDXzQ5QWp6SHU3Z1FrZ1dVRjZFZkh4cEdwXzg0SWFETUlHcGgxRFZFMF9yTGoxVTV2NDFuTFlaZUU4OGEyakF4TERsTjFRdTM3Zl9LdngyRkxSSjhOazgxV2pBV3FkRVByRzlWdjNwMnNTV3laMHk1Q0U0WVRMSk1qRjFpZmVvS3VSZFhmakxESmdWd3F6NWJYMG5BdFg4bXk0Ym9oSHV0SmtaeUhNTUpPbXo1UVlOZEhvVEhQdUNqZ2I5THBLZUJfSTBRZVBsV29hVFhxTTNlN1UwWHI0b29yMy1OeENKdw?oc=5\" target=\"_blank\" rel=\"nofollow noopener\">Un abogado explica c\u00f3mo van a cambiar las \u201creglas\u201d de la jubilaci\u00f3n en 2026: \u201cEmpieza un sistema dual\u201d<\/a>&nbsp;&nbsp;Infobae<\/li>\n<li><a href=\"https:\/\/news.google.com\/rss\/articles\/CBMi0gFBVV95cUxQeXpxYTVXeDFrZThYbHR0dHpRZXllUVJMQ2RGMEJKS0Fkd0QxYjBMeTBIMWlSZ1VWc2lLX1JxbVotTHNXZWo5QnJSZEFENU1WTzZGN1IzTmdjd0JoN3g3aDNGVFVlaVR2MEpnNkdMbXUyc190Y1FtdE00MG42TEs2Xy1oUnR1MHJVMGU3alhYcWN0MkM4SzVnc3F2bnhNb1lyN1hZRU9NMk14dHhzejlhSVlwYnFHeDNZRmZnLXJla2J0bG9Ka0YyZUF5Z2l4cmk5ZXfSAdcBQVVfeXFMTzU4UVFSNml0SUVORjE0NDhnUzFqZG96OTBGX1QzSmtxWjdKRU91cWR5blpmOURfSHNLVlpMQnhoNy1xX2Eza3JfZ1JOaW1ueHNrbEpvOTBLc1ZmMU5MX3N4ZHJrUlpmbmF0N3NWcHJJSWMyQndkd043WHBTX25OSnRTNzZNNUxIMzhuNjVyZEdJZ3RkNy03SWZjYnE4TFZKWWFSMk8yY2dMN2Jtb25XX2Y0SVN3Q1FpSnJ2cnd6d1pjb2ZHbW5CeE0wLXZ4ZFNDM0hCMkVMdGs?oc=5\" target=\"_blank\" rel=\"nofollow noopener\">Buenas noticias para los pensionistas: as\u00ed cambiar\u00e1 la Seguridad Social el 2026<\/a>&nbsp;&nbsp;Capgr\u00f2s<\/li>\n<li><a href=\"https:\/\/news.google.com\/rss\/articles\/CBMizwFBVV95cUxQNFhfcmlnWUtiUkk4UEliLTFaN2wyZmJfclItdl9GQmphVzJNUnNuS01SeTliQmN4OTBzQ08xWlYtam1HSGFoYVF1MzIzTmdTeC1ES3lsOXA2QTFqaDk0Q0ZGc2tpN0I3ckJwNGVYa0hwalBNNGlHOW9NRWhITlZ2VTFkV0tQSHhZaG0zLWg4QlYwZ3NvLXBlNmhCdUp3aHlfZi02TDBHeDBsdXc4YWJCZWNWUmtWdVRmRFRJejB5RGVUUFZtUDdwQkJPbXptYW_SAeMBQVVfeXFMUG11djY2LXhBWTFVVDJlOVluanExM25OMnFQTkMwbFlMdFhabE80TVZlQmxta194Q0dFUGdTT2N5Z1lRajlPdDMtRkZZZXBudWxjSE1GTy1OLWQtbW9vN0VrU3hFX2dEQU52bUVsQ2w0Rk92aFpGYUU1R0QtU3lBY3N6bjhMRjN4UDVIcnoyRmNmXzNPbVBNNnhBU19na1JVQjhKWUxqMXo1cDl1ME9fdnpjb2tkQ2EwWVVJTVVFLWVLMi1fOHVVc3FmR0VuaU93VWZUWTEwdHUzb1plZDBCLU5ramM?oc=5\" target=\"_blank\" rel=\"nofollow noopener\">\u00bfQui\u00e9n podr\u00e1 jubilarse en 2026? Estas son las fechas de nacimiento previstas<\/a>&nbsp;&nbsp;La Raz\u00f3n<\/li>\n<\/ol>\n","protected":false},"excerpt":{"rendered":"\u00bfCu\u00e1ndo me podr\u00e9 jubilar? Lista seg\u00fan el a\u00f1o que naciste&nbsp;&nbsp;El Mundo La Seguridad Social \u2018regala\u2019 meses de cotizaci\u00f3n&hellip;\n","protected":false},"author":2,"featured_media":105744,"comment_status":"","ping_status":"","sticky":false,"template":"","format":"standard","meta":{"footnotes":""},"categories":[8],"tags":[17,18,2170,25,24,13,14,11,23377,19,20,9,10,15,16,11755,23,12,21,22],"class_list":{"0":"post-105743","1":"post","2":"type-post","3":"status-publish","4":"format-standard","5":"has-post-thumbnail","7":"category-espana","8":"tag-breaking-news","9":"tag-breakingnews","10":"tag-como","11":"tag-es","12":"tag-espana","13":"tag-featured-news","14":"tag-featurednews","15":"tag-headlines","16":"tag-jubilacion-anticipada","17":"tag-latest-news","18":"tag-latestnews","19":"tag-news","20":"tag-noticias","21":"tag-noticias-destacadas","22":"tag-noticiasdestacadas","23":"tag-seguridad-social","24":"tag-spain","25":"tag-titulares","26":"tag-ultimas-noticias","27":"tag-ultimasnoticias"},"share_on_mastodon":{"url":"","error":""},"_links":{"self":[{"href":"https:\/\/www.europesays.com\/es\/wp-json\/wp\/v2\/posts\/105743","targetHints":{"allow":["GET"]}}],"collection":[{"href":"https:\/\/www.europesays.com\/es\/wp-json\/wp\/v2\/posts"}],"about":[{"href":"https:\/\/www.europesays.com\/es\/wp-json\/wp\/v2\/types\/post"}],"author":[{"embeddable":true,"href":"https:\/\/www.europesays.com\/es\/wp-json\/wp\/v2\/users\/2"}],"replies":[{"embeddable":true,"href":"https:\/\/www.europesays.com\/es\/wp-json\/wp\/v2\/comments?post=105743"}],"version-history":[{"count":0,"href":"https:\/\/www.europesays.com\/es\/wp-json\/wp\/v2\/posts\/105743\/revisions"}],"wp:featuredmedia":[{"embeddable":true,"href":"https:\/\/www.europesays.com\/es\/wp-json\/wp\/v2\/media\/105744"}],"wp:attachment":[{"href":"https:\/\/www.europesays.com\/es\/wp-json\/wp\/v2\/media?parent=105743"}],"wp:term":[{"taxonomy":"category","embeddable":true,"href":"https:\/\/www.europesays.com\/es\/wp-json\/wp\/v2\/categories?post=105743"},{"taxonomy":"post_tag","embeddable":true,"href":"https:\/\/www.europesays.com\/es\/wp-json\/wp\/v2\/tags?post=105743"}],"curies":[{"name":"wp","href":"https:\/\/api.w.org\/{rel}","templated":true}]}}