{"id":105749,"date":"2025-09-10T15:05:13","date_gmt":"2025-09-10T15:05:13","guid":{"rendered":"https:\/\/www.europesays.com\/es\/105749\/"},"modified":"2025-09-10T15:05:13","modified_gmt":"2025-09-10T15:05:13","slug":"la-venta-de-toros-se-borra-del-mapa-de-la-devesa","status":"publish","type":"post","link":"https:\/\/www.europesays.com\/es\/105749\/","title":{"rendered":"La Venta de Toros se borra del mapa de la Devesa"},"content":{"rendered":"<p>Ni resto. No queda nada de nada. El Ayuntamiento de Valencia ya ha completado el derribo de la antigua Venta de Bous de El Saler.  &#8230; El concejal de Devesa-Albufera, Jos\u00e9 Gos\u00e1lbez, ha visitado la zona y la expresi\u00f3n que ha lanzado es la siguiente: \u00abAdi\u00f3s a la ruina, hola a la Devesa\u00bb.<\/p>\n<p class=\"v-p\">Tal como ha argumentado tras comprobar el fin de los trabajos, \u00abhemos eliminado un edificio obsoleto, hemos devuelto el espacio a la naturaleza y hemos cumplido con Valencia\u00bb<\/p>\n<p class=\"v-p\">El concejal ha destacado que \u00abesta actuaci\u00f3n permite recuperar un espacio natural que llevaba d\u00e9cadas degradado. La demolici\u00f3n de la Venta de Bous supone un paso firme para restaurar la mallada y las dunas de la Devesa\u00bb.<\/p>\n<p class=\"v-p\">Cabe recordar que la construcci\u00f3nfue levantada en 1968 y utilizada durante a\u00f1os para el almacenamiento de reses bravas y como sede de la Escuela de Tauromaquia de la Diputaci\u00f3n de Valencia. Ahora llevaba d\u00e9cadas en desuso y en estado de ruina. \u00abLa Venta de Bous estaba abandonada, deterior\u00e1ndose d\u00eda a d\u00eda. Demolerla era la \u00fanica opci\u00f3n sensata para recuperar un espacio que la ciudad ped\u00eda a gritos\u00bb, ha se\u00f1alado Gos\u00e1lbez.<\/p>\n<p class=\"v-p\">Se han retirado m\u00e1s de mil toneladas de residuos y se ha realizado un reciclaje aprovechando la trituraci\u00f3n de escombros de la demolici\u00f3n para ejecutar taludes de nivelaci\u00f3n, permitiendo as\u00ed, la transici\u00f3n de la parcela respecto al entorno.<\/p>\n<p><a href=\"http:\/\/www.lasprovincias.es\/valencia-ciudad\/adios-venta-toros-saler-20250516123450-nt.html#vtm_modulosEngag=mod-rel:valencia-ciudad:noticia:1:cmp:1-not\" class=\"v-a-link\" aria-label=\"Imagen\" rel=\"nofollow noopener\" target=\"_blank\"><\/p>\n<p><img decoding=\"async\" loading=\"lazy\" src=\"https:\/\/www.europesays.com\/es\/wp-content\/uploads\/2025\/09\/venta-toros-3-signes-U26540036416VtU-366x256@Las Provincias.jpg\" class=\"v-a-img\" width=\"258\" height=\"180\" alt=\"\" data-voc-vtm-id=\"in-text-traffic\"\/><\/p>\n<p><\/a><\/p>\n<p class=\"v-p\">El edil ha recalcado que el proyecto se ha ejecutado dentro del calendario previsto: \u00abDesde el primer d\u00eda dejamos claro nuestro objetivo y lo hemos cumplido: devolver este espacio al patrimonio natural de la ciudad. Sin retrasos, sin excusas\u00bb.<\/p>\n<p>Obras de derribo, edificio antiguo de la Venta de Toros y visita del concejal Jos\u00e9 Gos\u00e1lbez.<\/p>\n<p>Jes\u00fas Signes\/ Irene Marsilla<\/p>\n<p><img decoding=\"async\" loading=\"lazy\" src=\"https:\/\/www.europesays.com\/es\/wp-content\/uploads\/2025\/09\/venta-toros-4-signes-U05628613734ZQE-1200x841@Las Provincias.jpg\" class=\"v-mdl__img-z\" width=\"1200\" height=\"841\" alt=\"Imagen principal - Obras de derribo, edificio antiguo de la Venta de Toros y visita del concejal Jos\u00e9 Gos\u00e1lbez.\"\/><\/p>\n<p><img decoding=\"async\" loading=\"lazy\" src=\"https:\/\/www.europesays.com\/es\/wp-content\/uploads\/2025\/09\/venta-toros-antes-irene-U45282111404txc-1200x851@Las Provincias.jpg\" class=\"v-mdl__img-z\" width=\"1200\" height=\"851\" alt=\"Imagen secundaria 1 - Obras de derribo, edificio antiguo de la Venta de Toros y visita del concejal Jos\u00e9 Gos\u00e1lbez.\"\/><\/p>\n<p><img decoding=\"async\" loading=\"lazy\" src=\"https:\/\/www.europesays.com\/es\/wp-content\/uploads\/2025\/09\/venta-saler-U61310017633zrc-711x841@Las Provincias.jpg\" class=\"v-mdl__img-z\" width=\"711\" height=\"841\" alt=\"Imagen secundaria 2 - Obras de derribo, edificio antiguo de la Venta de Toros y visita del concejal Jos\u00e9 Gos\u00e1lbez.\"\/><\/p>\n<p class=\"v-p\">Gos\u00e1lbez ha concluido que \u00abcon este derribo eliminamos construcciones obsoletas, devolvemos protagonismo al Parque Natural de La Albufera y garantizamos que lo que antes era abandono, hoy se convierte en oportunidad para Valencia\u00bb.<\/p>\n<p>Restaurar las malladas<\/p>\n<p class=\"v-p\">Cabe recordar que las obras de derribo comenzaron en mayo, si bien inicialmente la vigencia del acuerdo entraba en vigor el 17 de enero de 2025 y los trabajos deber\u00edan de haberse finalizado en marzo, pero ya en su momento se explic\u00f3 que el retraso de la actuaci\u00f3n se deb\u00eda a que la empresa encargada de la demolici\u00f3n necesitaba la maquinaria en otro sitio para otros trabajos.<\/p>\n<p class=\"v-p\">De hecho, el lugar llevaba tanto tiempo en desuso que la vegetaci\u00f3n de la Devesa se ha apoderado de gran parte del terreno. Ahora hay zonas de construcci\u00f3n que deben ser demolidas para llevar a cabo la restauraci\u00f3n natural de la zona.<\/p>\n<p class=\"v-p\">La licitaci\u00f3n de las obras de demolici\u00f3n se sacaron a concurso durante dos semanas en noviembre de 2024. Finalmente, se adjudicaron a la empresa &#8216;Mediterr\u00e1nea de construcciones y viales S.L&#8217; el 20 de diciembre del a\u00f1o pasado. El presupuesto de la licitaci\u00f3n fue de 69.928,31 euros, para finalmente adjudicarse por un valor de 51.788 euros, todas estas cifras despu\u00e9s de impuestos. La adjudicaci\u00f3n a dicha empresa se llev\u00f3 a cabo porque fue la que present\u00f3 el presupuesto m\u00e1s bajo de las cinco candidatas que aplicaron a dicha demolici\u00f3n.<\/p>\n<p class=\"v-p\">En cuanto al uso futuro del espacio, no hay que olvidar que la eliminaci\u00f3n de esta construcci\u00f3n permitir\u00e1 restaurar la mallada y las dunas de este paraje de la Devesa-Albufera.<\/p>\n","protected":false},"excerpt":{"rendered":"Ni resto. No queda nada de nada. El Ayuntamiento de Valencia ya ha completado el derribo de la&hellip;\n","protected":false},"author":2,"featured_media":105750,"comment_status":"","ping_status":"","sticky":false,"template":"","format":"standard","meta":{"footnotes":""},"categories":[277],"tags":[7418,373,168,36703,25,24,23373,23,167,374,444,2913],"class_list":{"0":"post-105749","1":"post","2":"type-post","3":"status-publish","4":"format-standard","5":"has-post-thumbnail","7":"category-toreo","8":"tag-borra","9":"tag-bullfighting","10":"tag-deportes","11":"tag-devesa","12":"tag-es","13":"tag-espana","14":"tag-mapa","15":"tag-spain","16":"tag-sports","17":"tag-toreo","18":"tag-toros","19":"tag-venta"},"share_on_mastodon":{"url":"","error":""},"_links":{"self":[{"href":"https:\/\/www.europesays.com\/es\/wp-json\/wp\/v2\/posts\/105749","targetHints":{"allow":["GET"]}}],"collection":[{"href":"https:\/\/www.europesays.com\/es\/wp-json\/wp\/v2\/posts"}],"about":[{"href":"https:\/\/www.europesays.com\/es\/wp-json\/wp\/v2\/types\/post"}],"author":[{"embeddable":true,"href":"https:\/\/www.europesays.com\/es\/wp-json\/wp\/v2\/users\/2"}],"replies":[{"embeddable":true,"href":"https:\/\/www.europesays.com\/es\/wp-json\/wp\/v2\/comments?post=105749"}],"version-history":[{"count":0,"href":"https:\/\/www.europesays.com\/es\/wp-json\/wp\/v2\/posts\/105749\/revisions"}],"wp:featuredmedia":[{"embeddable":true,"href":"https:\/\/www.europesays.com\/es\/wp-json\/wp\/v2\/media\/105750"}],"wp:attachment":[{"href":"https:\/\/www.europesays.com\/es\/wp-json\/wp\/v2\/media?parent=105749"}],"wp:term":[{"taxonomy":"category","embeddable":true,"href":"https:\/\/www.europesays.com\/es\/wp-json\/wp\/v2\/categories?post=105749"},{"taxonomy":"post_tag","embeddable":true,"href":"https:\/\/www.europesays.com\/es\/wp-json\/wp\/v2\/tags?post=105749"}],"curies":[{"name":"wp","href":"https:\/\/api.w.org\/{rel}","templated":true}]}}