{"id":105753,"date":"2025-09-10T15:09:10","date_gmt":"2025-09-10T15:09:10","guid":{"rendered":"https:\/\/www.europesays.com\/es\/105753\/"},"modified":"2025-09-10T15:09:10","modified_gmt":"2025-09-10T15:09:10","slug":"doscientos-deportistas-de-30-nacionalidades-participan-en-la-i-gravel-desert-por-monegros-y-la-hoya","status":"publish","type":"post","link":"https:\/\/www.europesays.com\/es\/105753\/","title":{"rendered":"Doscientos deportistas de 30 nacionalidades participan en la I Gravel Desert por Monegros y La Hoya"},"content":{"rendered":"<p><strong>Los Monegros y La Hoya estrenan una esperiencia ambiciosa en torno a Gra\u00f1\u00e9n y Bolea con el Grave Desert Huesca-Monegros<\/strong> organizado por la <strong>Asociaci\u00f3n Espacio 108 <\/strong>y que atraer\u00e1 a <strong>doscientos deportistas de treinta nacionalidades<\/strong>, asiduos participantes de las Gravel Earth Series que transcurren por todo el mundo. En la rueda de prensa, el diputado y alcalde de Gra\u00f1\u00e9n, <strong>Carlos Samp\u00e9riz, la alcaldesa de Bolea, Maribel Bailo, <\/strong>el responsable de la organizaci\u00f3n,<strong> Sergio Ram\u00f3n, y el gerundense Oriol Mill\u00e1n,<\/strong> especialista en esta modalidad deportiva. Corredores del nivel de<strong> Haimar Zubeldia ser\u00e1n de la partida.<\/strong><\/p>\n<p>Este \u00faltimo ha sido el primero en tomar la palabra, introducido por Jos\u00e9 Luis Rodrigo, de Radio Huesca, para explicar que el Gravel ha abierto nuevos horizontes en el deporte y hoy se vertebra en torno a un circuito interncional en el que la bicicleta es el veh\u00edculo que acompa\u00f1a en la aventura y que transcurre \u00abpor caminos y carreteras, para pararte cuando quieras, y se combina con un sistema m\u00e1s competitivo\u00bb. Tiene el valor, ha agregado, de que van de la mano diferentes concepciones,<strong> \u00abcualquier amateur puede tener la suerte de compartir ruta con los m\u00e1ximos representantes de este deporte,<\/strong> por lo que es una expoeriencia \u00fanica para todos los participantes\u00bb, que a su vez combinan paisaje y respeto al medio ambiente.<\/p>\n<p>Complementariamente, existe un Mundial de Gravel reconocido por la Uni\u00f3n Ciclista Internacional que premia a los deportistas m\u00e1s sobresaslientes. El calendario internacional cuenta con <strong>23 eventos con presencia en pa\u00edses como Kenia, Estados Unidos, Filipinas, Costa Rica, Lituania, M\u00e9xico, Colombia, Islandia y, dentro del abanico Europeo,<\/strong> l\u00f3gicamente Espa\u00f1a. El de Huesca-Monegros albergar\u00e1 ciclistas de <strong>30 nacionalidades que gozar\u00e1n de una \u00abexperiencia \u00fanica e inigualable\u00bb.<\/strong><\/p>\n<p><strong>El alcalde de Gra\u00f1\u00e9n, Carlos Samp\u00e9riz,<\/strong> ha expuesto la importancia para su localidad y para la provincia de Huesca de la <strong>\u00abdiversificaci\u00f3n de deportes\u00bb que permite la naturaleza oscense, y en este caso es un \u00abescenario \u00fanico y especial\u00bb<\/strong>. Contribuyen, a su vez, a \u00abreequilibrar el territorio. Tenemos un desierto muy rico y atractivo y vamos a recibir dos pruebas importantes que ayudar\u00e1n al pueblo y al entorno. <strong>Esta prueba viene bien a los Monegros y a la gente de Huesca<\/strong>. Vamos a tener a deportistas de 30 nacionalidades en La Hoya y Monegros\u00bb, motivo por el que ha agradecido como alcalde a HU108 su inter\u00e9s y a la Diputaci\u00f3n su apuesta por el territorio.<\/p>\n<p><strong>Maribel Bailo, alcaldesa de La Sotonera<\/strong>, ha manifestado \u00absu satisfacci\u00f3n por la apuesta de esta prueba que va a unir <strong>dos joyas, la Colegiata de Bolea y el Castillo de Loarre.<\/strong> Se a\u00fanan deporte, historia y paisaje, y los deportistas van a gozar de una experiencia inolvidable, van a sufrir y van a disfrutar, y nosotros vamos a poder demostrar lo que somos y d\u00f3nde estamos\u00bb.<\/p>\n<p>Oriol Mill\u00e1n y Sergio SerraTRES PRUEBAS<\/p>\n<p><strong>Sergio Ram\u00f3n, de la Asociaci\u00f3n Espacio HU-108<\/strong>, ha admitido su emoci\u00f3n por estos dos d\u00edas de una prueba novedosa que debe hacernos reconocer la labor de los ganaderos y de los agricultores que, con su acci\u00f3n, han permitido \u00abtener las zonas arregladas\u00bb para una doble prueba que va a atravesar muchas pistas y poco asfalto.<\/p>\n<p>El viernes, 12 de septiembre, tendr\u00e1 lugar la <strong>crono escalada de 13,27 kil\u00f3metros que arranca de la Colegiata de Bolea y el llano del Castillo de Loarre<\/strong>, con sesenta corredores que salvar\u00e1n 423 metros de desnivel (700 acumulados= con una altitud de 1.036 metros, en una ruta fascinante cargada de naturaleza e historia.<\/p>\n<p><strong>El s\u00e1bado, desde las 6 de la ma\u00f1ana recoger\u00e1n los dorsales los doscientos participantes de 30 nacionalidades <\/strong>que efectuar\u00e1n las salidas masculina y femenina, en la primera de ellas en la modalidad Pro y de series mundiales. Dos rutas, la larga de<strong> 168,38 kil\u00f3metros con 1.440 metros de desnivel, y la corta de 80 kil\u00f3metros.<\/strong> La m\u00e1s extendida calcula el tiempo en cuatro horas que transcurren por <strong>Gra\u00f1\u00e9n, la Ermita de Santa Quiteria, Robres (desde donde los de la m\u00e1s breve retornar\u00e1n hacia la meta), Lanaja, Albalatillo, Sari\u00f1ena, San Lorenzo del Flumen y el destino gra\u00f1enense.<\/strong><\/p>\n<p><strong>La general de la Gravel Desert se computar\u00e1 con los tiempos totales de viernes y s\u00e1bado<\/strong>, aunque, como ha especificado Sergio Ram\u00f3n, las distancias m\u00e1s amplias se producir\u00e1n el s\u00e1bado.<\/p>\n<p>Ser\u00e1 la primera edici\u00f3n de muchas que pretende organizar la Asociaci\u00f3n Espacio HU-108, que ha destacado la rapidez con la que se consumaron las inscripciones de deportistas que llegan desde<strong> Holanda, B\u00e9lgica, Canad\u00e1, Francia y hasta 30 nacionalidades.<\/strong><\/p>\n","protected":false},"excerpt":{"rendered":"Los Monegros y La Hoya estrenan una esperiencia ambiciosa en torno a Gra\u00f1\u00e9n y Bolea con el Grave&hellip;\n","protected":false},"author":2,"featured_media":105754,"comment_status":"","ping_status":"","sticky":false,"template":"","format":"standard","meta":{"footnotes":""},"categories":[273],"tags":[313,312,168,25,24,23,167],"class_list":{"0":"post-105753","1":"post","2":"type-post","3":"status-publish","4":"format-standard","5":"has-post-thumbnail","7":"category-ciclismo","8":"tag-ciclismo","9":"tag-cycling","10":"tag-deportes","11":"tag-es","12":"tag-espana","13":"tag-spain","14":"tag-sports"},"share_on_mastodon":{"url":"","error":""},"_links":{"self":[{"href":"https:\/\/www.europesays.com\/es\/wp-json\/wp\/v2\/posts\/105753","targetHints":{"allow":["GET"]}}],"collection":[{"href":"https:\/\/www.europesays.com\/es\/wp-json\/wp\/v2\/posts"}],"about":[{"href":"https:\/\/www.europesays.com\/es\/wp-json\/wp\/v2\/types\/post"}],"author":[{"embeddable":true,"href":"https:\/\/www.europesays.com\/es\/wp-json\/wp\/v2\/users\/2"}],"replies":[{"embeddable":true,"href":"https:\/\/www.europesays.com\/es\/wp-json\/wp\/v2\/comments?post=105753"}],"version-history":[{"count":0,"href":"https:\/\/www.europesays.com\/es\/wp-json\/wp\/v2\/posts\/105753\/revisions"}],"wp:featuredmedia":[{"embeddable":true,"href":"https:\/\/www.europesays.com\/es\/wp-json\/wp\/v2\/media\/105754"}],"wp:attachment":[{"href":"https:\/\/www.europesays.com\/es\/wp-json\/wp\/v2\/media?parent=105753"}],"wp:term":[{"taxonomy":"category","embeddable":true,"href":"https:\/\/www.europesays.com\/es\/wp-json\/wp\/v2\/categories?post=105753"},{"taxonomy":"post_tag","embeddable":true,"href":"https:\/\/www.europesays.com\/es\/wp-json\/wp\/v2\/tags?post=105753"}],"curies":[{"name":"wp","href":"https:\/\/api.w.org\/{rel}","templated":true}]}}