{"id":105759,"date":"2025-09-10T15:12:08","date_gmt":"2025-09-10T15:12:08","guid":{"rendered":"https:\/\/www.europesays.com\/es\/105759\/"},"modified":"2025-09-10T15:12:08","modified_gmt":"2025-09-10T15:12:08","slug":"por-que-no-se-puede-jugar-en-el-camp-nou-si-por-dentro-tiene-buen-aspecto-al-escuchar-el-anuncio-se-echaron-las-manos-a-la-cabeza-futbol","status":"publish","type":"post","link":"https:\/\/www.europesays.com\/es\/105759\/","title":{"rendered":"Por qu\u00e9 no se puede jugar en el Camp Nou si por dentro tiene buen aspecto: \u00abAl escuchar el anuncio se echaron las manos a la cabeza\u00bb | F\u00fatbol"},"content":{"rendered":"<p>Ya se sabe d\u00f3nde se va a jugar el Bar\u00e7a-Valencia de este domingo. Tras varias semanas siendo inc\u00f3gnita, el club catal\u00e1n confirm\u00f3 este martes que el duelo de la jornada 4 <a href=\"https:\/\/cadenaser.com\/nacional\/2025\/09\/09\/el-barca-comunica-que-el-estadio-johan-cruyff-albergara-finalmente-su-partido-de-liga-frente-al-valencia-cadena-ser\/\" target=\"_blank\" rel=\"noreferrer nofollow noopener\" title=\"https:\/\/cadenaser.com\/nacional\/2025\/09\/09\/el-barca-comunica-que-el-estadio-johan-cruyff-albergara-finalmente-su-partido-de-liga-frente-al-valencia-cadena-ser\/\">se disputar\u00e1 finalmente en el Estadio Johan Cruyff de Sant Joan Desp\u00ed<\/a>, de seis mil espectadores. Lo que es evidente es que el club no ha acabado las obras de la primera fase del nuevo Camp Nou y sin eso no puede obtener los permisos administrativos para volver, lo que hace imposible tener el OK del Ayuntamiento.<\/p>\n<p>Visiblemente, las im\u00e1genes del Camp Nou por dentro tienen buen aspecto, pero el problema est\u00e1 fuera y en los accesos, y eso es lo que hace que todav\u00eda no se d\u00e9 luz verde. \u00abEs una cuesti\u00f3n t\u00e9cnica y de seguridad. Hace falta una cosa que se llama certificado final de obra y lo tiene que acreditar y firmar el club. C\u00f3mo puedes pedir licencias municipales si t\u00fa mismo no tienes garantizado y firmado el certificado final de obra\u00bb, apunta Jordi Mart\u00ed en El Larguero.<\/p>\n<p>Para el periodista, la gesti\u00f3n de Laporta es \u00abirresponsable\u00bb ya que si a\u00fan no ves clara la vuelta al nuevo Camp Nou, lo ideal hubiera sido garantizar o mantener el alquiler del Estadio Ol\u00edmpico de Montjuic, donde este viernes alberga el concierto del artista Post Malone. \u00abTe ahorras este desprop\u00f3sito que estamos viviendo\u00bb, contin\u00faa.<\/p>\n<p>M\u00e1s informaci\u00f3n<\/p>\n<p>Esta prisa de la directiva del Barcelona por llegar cuando antes al nuevo estadio ha provocado anuncios fallidos. El propio presidente Laporta y la vicepresidenta institucional Maria Elena Fort, en El Larguero, anunciaron el regreso al Spotify Camp Nou para el Gamper del d\u00eda 10 de agosto, incluso con un aforo de 60.000 aficionados. Y el partido contra el Como no se jug\u00f3 all\u00ed. \u00abCuando los t\u00e9cnicos del Ayuntamiento escucharon el anuncio de regreso se echaron las manos a la cabeza\u00bb, recuerda Jordi Mart\u00ed.<\/p>\n<p>En este sentido, el periodista de SER Catalunya explica en El Larguero que estos anuncios tienen su origen en \u00ablos <a href=\"https:\/\/cadenaser.com\/nacional\/2025\/09\/10\/los-compromisos-contractuales-con-los-inversores-y-patrocinadores-obligan-al-barca-a-acelerar-el-regreso-al-camp-nou-cadena-ser\/\" target=\"_blank\" rel=\"noreferrer nofollow noopener\" title=\"https:\/\/cadenaser.com\/nacional\/2025\/09\/10\/los-compromisos-contractuales-con-los-inversores-y-patrocinadores-obligan-al-barca-a-acelerar-el-regreso-al-camp-nou-cadena-ser\/\">compromisos contractuales<\/a> y con compromisos de todo tipo con todos los que te est\u00e1n observando con lupa\u00bb. El primero de ellos es el inversor Goldman Sachs, que es el que puso el dinero para levantar el campo. \u00abPor eso, Laporta ha mantenido ese inter\u00e9s hasta el \u00faltimo minuto sin que hubiera agua en la piscina para tratar de alcanzar el nuevo Camp Nou\u00bb, a\u00f1ade. <\/p>\n<p>\u00abLaLiga es otro de los que mira con lupa porque es posible que en los presupuestos del Bar\u00e7a haya partidas relacionadas con el regreso. La UEFA, que te han multado, y t\u00fa como garant\u00eda para acordar una multa de 15 millones, has puesto sobre la mesa el futuro regreso al Camp Nou. La palanca de los asientos VIP. Esta palanca, confusa, tambi\u00e9n maltrecha, pero que tiene mucho que ver con activar esos 475 asientos VIP, que, para que se puedan activar, tienen que estar presentables en el lugar indicado\u00bb, completa Jordi Mart\u00ed. <\/p>\n<p>Por ahora, la vuelta del Camp Nou es una inc\u00f3gnita y el duelo ante el Valencia se jugar\u00e1 en el Johan Cruyff, con enfado incluido de los valencianistas, que se ha verbalizado en el acto de renovaci\u00f3n de Diego L\u00f3pez ese mismo martes. \u00abSe sienten incluso hasta maltratados por parte del Bar\u00e7a. Ni en su comunicado ha agradecido al Valencia. No ha tenido palabras hacia el Valencia. No se lo han comunicado los \u00faltimos d\u00edas\u00bb, desvela Chimo Masmano. Un sentimiento que tambi\u00e9n tiene la afici\u00f3n, que desde la agrupaci\u00f3n de pe\u00f1as apuntan a que el Barcelona ha vulnerado dos art\u00edculos, uno de LaLiga en cuanto a la fecha y otro de la Federaci\u00f3n en cuanto al m\u00ednimo de 15.000 espectadores.<\/p>\n","protected":false},"excerpt":{"rendered":"Ya se sabe d\u00f3nde se va a jugar el Bar\u00e7a-Valencia de este domingo. Tras varias semanas siendo inc\u00f3gnita,&hellip;\n","protected":false},"author":2,"featured_media":105760,"comment_status":"","ping_status":"","sticky":false,"template":"","format":"standard","meta":{"footnotes":""},"categories":[268],"tags":[36709,36710,210,36711,168,25,24,36712,36713,1206,280,36714,282,36715,36716,1209,36717,36718,36719,36720,36721,9,1215,24857,281,23,36722,167,36723,36724,1221,9079,36725,36726,22604,36727,1223,36728],"class_list":{"0":"post-105759","1":"post","2":"type-post","3":"status-publish","4":"format-standard","5":"has-post-thumbnail","7":"category-futbol","8":"tag-architectural-lighting","9":"tag-august-12","10":"tag-barcelona","11":"tag-barcelona-events","12":"tag-deportes","13":"tag-es","14":"tag-espana","15":"tag-event-lighting","16":"tag-event-preparation","17":"tag-fcb","18":"tag-football","19":"tag-football-stadium","20":"tag-futbol","21":"tag-illumination","22":"tag-infrastructure","23":"tag-joan-valls","24":"tag-lighting","25":"tag-lighting-design","26":"tag-lighting-technology","27":"tag-lighting-tests","28":"tag-media-coverage","29":"tag-news","30":"tag-nurphoto","31":"tag-photojournalism","32":"tag-soccer","33":"tag-spain","34":"tag-spain-events","35":"tag-sports","36":"tag-sports-events","37":"tag-sports-infrastructure","38":"tag-sports-photography","39":"tag-spotify-camp-nou","40":"tag-spotify-camp-nou-works","41":"tag-stadium-lighting","42":"tag-testing","43":"tag-urban-photography","44":"tag-urbanandsport","45":"tag-venue-management"},"share_on_mastodon":{"url":"","error":""},"_links":{"self":[{"href":"https:\/\/www.europesays.com\/es\/wp-json\/wp\/v2\/posts\/105759","targetHints":{"allow":["GET"]}}],"collection":[{"href":"https:\/\/www.europesays.com\/es\/wp-json\/wp\/v2\/posts"}],"about":[{"href":"https:\/\/www.europesays.com\/es\/wp-json\/wp\/v2\/types\/post"}],"author":[{"embeddable":true,"href":"https:\/\/www.europesays.com\/es\/wp-json\/wp\/v2\/users\/2"}],"replies":[{"embeddable":true,"href":"https:\/\/www.europesays.com\/es\/wp-json\/wp\/v2\/comments?post=105759"}],"version-history":[{"count":0,"href":"https:\/\/www.europesays.com\/es\/wp-json\/wp\/v2\/posts\/105759\/revisions"}],"wp:featuredmedia":[{"embeddable":true,"href":"https:\/\/www.europesays.com\/es\/wp-json\/wp\/v2\/media\/105760"}],"wp:attachment":[{"href":"https:\/\/www.europesays.com\/es\/wp-json\/wp\/v2\/media?parent=105759"}],"wp:term":[{"taxonomy":"category","embeddable":true,"href":"https:\/\/www.europesays.com\/es\/wp-json\/wp\/v2\/categories?post=105759"},{"taxonomy":"post_tag","embeddable":true,"href":"https:\/\/www.europesays.com\/es\/wp-json\/wp\/v2\/tags?post=105759"}],"curies":[{"name":"wp","href":"https:\/\/api.w.org\/{rel}","templated":true}]}}