{"id":105765,"date":"2025-09-10T15:16:09","date_gmt":"2025-09-10T15:16:09","guid":{"rendered":"https:\/\/www.europesays.com\/es\/105765\/"},"modified":"2025-09-10T15:16:09","modified_gmt":"2025-09-10T15:16:09","slug":"la-cancion-sorpresa-de-leire-martinez-junto-a-uno-de-sus-companeros-de-operacion-triunfo-no-lo-vimos-venir","status":"publish","type":"post","link":"https:\/\/www.europesays.com\/es\/105765\/","title":{"rendered":"La canci\u00f3n sorpresa de Leire Mart\u00ednez junto a uno de sus compa\u00f1eros de Operaci\u00f3n Triunfo: \u00abNo lo vimos venir\u00bb"},"content":{"rendered":"<p class=\"v-mdl-ath__p v-mdl-ath__p--6\">\nMi\u00e9rcoles, 10 de septiembre 2025, 16:26<\/p>\n<p>| Actualizado 16:33h.<\/p>\n<p class=\"v-p\">Leire Mart\u00ednez ha sorprendido recientemente a todos sus fans. Y es que la cantante guipuzcoana y exvocalista de La Oreja de Van Gogh ha anunciado que el pr\u00f3ximo 19 de septiembre sacar\u00e1 su nueva canci\u00f3n &#8216;Tonto por ti&#8217;. Pero no cantar\u00e1 sola, ya que se trata de<a href=\"https:\/\/www.diariovasco.com\/culturas\/musica\/leire-martinez-estrena-nueva-cancion-saiko-la-oreja-de-van-gogh-desaparecido-netflix-concierto-sagues-semana-grande-20250618130853-nt.html\" target=\"_blank\" data-voc-vtm-id=\"in-text-traffic\" title=\" una colaboraci\u00f3n junto a un artista inesperado\" data-mrf-link=\"www.diariovasco.com\" rel=\"nofollow noopener\"> una colaboraci\u00f3n junto a un artista inesperado<\/a>.<\/p>\n<p class=\"v-p\">\u00abNo lo vimos venir\u00bb, comentaba uno de los seguidores en la publicaci\u00f3n subida a la cuenta de Instagram con el anuncio de la colaboraci\u00f3n y una fotograf\u00eda en la que aparecen tanto Leire Mart\u00ednez como el cantante de 27 a\u00f1os, Abraham Mateo.<\/p>\n<p class=\"v-p\">Y es que esta colaboraci\u00f3n llega unos pocos d\u00edas antes del estreno de la nueva edici\u00f3n de Operaci\u00f3n Triunfo, en la que la cantante de 46 a\u00f1os participar\u00e1 precisamente como jurado junto Abraham Mateo. Ser\u00e1 el lunes 15 de septiembre por la noche cuando se celebre la primera gala del concurso, mientras que la canci\u00f3n, sobre la que todav\u00eda no se sabe m\u00e1s detalles, se estrenar\u00e1 cuatro d\u00edas despu\u00e9s.<\/p>\n<p>Las nuevas colaboraciones de Leire Mart\u00ednez y un nuevo disco a finales de este a\u00f1o<\/p>\n<p class=\"v-p\">De momento, Leire Mart\u00ednez solo ha desvelado la portada del sencillo, donde ambos cantantes aparecen enfrentados cara a cara sobre un fondo blanco. Aunque esta no es la primera sorpresa de la cantante tras haber dejado atr\u00e1s la famosa banda guipuzcoana y haber anunciado su carrera en solitario. <\/p>\n<p><a href=\"http:\/\/www.diariovasco.com\/culturas\/musica\/leire-martinez-estrena-nueva-cancion-saiko-la-oreja-de-van-gogh-desaparecido-netflix-concierto-sagues-semana-grande-20250618130853-nt.html#vtm_modulosEngag=mod-rel:culturas:noticia:1:cmp:1-not\" class=\"v-a-link\" aria-label=\"Imagen\" rel=\"nofollow noopener\" target=\"_blank\"><\/p>\n<p><img decoding=\"async\" loading=\"lazy\" src=\"https:\/\/www.europesays.com\/es\/wp-content\/uploads\/2025\/09\/leire-saiko-k2dD--366x256@Diario Vasco.jpg\" class=\"v-a-img\" width=\"258\" height=\"180\" alt=\"\" data-voc-vtm-id=\"in-text-traffic\"\/><\/p>\n<p><\/a><\/p>\n<p class=\"v-p\">En junio, la cantante tambi\u00e9n anunci\u00f3 su colaboraci\u00f3n en el \u00e1lbum del granadino &#8216;Saiko&#8217;. La guipuzcoana particip\u00f3 en la canci\u00f3n &#8216;Mariposas&#8217; dentro del \u00e1lbum &#8216;Natsukashii Yoru&#8217;, d\u00e1ndole un toque \u00fanico al tener un estilo bastante distinto respecto al del joven artista.<\/p>\n<p class=\"v-p\">Todo ello con un nuevo \u00e1lbum a la vista de Leire Mart\u00ednez en solitario, cuyo primer single, &#8216;Mi Nombre&#8217;, se lanz\u00f3 el pasado 11 de abril de 2025, seguido por el segundo sencillo &#8216;Tres Deseos&#8217;, estrenado el pasado 4 de julio. Un proyecto en el que la cantante explorar\u00e1 su faceta m\u00e1s personal e \u00edntima y que, seg\u00fan ha revelado espera que salga a finales de este 2025.<\/p>\n<p>Comenta<\/p>\n<p>Reporta un error<\/p>\n","protected":false},"excerpt":{"rendered":"Mi\u00e9rcoles, 10 de septiembre 2025, 16:26 | Actualizado 16:33h. Leire Mart\u00ednez ha sorprendido recientemente a todos sus fans.&hellip;\n","protected":false},"author":2,"featured_media":105766,"comment_status":"","ping_status":"","sticky":false,"template":"","format":"standard","meta":{"footnotes":""},"categories":[171],"tags":[36730,15350,146,147,25,24,20220,36729,185,222,5785,23,214],"class_list":{"0":"post-105765","1":"post","2":"type-post","3":"status-publish","4":"format-standard","5":"has-post-thumbnail","7":"category-tv","8":"tag-abraham-mateo","9":"tag-cancion","10":"tag-entertainment","11":"tag-entretenimiento","12":"tag-es","13":"tag-espana","14":"tag-la-oreja-de-van-gogh","15":"tag-leire-martinez","16":"tag-musica","17":"tag-operacion-triunfo","18":"tag-sorpresa","19":"tag-spain","20":"tag-tv"},"share_on_mastodon":{"url":"","error":""},"_links":{"self":[{"href":"https:\/\/www.europesays.com\/es\/wp-json\/wp\/v2\/posts\/105765","targetHints":{"allow":["GET"]}}],"collection":[{"href":"https:\/\/www.europesays.com\/es\/wp-json\/wp\/v2\/posts"}],"about":[{"href":"https:\/\/www.europesays.com\/es\/wp-json\/wp\/v2\/types\/post"}],"author":[{"embeddable":true,"href":"https:\/\/www.europesays.com\/es\/wp-json\/wp\/v2\/users\/2"}],"replies":[{"embeddable":true,"href":"https:\/\/www.europesays.com\/es\/wp-json\/wp\/v2\/comments?post=105765"}],"version-history":[{"count":0,"href":"https:\/\/www.europesays.com\/es\/wp-json\/wp\/v2\/posts\/105765\/revisions"}],"wp:featuredmedia":[{"embeddable":true,"href":"https:\/\/www.europesays.com\/es\/wp-json\/wp\/v2\/media\/105766"}],"wp:attachment":[{"href":"https:\/\/www.europesays.com\/es\/wp-json\/wp\/v2\/media?parent=105765"}],"wp:term":[{"taxonomy":"category","embeddable":true,"href":"https:\/\/www.europesays.com\/es\/wp-json\/wp\/v2\/categories?post=105765"},{"taxonomy":"post_tag","embeddable":true,"href":"https:\/\/www.europesays.com\/es\/wp-json\/wp\/v2\/tags?post=105765"}],"curies":[{"name":"wp","href":"https:\/\/api.w.org\/{rel}","templated":true}]}}