{"id":105773,"date":"2025-09-10T15:21:07","date_gmt":"2025-09-10T15:21:07","guid":{"rendered":"https:\/\/www.europesays.com\/es\/105773\/"},"modified":"2025-09-10T15:21:07","modified_gmt":"2025-09-10T15:21:07","slug":"muere-el-productor-de-cine-jose-antonio-felez-a-los-71-anos-el-mundo","status":"publish","type":"post","link":"https:\/\/www.europesays.com\/es\/105773\/","title":{"rendered":"Muere el productor de cine Jos\u00e9 Antonio F\u00e9lez a los 71 a\u00f1os &#8211; El Mundo"},"content":{"rendered":"<ol>\n<li><a href=\"https:\/\/news.google.com\/rss\/articles\/CBMiggFBVV95cUxNUEhZV3ZoNFJ2SDQxeTFiZG1tS3pWcHQ0RnExZTVMVTY1bER1X3NrM1JiTjlHck5JcHdDQTROOFlkOEdPVy0wb2lDQ3JCelhpT2xSQmhXT1JnXy1hOHZ4QUZzd0NjYkx1OE1uRnU3TkxXZm5GMXl0OTdQVWRYcE8tYUJn?oc=5\" target=\"_blank\" rel=\"nofollow noopener\">Muere el productor de cine Jos\u00e9 Antonio F\u00e9lez a los 71 a\u00f1os<\/a>&nbsp;&nbsp;El Mundo<\/li>\n<li><a href=\"https:\/\/news.google.com\/rss\/articles\/CBMi4gFBVV95cUxOZUhhcElTeG9uME9YOFRWZVlIOGdhRHRhX3NVZmZZS0NZeWtWLTZ5UENOZ3hsRmJJTzA4WDZRcG9mbFFpMFdJcGZZLWhObEo4cDRFN045Z3J0a2JVSmNNNGZLUko2UVoyV3V4LTM2ZjRWTHV3cUNzMTBESWVDVlFFY3ZHX2Y1TEFWT09mQno2US03VHJKZlZfLWNHZWZHaFNUeW9lSERrRDBuYjZPSHBvLU1oWkdyVHVHSDhuMmFQWmpIYmRfakVDYWg1Q2ZJc3JnN3FYNExWcjFTYWx2VmVCQmR3?oc=5\" target=\"_blank\" rel=\"nofollow noopener\">Muere a los 71 a\u00f1os el productor de cine Jos\u00e9 Antonio F\u00e9lez, ganador del Goya con \u2018El Bola\u2019 y \u2018La isla m\u00ednima\u2019<\/a>&nbsp;&nbsp;EL PA\u00cdS<\/li>\n<li><a href=\"https:\/\/news.google.com\/rss\/articles\/CBMirwFBVV95cUxONEhHWVBwMkp2Q2N4Y2xUN1hudHpBRVBqcmFyLXNyWVYwZ09IRlJIUmI1S0pEMlRjSkhMSE5iMTFzOW9oaWcyR0pBeElGaThqZGNjbEF5eTRIanc5WGJ2ZlU3bHo2bkhLT0lmSHJWZ1FlV1otQmxISUREdEpuNXU1YzZjS0VLZW1fcnBtNlFnZTB3QXNDWnRqVEotY3VZZDFKSmRQLU9EV1dqZDN2M2xr?oc=5\" target=\"_blank\" rel=\"nofollow noopener\">Fallece el productor Jos\u00e9 Antonio F\u00e9lez, art\u00edfice del rodaje en M\u00e1laga de &#8216;La chica de nieve&#8217;<\/a>&nbsp;&nbsp;Diario Sur<\/li>\n<li><a href=\"https:\/\/news.google.com\/rss\/articles\/CBMizgFBVV95cUxPNGFUbUQ0Yms1YndjbDJKa2xUODAtVTZCeGdvSXdSemJuWDFBUmpFV2MwN2VFTmttRnp3UzRTZHViT3dLZmhocHQ1Ym90NWlnaG9JUFpaYWpzRHNzTmVoTGJXY3BLbExfdmVCV2NORWJHZHlpSF9sWU9FTEcweEFTcS1MTzluU1dWdC10SmU2dmNRdVpNbF9JUDZ5THBYT3p3VHZDMFlxQTdVN3ppNFpOSzdUdmpLTDVIQ1U2Z3R1b3RTRHJEVU1sS2Y4STB1UQ?oc=5\" target=\"_blank\" rel=\"nofollow noopener\">Muere el productor Jos\u00e9 Antonio F\u00e9lez, premio Goya a la Mejor Pel\u00edcula por &#8216;La isla m\u00ednima&#8217;<\/a>&nbsp;&nbsp;La Vanguardia<\/li>\n<li><a href=\"https:\/\/news.google.com\/rss\/articles\/CBMiigFBVV95cUxPdlhSRjBDVXFhZVVCRkVmRTRGamNCZXlLZkxDR2EyY3hHamdUX3NQUVAzRE5pSDd2Ml9JeVlILUktQWZOSmg5R3dUczVLb1BZLXREVHRCaV9BNjlZakcxY1JLdFR0SUZUX2VEOG8taWd3RHVLamNXaG5EZkl1N2R5cHB3dms2YWxDWUE?oc=5\" target=\"_blank\" rel=\"nofollow noopener\">Fallece el productor Jos\u00e9 Antonio F\u00e9lez<\/a>&nbsp;&nbsp;Academia de cine<\/li>\n<\/ol>\n","protected":false},"excerpt":{"rendered":"Muere el productor de cine Jos\u00e9 Antonio F\u00e9lez a los 71 a\u00f1os&nbsp;&nbsp;El Mundo Muere a los 71 a\u00f1os&hellip;\n","protected":false},"author":2,"featured_media":105774,"comment_status":"","ping_status":"","sticky":false,"template":"","format":"standard","meta":{"footnotes":""},"categories":[91],"tags":[177,209,4176,146,147,25,24,23],"class_list":{"0":"post-105773","1":"post","2":"type-post","3":"status-publish","4":"format-standard","5":"has-post-thumbnail","7":"category-entretenimiento","8":"tag-cine","9":"tag-cultura","10":"tag-cultura-cine","11":"tag-entertainment","12":"tag-entretenimiento","13":"tag-es","14":"tag-espana","15":"tag-spain"},"share_on_mastodon":{"url":"","error":""},"_links":{"self":[{"href":"https:\/\/www.europesays.com\/es\/wp-json\/wp\/v2\/posts\/105773","targetHints":{"allow":["GET"]}}],"collection":[{"href":"https:\/\/www.europesays.com\/es\/wp-json\/wp\/v2\/posts"}],"about":[{"href":"https:\/\/www.europesays.com\/es\/wp-json\/wp\/v2\/types\/post"}],"author":[{"embeddable":true,"href":"https:\/\/www.europesays.com\/es\/wp-json\/wp\/v2\/users\/2"}],"replies":[{"embeddable":true,"href":"https:\/\/www.europesays.com\/es\/wp-json\/wp\/v2\/comments?post=105773"}],"version-history":[{"count":0,"href":"https:\/\/www.europesays.com\/es\/wp-json\/wp\/v2\/posts\/105773\/revisions"}],"wp:featuredmedia":[{"embeddable":true,"href":"https:\/\/www.europesays.com\/es\/wp-json\/wp\/v2\/media\/105774"}],"wp:attachment":[{"href":"https:\/\/www.europesays.com\/es\/wp-json\/wp\/v2\/media?parent=105773"}],"wp:term":[{"taxonomy":"category","embeddable":true,"href":"https:\/\/www.europesays.com\/es\/wp-json\/wp\/v2\/categories?post=105773"},{"taxonomy":"post_tag","embeddable":true,"href":"https:\/\/www.europesays.com\/es\/wp-json\/wp\/v2\/tags?post=105773"}],"curies":[{"name":"wp","href":"https:\/\/api.w.org\/{rel}","templated":true}]}}