{"id":105788,"date":"2025-09-10T15:30:08","date_gmt":"2025-09-10T15:30:08","guid":{"rendered":"https:\/\/www.europesays.com\/es\/105788\/"},"modified":"2025-09-10T15:30:08","modified_gmt":"2025-09-10T15:30:08","slug":"el-jockey-club-reafirmo-su-prestigio-con-un-abierto-del-norte-inolvidable-la-gaceta","status":"publish","type":"post","link":"https:\/\/www.europesays.com\/es\/105788\/","title":{"rendered":"El Jockey Club reafirm\u00f3 su prestigio con un Abierto del Norte inolvidable &#8211; La Gaceta"},"content":{"rendered":"<ol>\n<li><a href=\"https:\/\/news.google.com\/rss\/articles\/CBMisAFBVV95cUxQNDg1NzJZRmNmZk90bkR1QURUT3VZRjVkMGRoYTlJMkc5Tm9Ldkt5V1U3YjNrVFRiYXB4c3IxWnI1dGo0czR6aVNGTEJ5N2JRYVU4cnZmeTkyM2tTOWY2RWdUOFhreVJlQ1BxR1ZGOE5ZWFpZdFZFaFcwdkp4Y3p6ZEVxR1JONF9YZ2tvWl9UaW5qS3lpaWxRY1ZNcFZpalJGVGtNWDV2VDh6YmZLazNaVw?oc=5\" target=\"_blank\" rel=\"nofollow noopener\">El Jockey Club reafirm\u00f3 su prestigio con un Abierto del Norte inolvidable<\/a>&nbsp;&nbsp;La Gaceta<\/li>\n<li><a href=\"https:\/\/news.google.com\/rss\/articles\/CBMihgFBVV95cUxQa2JBZnNTTC1CeTJQaXRkRU9YQklOb3RKbjg2QzIzUC1WZlBrVG4zSXJwU3dIOE5IZXZob18tUGVEV3B6Qnp2Z2ZGMl9ncDRNZEZvanZUVFhVY1JhMEgxMUFUVVFYd0xDTXFZdnRXUmoyeXo1dXhQNVFjZzZ3Ql9vakpLdnBpUQ?oc=5\" target=\"_blank\" rel=\"nofollow noopener\">N\u00fa\u00f1ez tambi\u00e9n fue profeta en su tierra y gan\u00f3 en Tucum\u00e1n<\/a>&nbsp;&nbsp;DeporTV<\/li>\n<li><a href=\"https:\/\/news.google.com\/rss\/articles\/CBMirAFBVV95cUxOaUlNX1Q4a2M4M3MwQWdiSjM4OWtieUlydTIzV3ZhSWliSE00MVh5R3JvYV85SmZacnJLd1FuMWVkYVZpZUFqY2ZuV0N4cUU5aVpEMnlOS25leEF6UFJzRTRFcnhvVW90c1l6MmtLbmlSdzhtcFd1QmVUS1Q1anZwamxjTjNTVnFOa2JIUC02bkdhaVZOVlZtTnV3djZIUjVBVjJQMVMzTUE1Z0hK?oc=5\" target=\"_blank\" rel=\"nofollow noopener\">El \u201cGato\u201d Zarlenga volvi\u00f3 al golf y se coron\u00f3 campe\u00f3n del Abierto del Norte<\/a>&nbsp;&nbsp;gnnoticias.com.ar<\/li>\n<li><a href=\"https:\/\/news.google.com\/rss\/articles\/CBMiswFBVV95cUxNSzB6SHBrdXZnNUw0VnFjMXJYR1phZGpiZ3hlRnVGQmVYNW5nOWtMWDd0Z19VNkZvWmhVa2JPem5odm5lTjExWGdLclllalBIcWdxOTc0a25fajVjSWItaTVON2pIR3VjTFpLOVpJYWZEZGFrY01jeXMtdGxQT01VaTJLT0hyV1JCOTRNRWpQTkw3RWJEMVlKT3lyTWRCUENDaXpJNllaOEk2Q0pwVGVHYWR3VdIBswFBVV95cUxNSzB6SHBrdXZnNUw0VnFjMXJYR1phZGpiZ3hlRnVGQmVYNW5nOWtMWDd0Z19VNkZvWmhVa2JPem5odm5lTjExWGdLclllalBIcWdxOTc0a25fajVjSWItaTVON2pIR3VjTFpLOVpJYWZEZGFrY01jeXMtdGxQT01VaTJLT0hyV1JCOTRNRWpQTkw3RWJEMVlKT3lyTWRCUENDaXpJNllaOEk2Q0pwVGVHYWR3VQ?oc=5\" target=\"_blank\" rel=\"nofollow noopener\">Franco Romero asume el liderazgo del Abierto del Norte a una ronda del final<\/a>&nbsp;&nbsp;LV12<\/li>\n<li><a href=\"https:\/\/news.google.com\/rss\/articles\/CBMiuAFBVV95cUxPbVRTbDlwTWVXMUM4Vl9NSDhSdXpyZWJ2SUNMeW85N0dvRmZ4MkJaazlDekVubXRCUmZMd3lqZVE3NHRSY0hGVERsbHZVQUJvUFFTYlhyeEh1Vm1HZG1FVV93amlveU8tVllfOFd1dGIzbGNPSWo5aXlNYjlELVdLOF8zUkVISmpNUkpsNUVrRXpVSlNSbkJzbFVwR0tWQ2VhNENfbml2U0t4NXlWTi1NV2piLVR3NjZG?oc=5\" target=\"_blank\" rel=\"nofollow noopener\">Augusto N\u00fa\u00f1ez se impuso en el 58\u00ba Abierto del Norte Copa Macro presentado por Amsterdam Salud<\/a>&nbsp;&nbsp;AAG<\/li>\n<\/ol>\n","protected":false},"excerpt":{"rendered":"El Jockey Club reafirm\u00f3 su prestigio con un Abierto del Norte inolvidable&nbsp;&nbsp;La Gaceta N\u00fa\u00f1ez tambi\u00e9n fue profeta en&hellip;\n","protected":false},"author":2,"featured_media":105789,"comment_status":"","ping_status":"","sticky":false,"template":"","format":"standard","meta":{"footnotes":""},"categories":[275],"tags":[283,32877,2047,168,25,24,329,33888,31518,32879,18249,23,167,13862],"class_list":{"0":"post-105788","1":"post","2":"type-post","3":"status-publish","4":"format-standard","5":"has-post-thumbnail","7":"category-golf","8":"tag-argentina","9":"tag-augusto-nunez","10":"tag-chile","11":"tag-deportes","12":"tag-es","13":"tag-espana","14":"tag-golf","15":"tag-gustavo-silvero","16":"tag-jockey-club-de-tucuman","17":"tag-mariano-malmierca","18":"tag-paraguay","19":"tag-spain","20":"tag-sports","21":"tag-uruguay"},"share_on_mastodon":{"url":"","error":""},"_links":{"self":[{"href":"https:\/\/www.europesays.com\/es\/wp-json\/wp\/v2\/posts\/105788","targetHints":{"allow":["GET"]}}],"collection":[{"href":"https:\/\/www.europesays.com\/es\/wp-json\/wp\/v2\/posts"}],"about":[{"href":"https:\/\/www.europesays.com\/es\/wp-json\/wp\/v2\/types\/post"}],"author":[{"embeddable":true,"href":"https:\/\/www.europesays.com\/es\/wp-json\/wp\/v2\/users\/2"}],"replies":[{"embeddable":true,"href":"https:\/\/www.europesays.com\/es\/wp-json\/wp\/v2\/comments?post=105788"}],"version-history":[{"count":0,"href":"https:\/\/www.europesays.com\/es\/wp-json\/wp\/v2\/posts\/105788\/revisions"}],"wp:featuredmedia":[{"embeddable":true,"href":"https:\/\/www.europesays.com\/es\/wp-json\/wp\/v2\/media\/105789"}],"wp:attachment":[{"href":"https:\/\/www.europesays.com\/es\/wp-json\/wp\/v2\/media?parent=105788"}],"wp:term":[{"taxonomy":"category","embeddable":true,"href":"https:\/\/www.europesays.com\/es\/wp-json\/wp\/v2\/categories?post=105788"},{"taxonomy":"post_tag","embeddable":true,"href":"https:\/\/www.europesays.com\/es\/wp-json\/wp\/v2\/tags?post=105788"}],"curies":[{"name":"wp","href":"https:\/\/api.w.org\/{rel}","templated":true}]}}