{"id":105792,"date":"2025-09-10T15:32:16","date_gmt":"2025-09-10T15:32:16","guid":{"rendered":"https:\/\/www.europesays.com\/es\/105792\/"},"modified":"2025-09-10T15:32:16","modified_gmt":"2025-09-10T15:32:16","slug":"no-estoy-sorprendido-solo-feliz-de-estar-con-los-mejores","status":"publish","type":"post","link":"https:\/\/www.europesays.com\/es\/105792\/","title":{"rendered":"\u201cNo estoy sorprendido, solo feliz de estar con los mejores\u00bb"},"content":{"rendered":"<p data-mrf-recirculation=\"Links P\u00e1rrafos\" class=\"ue-c-article__paragraph paragraph ue-c-article--first-letter-highlighted\">A sus 23 a\u00f1os, el ciclista de Tucson ya se ha instalado en el top-10 de la general. Ligero, ambicioso y con un futuro que ilusiona, <strong>el estadounidense confiesa a MARCA<\/strong> su sue\u00f1o de pelear alg\u00fan d\u00eda por el podio de una gran vuelta.<\/p>\n<p data-mrf-recirculation=\"Links P\u00e1rrafos\" class=\"ue-c-article__paragraph paragraph\"><strong>Matthew Riccitello<\/strong> (Tucson, 5 de marzo de 2002) mide 1,72 metros, pesa apenas 55 kilos y representa la nueva esperanza del ciclismo estadounidense en las grandes vueltas. Escalador nato, se ha convertido en una de las revelaciones de LaVuelta 2025 al resistir entre los mejores en la monta\u00f1a y mostrarse s\u00f3lido en la clasificaci\u00f3n general.<\/p>\n<p data-mrf-recirculation=\"Links P\u00e1rrafos\" class=\"ue-c-article__paragraph paragraph\">El joven corredor del Israel Premier Tech no oculta su satisfacci\u00f3n.<strong> \u201cMe siento bien. He estado bien los \u00faltimos d\u00edas y estoy ansioso para la tercera semana. Creo que hay un par de oportunidades m\u00e1s dif\u00edciles para intentar avanzar y, al final, estoy muy contento con c\u00f3mo ha ido la carrera hasta ahora\u201d<\/strong>, dec\u00eda a este medio el pasado lunes.<\/p>\n<p><img decoding=\"async\" width=\"3000\" height=\"2000\" class=\"ue-c-article__image lazyload\" alt=\"Riccitello, en una imagen de archivo.\" loading=\"lazy\" src=\"https:\/\/www.europesays.com\/es\/wp-content\/uploads\/2025\/09\/68c0a856e7337.jpeg\"\/><\/p>\n<p>Riccitello, en una imagen de archivo.<\/p>\n<p data-mrf-recirculation=\"Links P\u00e1rrafos\" class=\"ue-c-article__paragraph paragraph\"><strong>Riccitello,<\/strong> quien prefiere centrarse <strong>en la conversaci\u00f3n con MARCA<\/strong> en lo puramente deportivo, se\u00f1ala con precisi\u00f3n cu\u00e1les son las etapas que marcar\u00e1n el desenlace: \u201cProbablemente la etapa 20 en Bolo del Mundo ser\u00e1 decisiva. Creo que las etapas 17 y 20 ser\u00e1n igualmente importantes para la clasificaci\u00f3n general\u201d.<\/p>\n<p data-mrf-recirculation=\"Links P\u00e1rrafos\" class=\"ue-c-article__paragraph paragraph\"><strong>\u201cSiempre pens\u00e9 que pod\u00eda estar aqu\u00ed\u201d<\/strong><\/p>\n<p data-mrf-recirculation=\"Links P\u00e1rrafos\" class=\"ue-c-article__paragraph paragraph\">Su irrupci\u00f3n ha sorprendido al gran p\u00fablico, pero no al propio corredor: \u201c<strong>Creo que estar\u00e9 a su nivel muy pronto, con el entrenamiento y todo eso, pero fue algo que siempre pens\u00e9 que era capaz de hacer: luchar por el top-10 de una gran carrera, incluso este a\u00f1o.<\/strong> No dir\u00eda que estoy sorprendido, solo estoy m\u00e1s feliz y emocionado de estar finalmente ah\u00ed, luchando contra los mejores\u201d. Esa posici\u00f3n le da, asegura, \u201cm\u00e1s motivaci\u00f3n y confianza para avanzar\u201d.<\/p>\n<p data-mrf-recirculation=\"Links P\u00e1rrafos\" class=\"ue-c-article__paragraph paragraph\">El estadounidense analiza tambi\u00e9n la lucha por la victoria: \u201c<strong>La batalla parece ser entre Vingegaard y Almeida. Es dif\u00edcil decir si eso beneficia a los dem\u00e1s competidores de la general, pero creo que es bueno que Visma y UAE tengan fuertes equipos para ayudar a un ciclista como yo.<\/strong> Normalmente, cuanto m\u00e1s dif\u00edciles son las etapas, mejor. As\u00ed que si tienen equipos que quieren hacer la carrera dura, es bueno para m\u00ed\u201d.<\/p>\n<p><img decoding=\"async\" width=\"2000\" height=\"1195\" class=\"ue-c-article__image lazyload\" alt=\"Riccitello, en plena Vuelta.\" loading=\"lazy\" src=\"https:\/\/www.europesays.com\/es\/wp-content\/uploads\/2025\/09\/68c0a87f158ad.jpeg\"\/><\/p>\n<p>Riccitello, en plena Vuelta.<\/p>\n<p data-mrf-recirculation=\"Links P\u00e1rrafos\" class=\"ue-c-article__paragraph paragraph\">En ese sentido, valora que \u201cen la \u00faltima etapa de monta\u00f1a, Almeida y Vingegaard tienen un nivel m\u00e1s alto que los dem\u00e1s, pero no tan alto que sea una carrera completamente diferente. <strong>Creo que estamos todos corriendo la misma carrera. Quiz\u00e1 no hice el Tour, pero cuando lo vi, parec\u00eda que Vingegaard y Pogacar estaban en otra dimensi\u00f3n.<\/strong> Aqu\u00ed es un poco diferente\u201d.<\/p>\n<p data-mrf-recirculation=\"Links P\u00e1rrafos\" class=\"ue-c-article__paragraph paragraph\"><strong>Un sue\u00f1o desde ni\u00f1o<\/strong><\/p>\n<p data-mrf-recirculation=\"Links P\u00e1rrafos\" class=\"ue-c-article__paragraph paragraph\">Con solo 23 a\u00f1os, <strong>Riccitello<\/strong> ya piensa en el futuro: \u201cEs por eso que empec\u00e9 a montar en bici, porque me gustaba ver las grandes vueltas y pensaba que alg\u00fan d\u00eda podr\u00eda luchar por el podio. Siempre he dado un peque\u00f1o paso en esa direcci\u00f3n y creo que en el futuro podr\u00e9 pelear por estar ah\u00ed\u201d.<\/p>\n<blockquote class=\"ue-c-article__blockquote\">\n<p>Empec\u00e9 a montar en bici porque so\u00f1aba con luchar por el podio en una gran vuelta<\/p>\n<p>Riccitello a MARCA<\/p><\/blockquote>\n<p data-mrf-recirculation=\"Links P\u00e1rrafos\" class=\"ue-c-article__paragraph paragraph\">En ese proceso, su director deportivo \u00d3scar Guerrero ha tenido un papel clave: \u201cLo m\u00e1s importante es quedarme tranquilo y concentrado en lo que puedo controlar. No preocuparme demasiado por lo que pasa fuera de la carrera. Hacer mi trabajo y centrarme en mejorar cada d\u00eda, cada carrera, y confiar en el proceso\u201d.<\/p>\n<p data-mrf-recirculation=\"Links P\u00e1rrafos\" class=\"ue-c-article__paragraph paragraph\"><strong>El ciclismo de EE.UU., en auge<\/strong><\/p>\n<p data-mrf-recirculation=\"Links P\u00e1rrafos\" class=\"ue-c-article__paragraph paragraph\">Riccitello tambi\u00e9n reflexiona sobre el ciclismo en su pa\u00eds: \u201cEs muy bueno tener a un grupo de estadounidenses en el World Tour que lo est\u00e1n haciendo muy bien. Creo que todos nos beneficiamos del \u00e9xito de los dem\u00e1s y nos motivamos\u201d.<\/p>\n<blockquote class=\"ue-c-article__blockquote\">\n<p>Cuando no estoy en la bici, me gusta pasar tiempo con amigos y familia y no hablar de ciclismo<\/p>\n<p>Riccitello a MARCA<\/p><\/blockquote>\n<p data-mrf-recirculation=\"Links P\u00e1rrafos\" class=\"ue-c-article__paragraph paragraph\">El escalador lamenta la ausencia de pruebas en suelo americano: \u201cMe gustar\u00eda ver m\u00e1s carreras volver a Estados Unidos. Cuando empec\u00e9, ten\u00eda el Tour de California y siempre iba a verlo. Eran carreras divertidas y siempre quise correrlas. Me gustar\u00eda que volvieran\u201d.<\/p>\n<p data-mrf-recirculation=\"Links P\u00e1rrafos\" class=\"ue-c-article__paragraph paragraph\">Mira al futuro con esperanza: \u201cTener tantos ciclistas buenos ahora es un paso en la direcci\u00f3n correcta para que el ciclismo en Estados Unidos tenga m\u00e1s movimiento. Espero que el proyecto de un equipo fuerte salga bien. Ser\u00eda muy importante para el ciclismo estadounidense. Cuanto mejor lo hagamos en el escenario mundial, m\u00e1s j\u00f3venes querr\u00e1n entrar en este deporte\u201d.<\/p>\n<blockquote class=\"ue-c-article__blockquote\">\n<p>Cuanto mejor lo hagamos en el escenario mundial, m\u00e1s j\u00f3venes querr\u00e1n empezar en este deporte<\/p>\n<p>Riccitello a MARCA<\/p><\/blockquote>\n<p data-mrf-recirculation=\"Links P\u00e1rrafos\" class=\"ue-c-article__paragraph paragraph\"><strong>M\u00e1s all\u00e1 de la bicicleta<\/strong><\/p>\n<p data-mrf-recirculation=\"Links P\u00e1rrafos\" class=\"ue-c-article__paragraph paragraph\">En lo personal, Riccitello -que correr\u00e1 a partir del curso que viene con el Decathlon- se define como alguien entregado al ciclismo, pero que tambi\u00e9n busca su equilibrio: \u201cPara ser honesto, la mayor\u00eda de mi vida gira alrededor de la bicicleta. Pero cuando tengo tiempo libre me gusta descansar y pasar tiempo con mi familia y amigos. <strong>Cuando estoy en Estados Unidos, me gusta cambiar de modo, aunque sigo entrenando duro. Fuera de la bici me gusta no hablar mucho de ciclismo y hacer otras cosas que me gustan\u201d<\/strong>.\u00a0Gran aficionado al deporte, reconoce que sigue de cerca \u201cel f\u00fatbol, la NBA y todo tipo de competiciones en Estados Unidos\u201d.<\/p>\n<p data-mrf-recirculation=\"Links P\u00e1rrafos\" class=\"ue-c-article__paragraph paragraph\">Con humildad y determinaci\u00f3n, <strong>Riccitello<\/strong> no solo est\u00e1 firmando una gran Vuelta, sino que confirma que Estados Unidos vuelve a tener un ciclista llamado a marcar \u00e9poca.<\/p>\n","protected":false},"excerpt":{"rendered":"A sus 23 a\u00f1os, el ciclista de Tucson ya se ha instalado en el top-10 de la general.&hellip;\n","protected":false},"author":2,"featured_media":105793,"comment_status":"","ping_status":"","sticky":false,"template":"","format":"standard","meta":{"footnotes":""},"categories":[273],"tags":[313,312,168,25,24,23,167],"class_list":{"0":"post-105792","1":"post","2":"type-post","3":"status-publish","4":"format-standard","5":"has-post-thumbnail","7":"category-ciclismo","8":"tag-ciclismo","9":"tag-cycling","10":"tag-deportes","11":"tag-es","12":"tag-espana","13":"tag-spain","14":"tag-sports"},"share_on_mastodon":{"url":"","error":""},"_links":{"self":[{"href":"https:\/\/www.europesays.com\/es\/wp-json\/wp\/v2\/posts\/105792","targetHints":{"allow":["GET"]}}],"collection":[{"href":"https:\/\/www.europesays.com\/es\/wp-json\/wp\/v2\/posts"}],"about":[{"href":"https:\/\/www.europesays.com\/es\/wp-json\/wp\/v2\/types\/post"}],"author":[{"embeddable":true,"href":"https:\/\/www.europesays.com\/es\/wp-json\/wp\/v2\/users\/2"}],"replies":[{"embeddable":true,"href":"https:\/\/www.europesays.com\/es\/wp-json\/wp\/v2\/comments?post=105792"}],"version-history":[{"count":0,"href":"https:\/\/www.europesays.com\/es\/wp-json\/wp\/v2\/posts\/105792\/revisions"}],"wp:featuredmedia":[{"embeddable":true,"href":"https:\/\/www.europesays.com\/es\/wp-json\/wp\/v2\/media\/105793"}],"wp:attachment":[{"href":"https:\/\/www.europesays.com\/es\/wp-json\/wp\/v2\/media?parent=105792"}],"wp:term":[{"taxonomy":"category","embeddable":true,"href":"https:\/\/www.europesays.com\/es\/wp-json\/wp\/v2\/categories?post=105792"},{"taxonomy":"post_tag","embeddable":true,"href":"https:\/\/www.europesays.com\/es\/wp-json\/wp\/v2\/tags?post=105792"}],"curies":[{"name":"wp","href":"https:\/\/api.w.org\/{rel}","templated":true}]}}