{"id":105796,"date":"2025-09-10T15:34:10","date_gmt":"2025-09-10T15:34:10","guid":{"rendered":"https:\/\/www.europesays.com\/es\/105796\/"},"modified":"2025-09-10T15:34:10","modified_gmt":"2025-09-10T15:34:10","slug":"baloncesto-casademont-zaragoza-mariona-da-las-gracias-por-el-apoyo-tras-la-muerte-de-su-padre-por-las-facilidades-por-la-comprension-por-entender-mis-tiempos-y-sobretodo-por-el-apoyo","status":"publish","type":"post","link":"https:\/\/www.europesays.com\/es\/105796\/","title":{"rendered":"Baloncesto | Casademont Zaragoza | Mariona da las gracias por el apoyo tras la muerte de su padre: \u00abPor las facilidades, por la comprensi\u00f3n, por entender mis tiempos y sobretodo por el apoyo\u00bb"},"content":{"rendered":"<p class=\"ft-text\">\u00ab<strong>Muchas gracias. Al club por todo lo que me hab\u00e9is ayudado. Por las facilidades, por la comprensi\u00f3n, por entender mis tiempos y sobre todo por el apoyo que he sentido y que sigo sintiendo. Y a todos los mensajes que he ido recibiendo. Muchas gracias de mi parte y mi familia<\/strong>\u00ab, escrib\u00eda Mariona en sus redes sociales este mi\u00e9rcoles para agradecer al club y a los aficionados por sus mensajes de apoyo lamentando su p\u00e9rdida. El club zaragozano comunic\u00f3 el fallecimiento del padre de la jugadora, que ya tuvo que volver a Espa\u00f1a a mitad de la Park Shin-ja Cup por \u00abproblemas personales\u00bb.<\/p>\n<p class=\"ft-text\">La catalana recibe con los brazos abiertos todo el cari\u00f1o recibido por los aficionados del equipo rojillo, para los que <strong>Mariona es la mejor jugadora de su historia<\/strong>.<\/p>\n<p><a id=\"comments\" name=\"comments\" title=\"\" class=\"ft-anchor ft-anchor--absolute ft-helper-spacer-voffset-xlg\" rel=\"\"><\/a><\/p>\n","protected":false},"excerpt":{"rendered":"\u00abMuchas gracias. Al club por todo lo que me hab\u00e9is ayudado. Por las facilidades, por la comprensi\u00f3n, por&hellip;\n","protected":false},"author":2,"featured_media":105797,"comment_status":"","ping_status":"","sticky":false,"template":"","format":"standard","meta":{"footnotes":""},"categories":[269],"tags":[6635,299,298,5369,1798,7164,168,25,24,2837,36732,4920,1922,23,167],"class_list":{"0":"post-105796","1":"post","2":"type-post","3":"status-publish","4":"format-standard","5":"has-post-thumbnail","7":"category-baloncesto","8":"tag-apoyo","9":"tag-baloncesto","10":"tag-basketball","11":"tag-casademont-zaragoza","12":"tag-club","13":"tag-da","14":"tag-deportes","15":"tag-es","16":"tag-espana","17":"tag-gracias","18":"tag-mariona","19":"tag-muerte","20":"tag-redes-sociales","21":"tag-spain","22":"tag-sports"},"share_on_mastodon":{"url":"","error":""},"_links":{"self":[{"href":"https:\/\/www.europesays.com\/es\/wp-json\/wp\/v2\/posts\/105796","targetHints":{"allow":["GET"]}}],"collection":[{"href":"https:\/\/www.europesays.com\/es\/wp-json\/wp\/v2\/posts"}],"about":[{"href":"https:\/\/www.europesays.com\/es\/wp-json\/wp\/v2\/types\/post"}],"author":[{"embeddable":true,"href":"https:\/\/www.europesays.com\/es\/wp-json\/wp\/v2\/users\/2"}],"replies":[{"embeddable":true,"href":"https:\/\/www.europesays.com\/es\/wp-json\/wp\/v2\/comments?post=105796"}],"version-history":[{"count":0,"href":"https:\/\/www.europesays.com\/es\/wp-json\/wp\/v2\/posts\/105796\/revisions"}],"wp:featuredmedia":[{"embeddable":true,"href":"https:\/\/www.europesays.com\/es\/wp-json\/wp\/v2\/media\/105797"}],"wp:attachment":[{"href":"https:\/\/www.europesays.com\/es\/wp-json\/wp\/v2\/media?parent=105796"}],"wp:term":[{"taxonomy":"category","embeddable":true,"href":"https:\/\/www.europesays.com\/es\/wp-json\/wp\/v2\/categories?post=105796"},{"taxonomy":"post_tag","embeddable":true,"href":"https:\/\/www.europesays.com\/es\/wp-json\/wp\/v2\/tags?post=105796"}],"curies":[{"name":"wp","href":"https:\/\/api.w.org\/{rel}","templated":true}]}}