{"id":105798,"date":"2025-09-10T15:35:10","date_gmt":"2025-09-10T15:35:10","guid":{"rendered":"https:\/\/www.europesays.com\/es\/105798\/"},"modified":"2025-09-10T15:35:10","modified_gmt":"2025-09-10T15:35:10","slug":"la-recuperacion-de-isco-sigue-los-plazos-previstos","status":"publish","type":"post","link":"https:\/\/www.europesays.com\/es\/105798\/","title":{"rendered":"La recuperaci\u00f3n de Isco sigue los plazos previstos"},"content":{"rendered":"<p>El malague\u00f1o a\u00fan sigue inmovilizado y que pronto empezar\u00e1 a hace trabajo de gimnasio en la ciudad deportiva<\/p>\n<p><img fetchpriority=\"high\" class=\"voc-img\" src=\"https:\/\/www.europesays.com\/es\/wp-content\/uploads\/2025\/09\/isco-betis-sunderland-Rx52XXryWlfxrNARAudROvL-1200x840@diario_abc.jpg\" loading=\"eager\" decoding=\"async\" alt=\"Isco pugna con Xhaka durante el Sunderland - Betis de pretemporada\" width=\"1200\" height=\"840\"\/><\/p>\n<p>Isco pugna con Xhaka durante el Sunderland &#8211; Betis de pretemporada    reuters  <\/p>\n<p><img decoding=\"async\" class=\"voc-author__img\" src=\"https:\/\/www.europesays.com\/es\/wp-content\/uploads\/2025\/08\/autor-3503-foto-5.png\" alt=\"Mateo Gonz\u00e1lez\"\/><\/p>\n<p>10\/09\/2025<br \/>\n<br \/><strong><br \/>\nActualizado a las 14:52h.<br \/>\n<\/strong><\/p>\n<p class=\"voc-p\" style=\"\"><strong>Isco<\/strong> sigue el curso previsto en la recuperaci\u00f3n de la lesi\u00f3n que sufri\u00f3 en el peron\u00e9 en el encuentro amistoso ante el M\u00e1laga en pretemporada. El <strong>Real Betis<\/strong> se ha encargado de aclarar a los medios de comunicaci\u00f3n que el capit\u00e1n sigue inmovilizado y con muletas y que su evoluci\u00f3n es buena pero marcando los plazos iniciales.<\/p>\n<p class=\"voc-p\" style=\"\">El centrocampista ten\u00eda que estar<strong> seis semanas con una inmovilizaci\u00f3n<\/strong> especial despu\u00e9s de haber sufrido una entrada en el M\u00e1laga &#8211; Betis del pasado 9 de agosto, con lo que ahora se cumple la cuarta semana. Actualmente lleva una bota y muletas para poder desplazarse. <\/p>\n<p class=\"voc-p\" style=\"\">De esta forma su recuperaci\u00f3n sigue el guion previsto pero <strong>marcando los plazos iniciales<\/strong> y el jugador har\u00e1 en las pr\u00f3ximas semanas en la ciudad deportiva Luisd el Sol trabajo de gimnasio sin carga.<\/p>\n<p class=\"voc-p\" style=\"\">As\u00ed, no est\u00e1 recortando a\u00fan plazos porque no ha finalizado la primera fase de recuperaci\u00f3n con muletas y sigue sin apoyar el pie. En estas semanas se le realizar\u00e1n nuevos ex\u00e1menes para determinar sus avances.<\/p>\n<p class=\"voc-p\" style=\"\">Mientras, el club espera que llegue de nuevo a la ciudad deportiva en estas semanas para proceder al di\u00e1logo con respecto a la renovaci\u00f3n de su contrato hasta 2028, algo que se comenz\u00f3 a tratar antes de su lesi\u00f3n pero que se vio frenado por esta circunstancia y por el intenso mercado de fichajes.<\/p>\n<p>Reportar un error<\/p>\n","protected":false},"excerpt":{"rendered":"El malague\u00f1o a\u00fan sigue inmovilizado y que pronto empezar\u00e1 a hace trabajo de gimnasio en la ciudad deportiva&hellip;\n","protected":false},"author":2,"featured_media":105799,"comment_status":"","ping_status":"","sticky":false,"template":"","format":"standard","meta":{"footnotes":""},"categories":[268],"tags":[168,25,24,280,282,18527,36733,9510,10896,1262,281,23,167],"class_list":{"0":"post-105798","1":"post","2":"type-post","3":"status-publish","4":"format-standard","5":"has-post-thumbnail","7":"category-futbol","8":"tag-deportes","9":"tag-es","10":"tag-espana","11":"tag-football","12":"tag-futbol","13":"tag-isco","14":"tag-plazos","15":"tag-previstos","16":"tag-recuperacion","17":"tag-sigue","18":"tag-soccer","19":"tag-spain","20":"tag-sports"},"share_on_mastodon":{"url":"","error":""},"_links":{"self":[{"href":"https:\/\/www.europesays.com\/es\/wp-json\/wp\/v2\/posts\/105798","targetHints":{"allow":["GET"]}}],"collection":[{"href":"https:\/\/www.europesays.com\/es\/wp-json\/wp\/v2\/posts"}],"about":[{"href":"https:\/\/www.europesays.com\/es\/wp-json\/wp\/v2\/types\/post"}],"author":[{"embeddable":true,"href":"https:\/\/www.europesays.com\/es\/wp-json\/wp\/v2\/users\/2"}],"replies":[{"embeddable":true,"href":"https:\/\/www.europesays.com\/es\/wp-json\/wp\/v2\/comments?post=105798"}],"version-history":[{"count":0,"href":"https:\/\/www.europesays.com\/es\/wp-json\/wp\/v2\/posts\/105798\/revisions"}],"wp:featuredmedia":[{"embeddable":true,"href":"https:\/\/www.europesays.com\/es\/wp-json\/wp\/v2\/media\/105799"}],"wp:attachment":[{"href":"https:\/\/www.europesays.com\/es\/wp-json\/wp\/v2\/media?parent=105798"}],"wp:term":[{"taxonomy":"category","embeddable":true,"href":"https:\/\/www.europesays.com\/es\/wp-json\/wp\/v2\/categories?post=105798"},{"taxonomy":"post_tag","embeddable":true,"href":"https:\/\/www.europesays.com\/es\/wp-json\/wp\/v2\/tags?post=105798"}],"curies":[{"name":"wp","href":"https:\/\/api.w.org\/{rel}","templated":true}]}}