{"id":105810,"date":"2025-09-10T15:43:08","date_gmt":"2025-09-10T15:43:08","guid":{"rendered":"https:\/\/www.europesays.com\/es\/105810\/"},"modified":"2025-09-10T15:43:08","modified_gmt":"2025-09-10T15:43:08","slug":"las-personas-con-un-alto-nivel-educativo-podrian-ser-diagnosticadas-con-alzheimer-mas-tarde-que-el-resto-asi-lo-indica-un-estudio","status":"publish","type":"post","link":"https:\/\/www.europesays.com\/es\/105810\/","title":{"rendered":"Las personas con un alto nivel educativo podr\u00edan ser diagnosticadas con Alzheimer m\u00e1s tarde que el resto: as\u00ed lo indica un estudio"},"content":{"rendered":"<p class=\"ft-text\">Un nuevo estudio realizado por investigadores de la<strong> Facultad de Medicina Chobanian &amp; Avedisian de la Universidad de Boston<\/strong> (Estados Unidos) ha descubierto que las personas con m\u00e1s a\u00f1os de formaci\u00f3n educativa <strong>perd\u00edan la memoria y las capacidades cognitivas m\u00e1s r\u00e1pidamente tras ser diagnosticadas con enfermedad de Alzheimer <\/strong>(EA), en comparaci\u00f3n con aquellas que ten\u00edan <strong>menos formaci\u00f3n.<\/strong><\/p>\n<p class=\"ft-text\">La reserva cognitiva (RC) es la capacidad del cerebro para mantener la funci\u00f3n cognitiva a pesar de los cambios cerebrales relacionados con la edad, los da\u00f1os o las enfermedades. Refleja la capacidad de una persona para hacer frente a estos cambios utilizando estrategias cognitivas preexistentes o desarrollando mecanismos compensatorios.<\/p>\n<p class=\"ft-text\">La hip\u00f3tesis de la RC presupone una <strong>mayor tolerancia<\/strong> a la patolog\u00eda relacionada con la enfermedad de Alzheimer (EA) sin deterioro funcional en personas con un alto nivel educativo, <strong>pero un deterioro m\u00e1s r\u00e1pido tras la aparici\u00f3n de la EA<\/strong>. Sin embargo, las pruebas que respaldan la segunda parte de la hip\u00f3tesis se han limitado en gran medida a estudios realizados en Estados Unidos.<\/p>\n<p class=\"ft-text\">Ahora, estos hallazgos, publicados en la revista<strong> &#8216;Journal of Alzheimer&#8217;s Disease&#8217;,<\/strong> proporcionan pruebas que respaldan la teor\u00eda CR utilizando datos reales de personas mayores de Inglaterra, Alemania y Francia. \u00abNuestro estudio sugiere que las personas con mayor nivel educativo podr\u00edan ser diagnosticadas con Alzheimer m\u00e1s tarde, posiblemente porque sus cerebros ocultan los s\u00edntomas durante m\u00e1s tiempo, pero luego su deterioro es m\u00e1s r\u00e1pido\u00bb, ha apuntado la autora del estudio, la doctora Jinying Chen.<\/p>\n<p class=\"ft-text\">\u00abEsto significa que los m\u00e9dicos y las familias deben estar especialmente atentos a los cambios tempranos y sutiles en la memoria, el habla, el pensamiento, el juicio y el estado de \u00e1nimo en adultos con un nivel educativo alto, para que el tratamiento y el apoyo puedan comenzar lo antes posible, explica la autora correspondiente\u00bb, ha explicado Chen.<\/p>\n<p class=\"ft-text\">Los investigadores analizaron datos de m\u00e1s de 1.300 adultos mayores diagnosticados con EA en cl\u00ednicas de memoria de<strong> Inglaterra, Alemania y Francia <\/strong>(como parte del estudio europeo GERAS). Se realiz\u00f3 un seguimiento de los participantes durante un periodo de entre 18 meses y tres a\u00f1os, midiendo su rendimiento cognitivo mediante el Mini-Mental State Examination (MMSE), una breve prueba que se utiliza habitualmente para detectar el deterioro cognitivo y realizar un seguimiento de su evoluci\u00f3n a lo largo del tiempo.<\/p>\n<p class=\"ft-text\">A continuaci\u00f3n, utilizaron un m\u00e9todo estad\u00edstico para ver con qu\u00e9 rapidez descend\u00edan las puntuaciones del MMSE de las personas tras ser diagnosticadas con EA, comparando a las personas con m\u00e1s estudios (12 a\u00f1os o m\u00e1s) con las que ten\u00edan menos. Tambi\u00e9n tuvieron en cuenta otros factores que pod\u00edan afectar al deterioro cognitivo, como la edad, el sexo, otras afecciones de salud, los tratamientos para la EA, el pa\u00eds en el que viv\u00edan y el tiempo transcurrido desde que fueron diagnosticadas.<\/p>\n<p>Los primeros signos de alzheimer pueden pasar por alto <\/p>\n<p class=\"ft-text\">Sus hallazgos sugieren que las pruebas cognitivas comunes, como el MMSE, pueden pasar por alto los primeros signos de Alzheimer en personas con un alto nivel educativo. Aunque las pruebas neuropsicol\u00f3gicas m\u00e1s detalladas son m\u00e1s sensibles, pueden tardar horas en completarse, son caras y requieren profesionales cualificados para administrarlas e interpretarlas.<\/p>\n<p class=\"ft-text\">Los investigadores creen que, en el futuro, las pruebas digitales autoadministradas, especialmente aquellas que utilizan dispositivos m\u00f3viles o &#8216;wearables&#8217; con puntuaci\u00f3n automatizada, podr\u00edan ofrecer una forma m\u00e1s r\u00e1pida, asequible y escalable de detectar cambios tempranos en el pensamiento y la memoria.<\/p>\n<p class=\"ft-text\">\u00abEsperamos que nuestros hallazgos conduzcan a mejores formas de detectar la enfermedad de Alzheimer en una fase temprana, especialmente en personas que pueden no mostrar s\u00edntomas evidentes al principio. Una detecci\u00f3n m\u00e1s temprana significa que las familias pueden planificar antes y los m\u00e9dicos pueden iniciar tratamientos que pueden ayudar a ralentizar la enfermedad\u00bb, ha finalizado Chen.<\/p>\n","protected":false},"excerpt":{"rendered":"Un nuevo estudio realizado por investigadores de la Facultad de Medicina Chobanian &amp; Avedisian de la Universidad de&hellip;\n","protected":false},"author":2,"featured_media":105811,"comment_status":"","ping_status":"","sticky":false,"template":"","format":"standard","meta":{"footnotes":""},"categories":[92],"tags":[3196,3350,35122,4482,35121,25,24,165,3579,3477,166,23],"class_list":{"0":"post-105810","1":"post","2":"type-post","3":"status-publish","4":"format-standard","5":"has-post-thumbnail","7":"category-salud","8":"tag-alto","9":"tag-alzheimer","10":"tag-diagnosticadas","11":"tag-dv","12":"tag-educativo","13":"tag-es","14":"tag-espana","15":"tag-health","16":"tag-nivel","17":"tag-personas","18":"tag-salud","19":"tag-spain"},"share_on_mastodon":{"url":"","error":""},"_links":{"self":[{"href":"https:\/\/www.europesays.com\/es\/wp-json\/wp\/v2\/posts\/105810","targetHints":{"allow":["GET"]}}],"collection":[{"href":"https:\/\/www.europesays.com\/es\/wp-json\/wp\/v2\/posts"}],"about":[{"href":"https:\/\/www.europesays.com\/es\/wp-json\/wp\/v2\/types\/post"}],"author":[{"embeddable":true,"href":"https:\/\/www.europesays.com\/es\/wp-json\/wp\/v2\/users\/2"}],"replies":[{"embeddable":true,"href":"https:\/\/www.europesays.com\/es\/wp-json\/wp\/v2\/comments?post=105810"}],"version-history":[{"count":0,"href":"https:\/\/www.europesays.com\/es\/wp-json\/wp\/v2\/posts\/105810\/revisions"}],"wp:featuredmedia":[{"embeddable":true,"href":"https:\/\/www.europesays.com\/es\/wp-json\/wp\/v2\/media\/105811"}],"wp:attachment":[{"href":"https:\/\/www.europesays.com\/es\/wp-json\/wp\/v2\/media?parent=105810"}],"wp:term":[{"taxonomy":"category","embeddable":true,"href":"https:\/\/www.europesays.com\/es\/wp-json\/wp\/v2\/categories?post=105810"},{"taxonomy":"post_tag","embeddable":true,"href":"https:\/\/www.europesays.com\/es\/wp-json\/wp\/v2\/tags?post=105810"}],"curies":[{"name":"wp","href":"https:\/\/api.w.org\/{rel}","templated":true}]}}