{"id":105816,"date":"2025-09-10T15:47:11","date_gmt":"2025-09-10T15:47:11","guid":{"rendered":"https:\/\/www.europesays.com\/es\/105816\/"},"modified":"2025-09-10T15:47:11","modified_gmt":"2025-09-10T15:47:11","slug":"von-der-leyen-se-somete-al-examen-de-una-eurocamara-que-cuestiona-su-tibieza-con-israel-y-las-negociaciones-con-trump-internacional","status":"publish","type":"post","link":"https:\/\/www.europesays.com\/es\/105816\/","title":{"rendered":"Von der Leyen se somete al examen de una Euroc\u00e1mara que cuestiona su tibieza con Israel y las negociaciones con Trump | Internacional"},"content":{"rendered":"<p class=\"loc\">Estrasburgo<\/p>\n<p>Giro en el discurso de la presidenta de la Comisi\u00f3n. \u00darsula Von der Leyen endurece el tono y anuncia medidas contundentes contra el gobierno de Israel. La Comisi\u00f3n Europea propondr\u00e1 formalmente la suspensi\u00f3n parcial del acuerdo de asociaci\u00f3n, paralizar la suspensi\u00f3n del cap\u00edtulo comercial. Algo que llevan reclamando varios estados, entre ellos Espa\u00f1a. Aunque la propuesta (un giro en lo anunciado hasta ahora por la Comisi\u00f3n, criticada por su tibieza con el estado hebrero) requerir\u00e1 de una mayor\u00eda cualificada en el seno del Consejo, lo que hace dif\u00edcil su aprobaci\u00f3n.<\/p>\n<p>La presidenta propone sanciones a los ministros m\u00e1s extremistas del gobierno de Netanyahu, suspender los pagos de la UE a Israel, excepto a la sociedad civil u propuestas espec\u00edficas contra colonos violentos La Comisi\u00f3n tambi\u00e9n planea impulsar un instrumento para la reconstrucci\u00f3n de Gaza y reforzar el grupo de donantes palestinos.<\/p>\n<p>Las medidas han sido recibidas por una enorme ovaci\u00f3n de Parlamento Europeo que este mi\u00e9rcoles celebra el Debate sobre el Estadod de la Uni\u00f3n. Con una Euroc\u00e1mara te\u00f1ida de rojo, con la inmensa mayor\u00eda de la izquierda vestida de ese color para condenar el genocidio en Gaza. Tambi\u00e9n la vicepresidenta Teresa Ribera&#8230; \u00abentiendo que los europeos condenen que no se haya conseguido la unanimidad para tomar decisiones, pero tenemos que ser responsables\u00bb, ha dicho la presidenta Von der Leyen.<\/p>\n<p>Adem\u00e1s, Von der Leyen ha calificado de \u00abimprudente y sin precedentes\u00bb el <a href=\"https:\/\/cadenaser.com\/nacional\/2025\/09\/10\/polonia-derriba-varios-drones-rusos-que-violaron-su-espacio-aereo-en-un-ataque-a-ucrania-cadena-ser\/\" target=\"_blank\" rel=\"nofollow noopener\" title=\"https:\/\/cadenaser.com\/nacional\/2025\/09\/10\/polonia-derriba-varios-drones-rusos-que-violaron-su-espacio-aereo-en-un-ataque-a-ucrania-cadena-ser\/\">ataque ruso que afect\u00f3 esta madrugada a Polonia<\/a>. El ej\u00e9rcito polaco ha declarado el m\u00e1ximo nivel de alerta tras <a href=\"https:\/\/cadenaser.com\/nacional\/2025\/09\/10\/ultima-hora-de-la-guerra-de-rusia-y-ucrania-en-directo-el-ejercito-polaco-derriba-varios-drones-rusos-sobre-su-territorio-en-un-incidente-sin-precedentes-cadena-ser\/\" target=\"_blank\" rel=\"nofollow noopener\" title=\"https:\/\/cadenaser.com\/nacional\/2025\/09\/10\/ultima-hora-de-la-guerra-de-rusia-y-ucrania-en-directo-el-ejercito-polaco-derriba-varios-drones-rusos-sobre-su-territorio-en-un-incidente-sin-precedentes-cadena-ser\/\">derribar varios drones rusos que violaron su espacio a\u00e9reo<\/a>. <\/p>\n<p>Von der Leyen: \u00abLa UE es un proyecto de paz, pero ya no hay espacio para la nostalgia\u00bb<\/p>\n<p>La presidenta de la Comisi\u00f3n Europea, Ursula von der Leyen, asegur\u00f3 este mi\u00e9rcoles que la Uni\u00f3n Europea est\u00e1 inmersa \u00aben una lucha por su futuro\u00bb y advirti\u00f3 de que, aunque Europa es \u00abfundamentalmente un proyecto de paz\u00bb, ya no hay \u00abni espacio para ni tiempo para la nostalgia\u00bb por el pasado.<\/p>\n<p>\u00abEuropa est\u00e1 en una lucha: por un continente entero y en paz, por una Europa libre e independiente, por nuestros valores y nuestras democracias, por nuestra libertad y capacidad de determinar nuestro propio futuro. No se equivoquen: es una lucha por nuestro futuro\u00bb, dijo Von der Leyen en el inicio de su discurso en el Debate del estado de la Uni\u00f3n Europea en el Parlamento Europeo.<\/p>\n<p>\u00abNo podemos simplemente esperar a que pase la tormenta. Este verano nos ha ense\u00f1ado que simplemente no hay espacio ni tiempo para la nostalgia\u00bb, a\u00f1adi\u00f3 la alemana frente al hemiciclo en Estrasburgo (Francia). <\/p>\n<p>Cuestionada por los diputados y por los europeos <\/p>\n<p>Cuestionada por los extremos y con poco entusiasmo entre los grupos europe\u00edstas que sustentan con sus votos su presidencia. \u00darsula Von der Leyen no despierta pasiones en Estrasburgo. Al contrario, a las acusaciones de mano dura, control absoluto de su colegio de comisarios e hiperpresidencialismo, se suma el cuestionamiento de su liderazgo en las negociaciones con Washington para cerrar el acuerdo comercial o la falta de respuesta al genocidio en Gaza. Cr\u00edticas que hacen todos los grupos \u2013 cada uno con sus matices, cada uno teniendo en cuenta sus auditorios nacionales \u2013 salvo el Partido Popular Europeo. <\/p>\n<p>Para socialistas, liberales y verdes, Von der Leyen sigue siendo un mal menor, la jefa del \u00fanico ejecutivo posible en una Europa donde la extrema derecha ha logrado convertirse en el tercer grupo en la Euroc\u00e1mara. Pero estos grupos no esconden su enfado con la alemana y con el Partido Popular Europeo, su grupo parlamentario, que ha convertido en habitual la din\u00e1mica de alianzas con la extrema derecha en el Parlamento. <\/p>\n<p>M\u00e1s de la mitad de los europeos considera que el acuerdo comercial cerrado con Estados Unidos es una humillaci\u00f3n para la Uni\u00f3n Europea&#8230; en Espa\u00f1a lo piensa el 56 por ciento&#8230; y seis de cada diez europeos&#8230; se muestran muy a favor o a favor de la dimisi\u00f3n de la presidenta Von der Leyen. Son las conclusiones de una macroencuesta que publica Le Gran Continent y que pone cifras a la mezcla de malestar y poco entusiasmo con el que muchos grupos en Estrasburgo esperan el discurso el discurso de la alemana en el debate sobre el estado de la Uni\u00f3n. El primero de su segundo mandato. Su hiperpresidencialismo ha servido para convertir su nombre en la diana donde lanzan los dardos aquellos que cuestionan las decisiones tomadas por el ejecutivo en los \u00faltimos meses. Desde el cuestionado resultado del acuerdo comercial con Washington a su tibieza con Gaza hasta el papel secundario del bloque en las negociaciones para la paz en Ucrania. Von der Leyen intentar\u00e1 suavizar esta percepci\u00f3n con un discurso que medir\u00e1 sus fragilidades y su convicci\u00f3n para defender su agenda y ante una Euroc\u00e1mara donde la izquierda y la extrema derecha trabajan en dos mociones de censura sin apenas visos de prosperar. <\/p>\n","protected":false},"excerpt":{"rendered":"Estrasburgo Giro en el discurso de la presidenta de la Comisi\u00f3n. \u00darsula Von der Leyen endurece el tono&hellip;\n","protected":false},"author":2,"featured_media":105817,"comment_status":"","ping_status":"","sticky":false,"template":"","format":"standard","meta":{"footnotes":""},"categories":[42],"tags":[17,18,11559,10551,13,14,30942,11,61,62,63,64,19,20,25707,9,10,15,16,28415,36736,12,21,22,65,66,67],"class_list":{"0":"post-105816","1":"post","2":"type-post","3":"status-publish","4":"format-standard","5":"has-post-thumbnail","7":"category-internacional","8":"tag-breaking-news","9":"tag-breakingnews","10":"tag-debate","11":"tag-eu","12":"tag-featured-news","13":"tag-featurednews","14":"tag-flag","15":"tag-headlines","16":"tag-internacional","17":"tag-international","18":"tag-international-news","19":"tag-internationalnews","20":"tag-latest-news","21":"tag-latestnews","22":"tag-logo","23":"tag-news","24":"tag-noticias","25":"tag-noticias-destacadas","26":"tag-noticiasdestacadas","27":"tag-parliament","28":"tag-session","29":"tag-titulares","30":"tag-ultimas-noticias","31":"tag-ultimasnoticias","32":"tag-world","33":"tag-world-news","34":"tag-worldnews"},"share_on_mastodon":{"url":"","error":""},"_links":{"self":[{"href":"https:\/\/www.europesays.com\/es\/wp-json\/wp\/v2\/posts\/105816","targetHints":{"allow":["GET"]}}],"collection":[{"href":"https:\/\/www.europesays.com\/es\/wp-json\/wp\/v2\/posts"}],"about":[{"href":"https:\/\/www.europesays.com\/es\/wp-json\/wp\/v2\/types\/post"}],"author":[{"embeddable":true,"href":"https:\/\/www.europesays.com\/es\/wp-json\/wp\/v2\/users\/2"}],"replies":[{"embeddable":true,"href":"https:\/\/www.europesays.com\/es\/wp-json\/wp\/v2\/comments?post=105816"}],"version-history":[{"count":0,"href":"https:\/\/www.europesays.com\/es\/wp-json\/wp\/v2\/posts\/105816\/revisions"}],"wp:featuredmedia":[{"embeddable":true,"href":"https:\/\/www.europesays.com\/es\/wp-json\/wp\/v2\/media\/105817"}],"wp:attachment":[{"href":"https:\/\/www.europesays.com\/es\/wp-json\/wp\/v2\/media?parent=105816"}],"wp:term":[{"taxonomy":"category","embeddable":true,"href":"https:\/\/www.europesays.com\/es\/wp-json\/wp\/v2\/categories?post=105816"},{"taxonomy":"post_tag","embeddable":true,"href":"https:\/\/www.europesays.com\/es\/wp-json\/wp\/v2\/tags?post=105816"}],"curies":[{"name":"wp","href":"https:\/\/api.w.org\/{rel}","templated":true}]}}