{"id":105855,"date":"2025-09-10T16:14:11","date_gmt":"2025-09-10T16:14:11","guid":{"rendered":"https:\/\/www.europesays.com\/es\/105855\/"},"modified":"2025-09-10T16:14:11","modified_gmt":"2025-09-10T16:14:11","slug":"manuel-caballero-y-aaron-palacio-doble-puerta-grande-en-una-tarde-de-cinco-orejas-en-albacete-noticias-de-feria-de-albacete-2025","status":"publish","type":"post","link":"https:\/\/www.europesays.com\/es\/105855\/","title":{"rendered":"Manuel Caballero y Aar\u00f3n Palacio, doble Puerta Grande en una tarde de cinco orejas en Albacete &#8211; Noticias de Feria de Albacete 2025"},"content":{"rendered":"\n<p>La novillada con picadores de la Feria Taurina de Albacete, celebrada este martes 9 de septiembre en honor a la Virgen de Los Llanos, segundo festejo del abono taurino albacete\u00f1o, se sald\u00f3 con una tarde de emociones y cinco orejas, donde <a href=\"https:\/\/www.lacerca.com\/etiquetas\/1\/manuel%20caballero\" rel=\"tag nofollow noopener\" target=\"_blank\">Manuel Caballero<\/a> y <a href=\"https:\/\/www.lacerca.com\/etiquetas\/1\/aar%C3%B3n%20palacio\" rel=\"tag nofollow noopener\" target=\"_blank\">Aar\u00f3n Palacio<\/a> lograron abrir la Puerta Grande, mientras que <a href=\"https:\/\/www.lacerca.com\/etiquetas\/1\/nicol%C3%A1s%20cortijo\" rel=\"tag nofollow noopener\" target=\"_blank\">Nicol\u00e1s Cortijo<\/a>, en su debut con los del castore\u00f1o, dej\u00f3 muy buenas sensaciones y solo el fallo con los aceros le priv\u00f3 de acompa\u00f1ar a sus compa\u00f1eros en la salida triunfal.<\/p>\n<p>El momento cumbre de la tarde lo protagoniz\u00f3 Aar\u00f3n Palacio, que reapareci\u00f3 con una faena rotunda y de gran conexi\u00f3n con los tendidos. Con su segundo novillo, lig\u00f3 series de mano baja y temple, rubricando con una estocada en todo lo alto que le vali\u00f3 las dos orejas. Ya hab\u00eda dejado detalles de entrega en el primero de su lote, al que salud\u00f3 de rodillas con dos largas cambiadas, aunque la condici\u00f3n del animal no permiti\u00f3 mayor lucimiento.<\/p>\n<p>El albacete\u00f1o Manuel Caballero volvi\u00f3 a demostrar que es un novillero con sitio y argumentos s\u00f3lidos para pensar en la alternativa. A base de firmeza y un concepto puro, cort\u00f3 una oreja de cada novillo de su lote, siempre dispuesto a torear con limpieza y a matar con determinaci\u00f3n, lo que reforz\u00f3 a\u00fan m\u00e1s su condici\u00f3n de torero hecho.<\/p>\n<p>Por su parte, Nicol\u00e1s Cortijo afrontaba su primera novillada con picadores con la valent\u00eda de irse a la puerta de chiqueros a recibir al tercero. Logr\u00f3 los mejores lances a la ver\u00f3nica antes de que el animal perdiera fuerza tras el caballo. El sexto tuvo clase pero careci\u00f3 de raza, y pese a la disposici\u00f3n y entrega del novillero, la espada le dej\u00f3 sin opciones de Puerta Grande. Aun as\u00ed, cort\u00f3 una oreja de su primero y escuch\u00f3 una ovaci\u00f3n en el \u00faltimo de la tarde, rubricando un debut prometedor.<\/p>\n<p>El festejo, con alrededor de dos tercios de entrada en los tendidos, mantuvo un gran ambiente y volvi\u00f3 a poner de relieve la pasi\u00f3n de Albacete por la cantera taurina.<\/p>\n<p> Ficha t\u00e9cnica <\/p>\n<ul>\n<li>Albacete, martes 9 de septiembre de 2025.<\/li>\n<li>Segunda de la Feria Taurina en honor a la Virgen de Los Llanos.<\/li>\n<li>Plaza de toros de Albacete.<\/li>\n<li>Entrada: Alrededor de dos tercios.<\/li>\n<\/ul>\n<p><strong>Novillos de Montealto, bien presentados, serios, con cuajo y de juego desigual.<\/strong><\/p>\n<p><strong>Manuel Caballero: oreja y oreja.<\/strong><\/p>\n<p><strong>Aar\u00f3n Palacio: ovaci\u00f3n y dos orejas.<\/strong><\/p>\n<p><strong>Nicol\u00e1s Cortijo (debut con picadores): oreja y ovaci\u00f3n.<\/strong><\/p>\n<p><strong>Manuel Caballero y Aar\u00f3n Palacio salieron a hombros por la Puerta Grande.<\/strong><\/p>\n","protected":false},"excerpt":{"rendered":"La novillada con picadores de la Feria Taurina de Albacete, celebrada este martes 9 de septiembre en honor&hellip;\n","protected":false},"author":2,"featured_media":105856,"comment_status":"","ping_status":"","sticky":false,"template":"","format":"standard","meta":{"footnotes":""},"categories":[277],"tags":[8157,2545,373,15692,5810,168,7537,25,24,699,841,11051,6481,740,23,167,11054,374],"class_list":{"0":"post-105855","1":"post","2":"type-post","3":"status-publish","4":"format-standard","5":"has-post-thumbnail","7":"category-toreo","8":"tag-aaron","9":"tag-albacete","10":"tag-bullfighting","11":"tag-caballero","12":"tag-cinco","13":"tag-deportes","14":"tag-doble","15":"tag-es","16":"tag-espana","17":"tag-grande","18":"tag-manuel","19":"tag-orejas","20":"tag-palacio","21":"tag-puerta","22":"tag-spain","23":"tag-sports","24":"tag-tarde","25":"tag-toreo"},"share_on_mastodon":{"url":"","error":""},"_links":{"self":[{"href":"https:\/\/www.europesays.com\/es\/wp-json\/wp\/v2\/posts\/105855","targetHints":{"allow":["GET"]}}],"collection":[{"href":"https:\/\/www.europesays.com\/es\/wp-json\/wp\/v2\/posts"}],"about":[{"href":"https:\/\/www.europesays.com\/es\/wp-json\/wp\/v2\/types\/post"}],"author":[{"embeddable":true,"href":"https:\/\/www.europesays.com\/es\/wp-json\/wp\/v2\/users\/2"}],"replies":[{"embeddable":true,"href":"https:\/\/www.europesays.com\/es\/wp-json\/wp\/v2\/comments?post=105855"}],"version-history":[{"count":0,"href":"https:\/\/www.europesays.com\/es\/wp-json\/wp\/v2\/posts\/105855\/revisions"}],"wp:featuredmedia":[{"embeddable":true,"href":"https:\/\/www.europesays.com\/es\/wp-json\/wp\/v2\/media\/105856"}],"wp:attachment":[{"href":"https:\/\/www.europesays.com\/es\/wp-json\/wp\/v2\/media?parent=105855"}],"wp:term":[{"taxonomy":"category","embeddable":true,"href":"https:\/\/www.europesays.com\/es\/wp-json\/wp\/v2\/categories?post=105855"},{"taxonomy":"post_tag","embeddable":true,"href":"https:\/\/www.europesays.com\/es\/wp-json\/wp\/v2\/tags?post=105855"}],"curies":[{"name":"wp","href":"https:\/\/api.w.org\/{rel}","templated":true}]}}