{"id":105859,"date":"2025-09-10T16:18:09","date_gmt":"2025-09-10T16:18:09","guid":{"rendered":"https:\/\/www.europesays.com\/es\/105859\/"},"modified":"2025-09-10T16:18:09","modified_gmt":"2025-09-10T16:18:09","slug":"etapa-17-de-la-vuelta-a-espana-2025-asi-queda-la-clasificacion-general-hoy","status":"publish","type":"post","link":"https:\/\/www.europesays.com\/es\/105859\/","title":{"rendered":"Etapa 17 de la Vuelta a Espa\u00f1a 2025: as\u00ed queda la clasificaci\u00f3n general hoy"},"content":{"rendered":"<p class=\"\"><b>Giulio Pellizzari<\/b> se fue de todos en los \u00faltimos kil\u00f3metros de la <a href=\"https:\/\/as.com\/ciclismo\/vuelta_espana\/vuelta-a-espana-2025-hoy-en-directo-etapa-17-o-barco-de-valdeorras-alto-de-el-morredero-en-vivo-online-n\/\" target=\"_self\" rel=\"nofollow noopener\" title=\"https:\/\/as.com\/ciclismo\/vuelta_espana\/vuelta-a-espana-2025-hoy-en-directo-etapa-17-o-barco-de-valdeorras-alto-de-el-morredero-en-vivo-online-n\/\">etapa 17 de la Vuelta a Espa\u00f1a<\/a>. En el ascenso al Morredero, el \u00faltimo puerto de la jornada, el italiano atac\u00f3 en la fuga, en la que <b>le acompa\u00f1aban <\/b><b>Vingegaard, Pidcock, Hindley y Riccitello<\/b>. A pesar de que fue neutralizado, consigui\u00f3 volver a escapar y confirm\u00f3 su ventaja, consiguiendo cruzar el primero la l\u00ednea de meta. Vingegaard qued\u00f3 en cuarta posici\u00f3n y Almeida, quinto.<\/p>\n<p><a title=\"Resultados de la 17\u00aa etapa\" href=\"https:\/\/as.com\/resultados\/ciclismo\/vuelta_espana\/2025\/clasificacion\/regular_a_17\/\" rel=\"nofollow noopener\" target=\"_blank\">Resultados de la 17\u00aa etapa<\/a><\/p>\n<p>1\u00ba Giulio Pellizzari (Red Bull-Bora) &#8211; 3h 37:00<\/p>\n<p>2\u00ba Thomas Picock (Pro Cycling Team) &#8211; a 0:16<\/p>\n<p>3\u00ba Jai Hindley (Red Bull-Bora) &#8211; a 0:18<\/p>\n<p>4\u00ba Jonas Vingegaard (Team Visma) &#8211; a 0:20<\/p>\n<p>5\u00ba Joao Almeida (UAE Team Emirates) &#8211; a 0:22<\/p>\n<p><a title=\"General de La Vuelta 2025\" href=\"https:\/\/as.com\/resultados\/ciclismo\/vuelta_espana\/2025\/clasificacion\/regular_a_17\/\" rel=\"nofollow noopener\" target=\"_blank\">General de La Vuelta 2025<\/a><\/p>\n<p>1\u00ba Jonas Vingegaard (Visma) &#8211; 64h 53:55<\/p>\n<p>2\u00ba Joao Almeida (UAE) &#8211; a 50<\/p>\n<p>3\u00ba Tom Pidcock (Q36.5) &#8211; 2:28<\/p>\n<p>4\u00ba Jai Hindley (Red Bull-Bora) &#8211; 3:04<\/p>\n<p>5\u00ba Giulio Pellizzari (Red Bull-Bora) &#8211; 3:51<\/p>\n<p>Noticias relacionadas<a href=\"https:\/\/as.com\/ciclismo\/mas_ciclismo\/las-protestas-en-francia-anulan-la-etapa-en-el-tour-de-lardeche-femenino-n\/\" class=\"s_m_w\" title=\"Las manifestaciones programadas en toda Francia por la plataforma \u2018Bloquons tout&quot; impidieron que se pudiera disputar la etapa al no poder garantizar la seguridad.\" data-tb-link=\"\" rel=\"nofollow noopener\" target=\"_blank\"><img decoding=\"async\" src=\"https:\/\/www.europesays.com\/es\/wp-content\/uploads\/2025\/09\/4DBVPULXNJH5TLGISB2QFBXUWU.jpg\" alt=\"Las protestas en Francia anulan la etapa en el Tour de l\u2019Ardeche femenino\" class=\"\" height=\"1\" width=\"1\"   loading=\"lazy\" data-tb-thumbnail=\"\"\/><\/a><a href=\"https:\/\/as.com\/ciclismo\/vuelta_espana\/la-corredores-se-protegen-pararan-las-etapas-o-incluso-la-vuelta-entera-n\/\" class=\"s_m_w\" title=\"Los equipos votaron internamente y deciden seguir pero, si se suceden situaciones que perjudiquen su seguridad, parar\u00e1n. Apoyan a La Vuelta.\" data-tb-link=\"\" rel=\"nofollow noopener\" target=\"_blank\"><img decoding=\"async\" src=\"https:\/\/www.europesays.com\/es\/wp-content\/uploads\/2025\/09\/KZZPKOYNOFA4BIHLHE3LQVCJ2Y.jpeg\" alt=\"Los ciclistas se protegen: parar\u00e1n las etapas o incluso La Vuelta\" class=\"\" height=\"1\" width=\"1\"   loading=\"lazy\" data-tb-thumbnail=\"\"\/><\/a><\/p>\n<p class=\"\"><b>\u00a1Tus opiniones importan!<\/b> Comenta en los art\u00edculos y suscr\u00edbete gratis a nuestra <a href=\"https:\/\/asfan.as.com\/newsletters\/\" target=\"_blank\" rel=\"nofollow noopener\" title=\"https:\/\/asfan.as.com\/newsletters\/\">newsletter<\/a> y a las alertas informativas en la <a href=\"https:\/\/as.com\/aplicacion-de-as-n\/\" target=\"_blank\" rel=\"nofollow noopener\" title=\"https:\/\/as.com\/aplicacion-de-as-n\/\">App<\/a> o el canal de <a href=\"https:\/\/www.whatsapp.com\/channel\/0029VaAasdA7j6g745nz9M10\" target=\"_blank\" rel=\"nofollow noopener\" title=\"https:\/\/www.whatsapp.com\/channel\/0029VaAasdA7j6g745nz9M10\">WhatsApp<\/a>. <\/p>\n<p class=\"\">\u00bfBuscas licenciar contenido? Haz clic <a href=\"https:\/\/profesional.elpais.com\/soluciones-sindicacion?utm_medium=interno&amp;utm_source=crosslinking&amp;utm_campaign=sindicacion_as_pie_articulos\" target=\"_blank\" rel=\"nofollow noopener\" title=\"https:\/\/profesional.elpais.com\/soluciones-sindicacion?utm_medium=interno&amp;utm_source=crosslinking&amp;utm_campaign=sindicacion_as_pie_articulos\">aqu\u00ed<\/a><\/p>\n","protected":false},"excerpt":{"rendered":"Giulio Pellizzari se fue de todos en los \u00faltimos kil\u00f3metros de la etapa 17 de la Vuelta a&hellip;\n","protected":false},"author":2,"featured_media":105860,"comment_status":"","ping_status":"","sticky":false,"template":"","format":"standard","meta":{"footnotes":""},"categories":[273],"tags":[313,312,168,25,24,23,167],"class_list":{"0":"post-105859","1":"post","2":"type-post","3":"status-publish","4":"format-standard","5":"has-post-thumbnail","7":"category-ciclismo","8":"tag-ciclismo","9":"tag-cycling","10":"tag-deportes","11":"tag-es","12":"tag-espana","13":"tag-spain","14":"tag-sports"},"share_on_mastodon":{"url":"","error":""},"_links":{"self":[{"href":"https:\/\/www.europesays.com\/es\/wp-json\/wp\/v2\/posts\/105859","targetHints":{"allow":["GET"]}}],"collection":[{"href":"https:\/\/www.europesays.com\/es\/wp-json\/wp\/v2\/posts"}],"about":[{"href":"https:\/\/www.europesays.com\/es\/wp-json\/wp\/v2\/types\/post"}],"author":[{"embeddable":true,"href":"https:\/\/www.europesays.com\/es\/wp-json\/wp\/v2\/users\/2"}],"replies":[{"embeddable":true,"href":"https:\/\/www.europesays.com\/es\/wp-json\/wp\/v2\/comments?post=105859"}],"version-history":[{"count":0,"href":"https:\/\/www.europesays.com\/es\/wp-json\/wp\/v2\/posts\/105859\/revisions"}],"wp:featuredmedia":[{"embeddable":true,"href":"https:\/\/www.europesays.com\/es\/wp-json\/wp\/v2\/media\/105860"}],"wp:attachment":[{"href":"https:\/\/www.europesays.com\/es\/wp-json\/wp\/v2\/media?parent=105859"}],"wp:term":[{"taxonomy":"category","embeddable":true,"href":"https:\/\/www.europesays.com\/es\/wp-json\/wp\/v2\/categories?post=105859"},{"taxonomy":"post_tag","embeddable":true,"href":"https:\/\/www.europesays.com\/es\/wp-json\/wp\/v2\/tags?post=105859"}],"curies":[{"name":"wp","href":"https:\/\/api.w.org\/{rel}","templated":true}]}}