{"id":105861,"date":"2025-09-10T16:19:07","date_gmt":"2025-09-10T16:19:07","guid":{"rendered":"https:\/\/www.europesays.com\/es\/105861\/"},"modified":"2025-09-10T16:19:07","modified_gmt":"2025-09-10T16:19:07","slug":"entradas-gp-de-madrid-de-f1-cuando-salen-a-la-venta-y-tipos-de-abono-el-mundo","status":"publish","type":"post","link":"https:\/\/www.europesays.com\/es\/105861\/","title":{"rendered":"Entradas GP de Madrid de F1: cu\u00e1ndo salen a la venta y tipos de abono &#8211; El Mundo"},"content":{"rendered":"<ol>\n<li><a href=\"https:\/\/news.google.com\/rss\/articles\/CBMid0FVX3lxTE9pYVY2UVJKRUxrZE9WMEdUNUZ6YV9wdTAwYXpSS0pncmhCVEtCWlBseUFQTVlkank3Y1prYU13QTZmWkFXb19JVG9YSWxkUnhJbHpNRXJWQXFSUGhlTTN5S2c3NU1QX3pncXRWeHpnamJjYUJSd0Uw0gF3QVVfeXFMTlpFSURWa0YyLXJuTG5pTDJ0aUZkM01HUmc4aXBfWllaOVJKeThnSl81UTR1MWJPMHZkczhsOU43Ymh1OHRoSGtvWTlWeHQ0TDA5Sy00b1RwajhyRkJrel8wZ1RKS0s5V19BcENSUWF5dGVKOEttcXM?oc=5\" target=\"_blank\" rel=\"nofollow noopener\">Entradas GP de Madrid de F1: cu\u00e1ndo salen a la venta y tipos de abono<\/a>&nbsp;&nbsp;El Mundo<\/li>\n<li><a href=\"https:\/\/news.google.com\/rss\/articles\/CBMiekFVX3lxTE5ZUU5ERkpDd2ItM2NQOHpWWklkdXN2b1hZTVdqX1RWNThXUDN5MVJPMGhYYkotTjc5QkFuODJTWVFhTkxOaW5aQ2RHbUhaYkNvV3laSEtPY01uRUxQUjRHRXctQ1E4QmtGbUN2ZU0wWkpidDRtbWhEZmZB0gF6QVVfeXFMT1JxV21IQ0ZGZ2J6QUdXZnJwSUVyX0Y2WnNZUk15Tk95ZWhya1VNX0E5UWMyWUVDS3J2anhWWW5xY2hReXVIb2hWY2IwWEl2OHVmM0hsR2owUWxCeXlhcW5fX3ptZlpLcnI1SkpRWlJXRWZiZFNhZGRHa1E?oc=5\" target=\"_blank\" rel=\"nofollow noopener\">En el coraz\u00f3n de las obras de Madring a un a\u00f1o de la carrera: asfalto en octubre, el riesgo de las alcantarillas y una curva &#8216;taurina&#8217; para hacer sufrir a los pilotos y disfrutar a los vips<\/a>&nbsp;&nbsp;El Mundo<\/li>\n<li><a href=\"https:\/\/news.google.com\/rss\/articles\/CBMi7AFBVV95cUxONU5OY3VERjBkZkk1d3ZVREJpNkw0ejdQWnQ1UFNBbnpjTldHTTFWeWNORVl4SEw5VWJkWGdLN0R1Y1pvV010bmEtMWdzSTh6RzZ0ZEducEZJV2Z1WmxvSll4dUlLV2MtZnIzYUN2RURtVXE4R0diQnpUTXNobktDY0tsYmhpbHJqLU9wVjlGVEJCNXQyMVA0Qzk3YXg4ajIweFJ2NkJvRms2bVF4VnZzVFBOZnZuX1hXVE1ZR1lXSXF4RnhKczlxLS1ucFpVNFBGM2FXbC1BMFJLVzFJR3BBaWpaZGhMQWJHODFIcNIB7AFBVV95cUxQR0o4b2FFZ291eWNMWUNMNU9BSzMzYXozNXVMTFVJLXN2Yzg1SnpMU1FUbEF0VGNvTkZqcGZBRUFjdURZQmpCY2hXMTVmWFQzVXpROEZYeGxHOVIzcm9ONmloYWl3NF9FMi1sempIQUZwNGZ4bGFta3oyZFJRV3prV1g4blQzQ0x5bGkzVjdxSldBc184NnBmTjFSanE5VU0zZ0RDbXg1ekVuWDBDX0tkc1hMU054Q1lqdkRuS2wxb0tWSXU3ZVQwU21YTEhCM00zbk9aOWk3WTBYeGZWS0hqdzBsaTJJSW1RaC1saw?oc=5\" target=\"_blank\" rel=\"nofollow noopener\">Las entradas del Gran Premio de Espa\u00f1a F1 en Madrid se vender\u00e1n a trav\u00e9s de Fever: ya hay fecha<\/a>&nbsp;&nbsp;LaSexta<\/li>\n<li><a href=\"https:\/\/news.google.com\/rss\/articles\/CBMiYEFVX3lxTE9pcXZRRjVyVjNwUmVzRGxxRURrSWo0eS0yN1l1NWN0N2VkUk1LRURxdkhTVVVnNzBybjhDS1c2SG1rRm5GcF90akszQmJpRVNFRHlPYXpJb0wyRXVvQjgxWQ?oc=5\" target=\"_blank\" rel=\"nofollow noopener\">El GP de Formula 1\u00ae que inaugurar\u00e1 MADRING saca sus entradas a la venta el 23 de septiembre: el truco para conseguirlas antes<\/a>&nbsp;&nbsp;Madrid Secreto<\/li>\n<li><a href=\"https:\/\/news.google.com\/rss\/articles\/CBMi2gFBVV95cUxNU004SGQ3NGQ1b3duLVhRdG5NNVFTclh6NlZ3el96QWZyLVNhOHpWMkRSYVBVeXBVUkZ4S2wzVWVzQ25QX2ZzYm5jNEZYaTgxd1NiUktfd3pJTGlCZFlIYmNnRS1TZ2VKRDY1U25vSjFSd054MU1VUWNFNGF2YW5fbUp2OC1jbVVkeWhza1RtTlkxUmxremhKRUc2QUVaOHliNUs1bXBBdGthYktod3dRcllpNXA2QlJsRHl3Z3JIZjdkc1lzN1JIcnBvcDQ1T1g0bmdvd0VxVWhjZ9IB2gFBVV95cUxNR1BScmt6RWQ0LVRLV09zYlVUb3VYMGpQSTl3SmJyLVNEUHViV0tRUHlJV29HVURLWlp4SVhUV1EwOE1ZNElMbWljeWFmMFRMTHhEZm5rNVhwMEtUaEpGZkdyY2ttbVZYQ3htcUkxRXd2YUVjUF9Wa0FyZHl6QkNTXy1GM0tZV0lSRXkzWGpqYzJ0Zkg5M0pxdW9QVlFxLUFwYXg3ZjRMUVFvemZrbDFXT3ZUcFhVZlBUMXRNOVZNbi0wT2xKZXNqZGJwd2oxSUNZWF9qSjZ3ekZPZw?oc=5\" target=\"_blank\" rel=\"nofollow noopener\">IFEMA MADRID elige a Fever para potenciar la experiencia de los aficionados<\/a>&nbsp;&nbsp;Onda Cero<\/li>\n<\/ol>\n","protected":false},"excerpt":{"rendered":"Entradas GP de Madrid de F1: cu\u00e1ndo salen a la venta y tipos de abono&nbsp;&nbsp;El Mundo En el&hellip;\n","protected":false},"author":2,"featured_media":105862,"comment_status":"","ping_status":"","sticky":false,"template":"","format":"standard","meta":{"footnotes":""},"categories":[270],"tags":[2170,729,168,25,24,306,271,272,205,23,167],"class_list":{"0":"post-105861","1":"post","2":"type-post","3":"status-publish","4":"format-standard","5":"has-post-thumbnail","7":"category-formula-1","8":"tag-como","9":"tag-dda","10":"tag-deportes","11":"tag-es","12":"tag-espana","13":"tag-f1","14":"tag-formula-1","15":"tag-formula1","16":"tag-madrid","17":"tag-spain","18":"tag-sports"},"share_on_mastodon":{"url":"","error":""},"_links":{"self":[{"href":"https:\/\/www.europesays.com\/es\/wp-json\/wp\/v2\/posts\/105861","targetHints":{"allow":["GET"]}}],"collection":[{"href":"https:\/\/www.europesays.com\/es\/wp-json\/wp\/v2\/posts"}],"about":[{"href":"https:\/\/www.europesays.com\/es\/wp-json\/wp\/v2\/types\/post"}],"author":[{"embeddable":true,"href":"https:\/\/www.europesays.com\/es\/wp-json\/wp\/v2\/users\/2"}],"replies":[{"embeddable":true,"href":"https:\/\/www.europesays.com\/es\/wp-json\/wp\/v2\/comments?post=105861"}],"version-history":[{"count":0,"href":"https:\/\/www.europesays.com\/es\/wp-json\/wp\/v2\/posts\/105861\/revisions"}],"wp:featuredmedia":[{"embeddable":true,"href":"https:\/\/www.europesays.com\/es\/wp-json\/wp\/v2\/media\/105862"}],"wp:attachment":[{"href":"https:\/\/www.europesays.com\/es\/wp-json\/wp\/v2\/media?parent=105861"}],"wp:term":[{"taxonomy":"category","embeddable":true,"href":"https:\/\/www.europesays.com\/es\/wp-json\/wp\/v2\/categories?post=105861"},{"taxonomy":"post_tag","embeddable":true,"href":"https:\/\/www.europesays.com\/es\/wp-json\/wp\/v2\/tags?post=105861"}],"curies":[{"name":"wp","href":"https:\/\/api.w.org\/{rel}","templated":true}]}}