{"id":105878,"date":"2025-09-10T16:34:04","date_gmt":"2025-09-10T16:34:04","guid":{"rendered":"https:\/\/www.europesays.com\/es\/105878\/"},"modified":"2025-09-10T16:34:04","modified_gmt":"2025-09-10T16:34:04","slug":"las-cortes-de-castilla-y-leon-reprueban-al-consejero-de-medio-ambiente-de-manueco-por-su-gestion-de-la-ola-de-incendios","status":"publish","type":"post","link":"https:\/\/www.europesays.com\/es\/105878\/","title":{"rendered":"Las Cortes de Castilla y Le\u00f3n reprueban al consejero de Medio Ambiente de Ma\u00f1ueco por su gesti\u00f3n de la ola de incendios"},"content":{"rendered":"<p class=\"article-text\">\n        Las Cortes de Castilla y Le\u00f3n reprueban al consejero de Medio Ambiente, Juan Carlos Su\u00e1rez-Qui\u00f1ones, despu\u00e9s de que Vox y sus dos exdiputados auton\u00f3micos se hayan abstenido en la votaci\u00f3n, lo que ha dado al resto de la oposici\u00f3n el impulso suficiente para presionar a la Junta de Castilla y Le\u00f3n tras los incendios que este verano han quemado m\u00e1s de 140.000 hect\u00e1reas. El Grupo Socialista hab\u00eda presentado una Proposici\u00f3n No de Ley para instar al presidente de la Junta de Castilla y Le\u00f3n, Alfonso Fern\u00e1ndez Ma\u00f1ueco, a reprobar el comportamiento de Juan Carlos Su\u00e1rez Qui\u00f1ones y a cesarle de manera inmediata.\n    <\/p>\n<p>    <a href=\"https:\/\/www.eldiario.es\/castilla-y-leon\/politica\/manueco-consejero-medio-ambiente-castilla-leon-cuestionado-incendios-si-le-apoyo_1_12589777.html\" data-mrf-recirculation=\"saber-mas\" data-dl-event=\"saber-mas\" rel=\"nofollow noopener\" target=\"_blank\"><\/p>\n<p class=\"know-more__title\">Ma\u00f1ueco, sobre el consejero de Medio Ambiente de Castilla y Le\u00f3n cuestionado por los incendios: \u00abS\u00ed, le apoyo\u00bb<\/p>\n<p>            <img decoding=\"async\" class=\"lazy\" loading=\"lazy\" data-src=\"https:\/\/static.eldiario.es\/clip\/0875df76-ded8-4aa6-9910-b0152860aa77_16-9-aspect-ratio_default_0.jpg\" src=\"data:image\/svg+xml,%3Csvg xmlns=\" http:=\"\" viewbox=\"0 0 880 495\" alt=\"Ma\u00f1ueco, sobre el consejero de Medio Ambiente de Castilla y Le\u00f3n cuestionado por los incendios: &quot;S\u00ed, le apoyo&quot;\"\/><\/p>\n<p>                        <\/a><\/p>\n<p class=\"article-text\">\n        Rodeado por todo el gobierno de Fern\u00e1ndez Ma\u00f1ueco, Su\u00e1rez-Qui\u00f1ones ha escuchado c\u00f3mo, uno a uno, todos los grupos de la oposici\u00f3n criticaban su gesti\u00f3n forestal y un operativo que consideran insuficiente.\n    <\/p>\n<p class=\"article-text\">\n        \u201cHoy quedamos todos retratados\u201d, ha defendido la portavoz adjunta del Grupo Socialista, Nuria Rubio, quien ha considerado que Su\u00e1rez Qui\u00f1ones ya no tiene \u201cuna sola raz\u00f3n\u201d que demuestre que deba quedarse en el gobierno auton\u00f3mico. La responsable socialista ha afeado que este martes \u201cse escondiera detr\u00e1s de t\u00e9cnicos y profesionales\u201d durante la sesi\u00f3n de control al Ejecutivo. \u201cSu actitud es un insulto a la inteligencia de la ciudadan\u00eda\u201d, ha reprochado Nuria Rubio, quien ha recordado c\u00f3mo el consejero y el PP han votado \u201csistem\u00e1ticamente\u201d en contra de cualquier propuesta impulsada por la oposici\u00f3n y que hubiera sido pactado con los profesionales. \u201cEl incendio no es evitable, pero su magnitud, s\u00ed\u201d, ha insistido la socialista leonesa, que ha afeado que la Junta no haya cambiado su modelo pese a los incendios de Losacio, la Sierra de la Culebra o Navalacruz. \u201cLa reprobaci\u00f3n es lo m\u00ednimo que esta c\u00e1mara puede pedir\u201d, ha rematado.\n    <\/p>\n<p class=\"article-text\">\n        El portavoz del Grupo Popular, Ricardo Gavilanes, ha tildado esta iniciativa de \u201cinjusta, oportunista y torticera\u201d. Tambi\u00e9n ha ensalzado el trabajo de Su\u00e1rez-Qui\u00f1ones, al que ha calificado de \u201ccomprometido y eficaz\u201d y ha acusado a la oposici\u00f3n de querer \u201cconstruir un relato\u201d de que en agosto se vivi\u00f3 \u201ccaos y desesperaci\u00f3n\u201d cuando, seg\u00fan el PP, no fue as\u00ed. \u201cQuieren colgarse un trofeo y quieren colgarse la cabeza de un consejero v\u00e1lido y capaz\u201d, ha reprochado Gavilanes, quien <a href=\"https:\/\/www.lanuevacronica.com\/actualidad\/caza-brujas-en-defensa-juan-carlos-suarez-quinones_181678_102.html\" target=\"_blank\" data-mrf-recirculation=\"links-noticia\" class=\"link\" rel=\"nofollow noopener\">ha le\u00eddo un art\u00edculo de opini\u00f3n de una alcaldesa leonesa socialista que destacaba el \u201ccompromiso\u201d de Su\u00e1rez-Qui\u00f1ones<\/a> para reforzar la figura del consejero. \u201cEl fuego no entiende de fronteras o de colores pol\u00edticos y esto deber\u00eda unirnos bajo el lema de lealtad y responsabilidad\u201d, ha reclamado.\n    <\/p>\n<p class=\"article-text\">\n        \u201cQu\u00e9 f\u00e1cil es hablar desde la oposici\u00f3n; no les culpo porque llevan 38 a\u00f1os viviendo de la gesti\u00f3n de la Junta y del PP\u201d, ha aseverado el portavoz &#8216;popular&#8217;, quien ha afeado a Vox su \u201cpopulismo, incoherencia y c\u00e1lculo electoral\u201d despu\u00e9s de \u201centrar en p\u00e1nico\u201d al ver al gobierno auton\u00f3mico de Ma\u00f1ueco \u201cgestionar\u201d.\n    <\/p>\n<p class=\"article-text\">\n        El portavoz de la Uni\u00f3n del Pueblo Leon\u00e9s (UPL), Luis Mariano Santos, ha responsabilizado al PP de haber gobernado durante dos a\u00f1os con Vox, un partido que niega el cambio clim\u00e1tico, de las pol\u00edticas de prevenci\u00f3n de los incendios, de que los mayores incendios se hayan \u201ccebado\u201d con la Regi\u00f3n Leonesa, y de que el operativo no cuente con unas condiciones laborales \u201cm\u00ednimas\u201d, con un operativo a veces \u201cincapaz de darles un simple avituallamiento\u201d. \u201cLos bomberos nos llamaban para decir que estaban 16 horas sin comer. \u00bfEso no es responsabilidad absoluta del PP?\u201d, se ha preguntado antes de interpelar directamente a Su\u00e1rez-Qui\u00f1ones: \u201cUsted cree que Ma\u00f1ueco le apoya. No se equivoque. Usted es una toalla en una v\u00eda de agua y [Ma\u00f1ueco] no quita la toalla porque la gente ir\u00eda a por \u00e9l. Por eso usted sigue sentado ah\u00ed [en el esca\u00f1o] todav\u00eda\u201d, ha reflexionado.\n    <\/p>\n<p>    \u201cLa dignidad no se puede comprar. Se tiene o no se tiene\u201d<\/p>\n<p class=\"article-text\">\n        El leonesista ha asegurado que esta propuesta es \u201csimb\u00f3lica\u201d y ha lamentado que no se vaya a producir una comisi\u00f3n de investigaci\u00f3n por el rechazo de Vox y del PP, puesto que habr\u00eda servido para \u201cescuchar a las personas que han estado en primera l\u00ednea\u201d. Luis Mariano Santos ha considerado que la \u201cdignidad\u201d hubiera sido que Su\u00e1rez-Qui\u00f1ones, el director general de Patrimonio Natural, Jos\u00e9 \u00c1ngel Arranz, o Fern\u00e1ndez Ma\u00f1ueco hubieran dimitido sin que hubiera sido requerido por la oposici\u00f3n. \u201cLa dignidad no se puede comprar. Se tiene o no se tiene. Usted ver\u00e1\u201d, ha replicado.\n    <\/p>\n<p class=\"article-text\">\n        El portavoz adjunto del Grupo Vox, Ignacio Sicilia, ha considerado que esta Proposici\u00f3n No de Ley \u201cno vale para nada\u201d y ha afirmado que el PSOE \u201cno est\u00e1 legitimado para reprobar a nadie\u201d, puesto que deber\u00edan reprobar al presidente del Gobierno, Pedro S\u00e1nchez, y a su equipo. A su vez, ha insistido en que lo que habr\u00eda que reprobar deber\u00eda ser el Estado de las Autonom\u00edas \u2014que ha calificado de \u201cinfumable\u201d\u2014 y que las comparecencias e investigaciones pol\u00edticas \u201cno sirven para nada\u201d. El n\u00famero 2 de Vox ha considerado que solo se reacciona ante el Poder Judicial, por lo que Vox se ha querellado por los incendios <a href=\"https:\/\/www.eldiario.es\/politica\/vox-querella-incendios-gobiernos-autonomicos-pp-sostiene_1_12586848.html\" target=\"_blank\" data-mrf-recirculation=\"links-noticia\" class=\"link\" rel=\"nofollow noopener\">contra el Gobierno central y contra los ejecutivos auton\u00f3micos como el de Fern\u00e1ndez Ma\u00f1ueco<\/a>. \u201cSer\u00e1n incorporados todos los responsables de esta cat\u00e1strofe. Y ah\u00ed escucharemos a los testigos y se tomar\u00e1n las decisiones\u201d, ha reiterado.\n    <\/p>\n<p class=\"article-text\">\n        El procurador del Grupo Mixto Francisco Igea ha considerado que, aunque los incendios no pudieran preverse, s\u00ed eran \u201cevitables la mala gesti\u00f3n, el c\u00e1lculo pol\u00edtico y la verg\u00fcenza\u201d, puesto que no se elev\u00f3 el nivel de alarma \u201cpor motivos pol\u00edticos\u201d. El tambi\u00e9n exvicepresidente auton\u00f3mico ha criticado la ausencia de Su\u00e1rez-Qui\u00f1ones en el funeral de Abel y Jaime, dos voluntarios fallecidos, para los que ha reclamado un reconocimiento institucional, una medalla o una menci\u00f3n. Igea se ha mostrado especialmente contundente hacia el presidente de la Junta de Castilla y Le\u00f3n, al que ha llamado \u201csinverg\u00fcenza\u201d, lo que ha motivado las quejas del PP, que primero ha intentado que se retirara el \u201cinsulto\u201d o que el presidente de las Cortes, Carlos Poll\u00e1n (Vox), le llamara al orden, a lo que se ha negado el m\u00e1ximo responsable de la c\u00e1mara legislativa.\n    <\/p>\n<p class=\"article-text\">\n        Desde Podemos, Pablo Fern\u00e1ndez ha insistido en que \u201clos m\u00e1ximos responsables\u201d de los incendios son los gobiernos auton\u00f3micos. Tambi\u00e9n ha calificado a Su\u00e1rez-Qui\u00f1ones de un \u201ccatastr\u00f3fico consejero de Medio Ambiente\u201d, aunque es \u201cun extraordinario jurista y un magn\u00edfico juez\u201d. \u201cY por eso le mantienen a d\u00eda de hoy, por lo que sabe de derecho y de las tropel\u00edas que ha hecho el PP y que puede ayudar al PP\u201d, ha zanjado.\n    <\/p>\n<p>    <a href=\"https:\/\/ileon.eldiario.es\/castilla-y-leon\/quinones-justifica-incendios-castilla-leon-veces-inextinguibles-inabordables-imposibles_1_12590150.html?_gl=1*1t6hvm9*_ga*NDQ4MjI1MTYyLjE3MTkzMjA0NTU.*_ga_4RZPWREGF3*czE3NTc1MDA1ODQkbzIyOTgkZzEkdDE3NTc1MDA4MDQkajQwJGwwJGgw\" data-mrf-recirculation=\"saber-mas-abajo\" data-dl-event=\"saber-mas-abajo\" rel=\"nofollow noopener\" target=\"_blank\"><\/p>\n<p class=\"know-more__title\">Qui\u00f1ones, ante la petici\u00f3n masiva de dimisi\u00f3n: \u201cMi responsabilidad es el trabajo, no el abandono ni la huida\u201d\n<\/p>\n<p>            <img decoding=\"async\" class=\"lazy\" loading=\"lazy\" data-src=\"https:\/\/static.eldiario.es\/clip\/b0bc891b-946e-4b86-be12-4b22c32e8514_16-9-aspect-ratio_default_0_x3045y1645.jpg\" src=\"data:image\/svg+xml,%3Csvg xmlns=\" http:=\"\" viewbox=\"0 0 880 495\" alt=\"Qui\u00f1ones, ante la petici\u00f3n masiva de dimisi\u00f3n: &quot;Mi responsabilidad es el trabajo, no el abandono ni la huida&quot;\"\/><\/p>\n<p>                        <\/a><\/p>\n<p class=\"article-text\">\n        Pedro Pascual, procurador de Por \u00c1vila, ha considerado que hay que cambiar de pol\u00edticas que cada verano resultan \u201cm\u00e1s in\u00fatiles\u201d. \u201cSe necesita un cambio urgente en las pol\u00edticas en cuanto a prevenci\u00f3n, medios, despoblaci\u00f3n, profesionalizaci\u00f3n del personal y una atenci\u00f3n contundente y continuada antes, durante y despu\u00e9s de los incendios\u201d, ha reivindicado.\n    <\/p>\n","protected":false},"excerpt":{"rendered":"Las Cortes de Castilla y Le\u00f3n reprueban al consejero de Medio Ambiente, Juan Carlos Su\u00e1rez-Qui\u00f1ones, despu\u00e9s de que&hellip;\n","protected":false},"author":2,"featured_media":105879,"comment_status":"","ping_status":"","sticky":false,"template":"","format":"standard","meta":{"footnotes":""},"categories":[8],"tags":[1609,36741,4952,17,18,4107,13293,12706,25,24,13,14,3575,11,18442,4342,19,20,4108,697,9,10,15,16,21725,36740,23,12,21,22],"class_list":{"0":"post-105878","1":"post","2":"type-post","3":"status-publish","4":"format-standard","5":"has-post-thumbnail","7":"category-espana","8":"tag-1609","9":"tag-36741","10":"tag-ambiente","11":"tag-breaking-news","12":"tag-breakingnews","13":"tag-castilla","14":"tag-consejero","15":"tag-cortes","16":"tag-es","17":"tag-espana","18":"tag-featured-news","19":"tag-featurednews","20":"tag-han","21":"tag-headlines","22":"tag-hectareas","23":"tag-incendios","24":"tag-latest-news","25":"tag-latestnews","26":"tag-leon","27":"tag-medio","28":"tag-news","29":"tag-noticias","30":"tag-noticias-destacadas","31":"tag-noticiasdestacadas","32":"tag-quemado","33":"tag-reprueban","34":"tag-spain","35":"tag-titulares","36":"tag-ultimas-noticias","37":"tag-ultimasnoticias"},"share_on_mastodon":{"url":"","error":""},"_links":{"self":[{"href":"https:\/\/www.europesays.com\/es\/wp-json\/wp\/v2\/posts\/105878","targetHints":{"allow":["GET"]}}],"collection":[{"href":"https:\/\/www.europesays.com\/es\/wp-json\/wp\/v2\/posts"}],"about":[{"href":"https:\/\/www.europesays.com\/es\/wp-json\/wp\/v2\/types\/post"}],"author":[{"embeddable":true,"href":"https:\/\/www.europesays.com\/es\/wp-json\/wp\/v2\/users\/2"}],"replies":[{"embeddable":true,"href":"https:\/\/www.europesays.com\/es\/wp-json\/wp\/v2\/comments?post=105878"}],"version-history":[{"count":0,"href":"https:\/\/www.europesays.com\/es\/wp-json\/wp\/v2\/posts\/105878\/revisions"}],"wp:featuredmedia":[{"embeddable":true,"href":"https:\/\/www.europesays.com\/es\/wp-json\/wp\/v2\/media\/105879"}],"wp:attachment":[{"href":"https:\/\/www.europesays.com\/es\/wp-json\/wp\/v2\/media?parent=105878"}],"wp:term":[{"taxonomy":"category","embeddable":true,"href":"https:\/\/www.europesays.com\/es\/wp-json\/wp\/v2\/categories?post=105878"},{"taxonomy":"post_tag","embeddable":true,"href":"https:\/\/www.europesays.com\/es\/wp-json\/wp\/v2\/tags?post=105878"}],"curies":[{"name":"wp","href":"https:\/\/api.w.org\/{rel}","templated":true}]}}