{"id":105890,"date":"2025-09-10T16:43:09","date_gmt":"2025-09-10T16:43:09","guid":{"rendered":"https:\/\/www.europesays.com\/es\/105890\/"},"modified":"2025-09-10T16:43:09","modified_gmt":"2025-09-10T16:43:09","slug":"trey-lyles-completa-el-juego-interior-del-madrid-de-baloncesto","status":"publish","type":"post","link":"https:\/\/www.europesays.com\/es\/105890\/","title":{"rendered":"Trey Lyles completa el juego interior del Madrid de baloncesto"},"content":{"rendered":"<p class=\"ft-text\">Poco a poco, el Real Madrid va sumando sus \u00faltimas piezas y, de esta manera, tambi\u00e9n <strong>va cerrando su plantilla para la nueva temporada 2025-26<\/strong>. <a class=\"ft-link ft-link--decoration\" href=\"https:\/\/www.sport.es\/es\/noticias\/baloncesto\/madrid-quiere-jordan-loyd-121400856\" rel=\"nofollow noopener\" target=\"_blank\">Perfiles complementarios pero de mucha calidad<\/a> que pueden suponer <strong>un salto de calidad<\/strong> realmente importante. Para el juego interior, el elegido ha sido <strong>Trey Lyles<\/strong>, que ha sido anunciado esta tarde y <strong>firma por una temporada<\/strong>.<\/p>\n<p class=\"ft-text\">Se trata de un jugador que, hasta el momento, ha competido durante <a class=\"ft-link ft-link--decoration\" href=\"https:\/\/www.sport.es\/es\/baloncesto\/nba\/\" rel=\"nofollow noopener\" target=\"_blank\">toda su carrera deportiva en la NBA<\/a>. Son <strong>11 a\u00f1os<\/strong> en la que es considerada la mejor liga del mundo, divididos entre <strong>Utah Jazz (2), Denver Nuggets (2), San Antonio Spurs (2), Detroit Pistons (1) y Sacramento Kings (4)<\/strong>. La pasada temporada promedi\u00f3 <strong>6.5 puntos y 4.6 rebotes para 9.2 de valoraci\u00f3n en casi 20 minutos por partido<\/strong>, pero no clasificaron para el play-off. A sus 29 a\u00f1os, aunque cumplir\u00e1 treinta el pr\u00f3ximo 5 de noviembre, cruza el charco hacia Europa para debutar en el Viejo Continente de la mano del vigente campe\u00f3n de la Liga Endesa, el Real Madrid. Tambi\u00e9n es <strong>internacional con su pa\u00eds, Canad\u00e1<\/strong>, pero con un papel m\u00e1s residual.<\/p>\n<p class=\"ft-text\"><strong>Contando con Garuba, Okeke, Almansa, Fernando y Tavares, Lyles es un perfil distinto<\/strong>. Es un ala-p\u00edvot alto, de 2&#8217;09 metros, <strong>con buena mano y capacidad para abrir el campo<\/strong>, demostr\u00e1ndolo con buen acierto desde m\u00e1s all\u00e1 de la l\u00ednea de 6&#8217;75 (<strong>36&#8217;3%<\/strong>, en las \u00faltimas 4 temporadas). Echando la vista para atr\u00e1s, por su f\u00edsico y sus habilidades se le podr\u00eda comparar con dos ex como <strong>Anthony Randolph y Trey Thompkins<\/strong>. En sus primeras palabras para la afici\u00f3n merengue, se ha mostrado \u00ab<strong>contento y emocionado<\/strong> por salir a jugar\u00bb.<\/p>\n<p>Jordan Loyd, el \u00faltimo deseo<\/p>\n<p class=\"ft-text\">El Real Madrid busca un escolta para una plantilla que no va faltada de calidad, pero s\u00ed de\u00a0<strong>un especialista tirador y con capacidad para salir de bloqueos indirectos y lanzar<\/strong>\u00a0(un perfil Jaycee Carroll). Como se conoce en ingl\u00e9s, un especialista en el \u00abcatch and shoot\u00bb.\u00a0<strong>Jordan Loyd encaja a la perfecci\u00f3n con el perfil<\/strong>. Es un jugador m\u00e1s que contrastado en Europa y que se ha mostrado muy regular en todos los equipos por los que ha pasado. En las \u00faltimas tres temporadas en\u00a0<strong>AS M\u00f3naco<\/strong>, su actual equipo, ha promediado\u00a0<strong>12.0 puntos (43,3% T3), 3.0 capturas y 2.6 asistencias para 13.1 de valoraci\u00f3n en 21 minutos<\/strong>. Asimismo,\u00a0<a href=\"https:\/\/www.sport.es\/es\/noticias\/baloncesto\/polonia-balcerowski-entra-eurobasket-exhibicion-121032837\" class=\"ft-link ft-link--decoration\" rel=\"nofollow noopener\" target=\"_blank\"><strong>acaba de ser eliminado del Eurobasket, donde ha participado con Polonia<\/strong><\/a><strong>, promediando 22.4 puntos, 3.3 rebotes y 2.0 asistencias para 18.6 de valoraci\u00f3n en poco m\u00e1s de 22 minutos<\/strong>\u00a0por encuentro. En la derrota en cuartos de final contra Turqu\u00eda (91-77), termin\u00f3 con\u00a0<strong>19 puntos (aunque 1\/7 en triples) y 15 de valoraci\u00f3n en 34 minutos<\/strong>.<\/p>\n","protected":false},"excerpt":{"rendered":"Poco a poco, el Real Madrid va sumando sus \u00faltimas piezas y, de esta manera, tambi\u00e9n va cerrando&hellip;\n","protected":false},"author":2,"featured_media":105891,"comment_status":"","ping_status":"","sticky":false,"template":"","format":"standard","meta":{"footnotes":""},"categories":[269],"tags":[299,298,168,25,24,557,584,36262,34276,205,1725,2873,23,167],"class_list":{"0":"post-105890","1":"post","2":"type-post","3":"status-publish","4":"format-standard","5":"has-post-thumbnail","7":"category-baloncesto","8":"tag-baloncesto","9":"tag-basketball","10":"tag-deportes","11":"tag-es","12":"tag-espana","13":"tag-fichaje","14":"tag-interior","15":"tag-loyd","16":"tag-lyles","17":"tag-madrid","18":"tag-nba","19":"tag-scariolo","20":"tag-spain","21":"tag-sports"},"share_on_mastodon":{"url":"","error":""},"_links":{"self":[{"href":"https:\/\/www.europesays.com\/es\/wp-json\/wp\/v2\/posts\/105890","targetHints":{"allow":["GET"]}}],"collection":[{"href":"https:\/\/www.europesays.com\/es\/wp-json\/wp\/v2\/posts"}],"about":[{"href":"https:\/\/www.europesays.com\/es\/wp-json\/wp\/v2\/types\/post"}],"author":[{"embeddable":true,"href":"https:\/\/www.europesays.com\/es\/wp-json\/wp\/v2\/users\/2"}],"replies":[{"embeddable":true,"href":"https:\/\/www.europesays.com\/es\/wp-json\/wp\/v2\/comments?post=105890"}],"version-history":[{"count":0,"href":"https:\/\/www.europesays.com\/es\/wp-json\/wp\/v2\/posts\/105890\/revisions"}],"wp:featuredmedia":[{"embeddable":true,"href":"https:\/\/www.europesays.com\/es\/wp-json\/wp\/v2\/media\/105891"}],"wp:attachment":[{"href":"https:\/\/www.europesays.com\/es\/wp-json\/wp\/v2\/media?parent=105890"}],"wp:term":[{"taxonomy":"category","embeddable":true,"href":"https:\/\/www.europesays.com\/es\/wp-json\/wp\/v2\/categories?post=105890"},{"taxonomy":"post_tag","embeddable":true,"href":"https:\/\/www.europesays.com\/es\/wp-json\/wp\/v2\/tags?post=105890"}],"curies":[{"name":"wp","href":"https:\/\/api.w.org\/{rel}","templated":true}]}}