{"id":105910,"date":"2025-09-10T16:56:13","date_gmt":"2025-09-10T16:56:13","guid":{"rendered":"https:\/\/www.europesays.com\/es\/105910\/"},"modified":"2025-09-10T16:56:13","modified_gmt":"2025-09-10T16:56:13","slug":"el-peligro-de-otra-derrota","status":"publish","type":"post","link":"https:\/\/www.europesays.com\/es\/105910\/","title":{"rendered":"El peligro de otra derrota"},"content":{"rendered":"<p class=\"com-paragraph  --capital --s\">Dicen que el Presidente lleg\u00f3 el lunes a la Casa de Gobierno cansado, como quien ha pasado una noche sin dormir, pero decidido a implementar <a href=\"https:\/\/www.lanacion.com.ar\/politica\/sin-modificaciones-en-el-equipo-ni-en-el-programa-milei-se-conforma-con-exhibir-otra-dinamica-en-la-nid09092025\/\" target=\"_self\" title=\"https:\/\/www.lanacion.com.ar\/politica\/sin-modificaciones-en-el-equipo-ni-en-el-programa-milei-se-conforma-con-exhibir-otra-dinamica-en-la-nid09092025\/\" class=\"com-link break-word\" data-mrf-recirculation=\"n_link_parrafo\" rel=\"nofollow noopener\">cambios inmediatos<\/a> en su equipo pol\u00edtico. Antes, hab\u00eda hecho trascender que la derrota no se deb\u00eda a su plan econ\u00f3mico, sino a la pol\u00edtica. \u00bfEquivocada? \u00bfMal ejecutada? Nadie precis\u00f3 por qu\u00e9 el da\u00f1o de esa enorme magnitud fue de la pol\u00edtica. Seg\u00fan tales fuentes seguras, <strong>Javier Milei estaba convencido de que el subsecretario Eduardo \u201cLule\u201d Menem y el armador pol\u00edtico de La Libertad Avanza en la provincia de Buenos Aires, Sebasti\u00e1n Pareja, deb\u00edan abandonar el Gobierno cuanto antes<\/strong>. Tambi\u00e9n hab\u00eda decidido que <strong>Mart\u00edn Menem<\/strong> ten\u00eda que anunciar que su actual mandato como presidente de la C\u00e1mara de Diputados, que vence el 10 de diciembre pr\u00f3ximo, ser\u00eda el \u00faltimo, porque renunciar\u00eda a una eventual reelecci\u00f3n al frente de una de las c\u00e1maras del Poder Legislativo. La C\u00e1mara de Diputados elige en el mes de diciembre a las autoridades que la conducir\u00e1n durante el a\u00f1o siguiente. <\/p>\n<p class=\"com-paragraph   --s\">Mart\u00edn Menem ya hab\u00eda pasado un momento desagradable en p\u00fablico cuando el domingo Milei lo salud\u00f3 solo con la mano y sin mirarlo, a pesar de que ven\u00eda d\u00e1ndoles abrazos a todos los que lo rodeaban en el acto de La Plata, donde \u00e9l reconoci\u00f3 la dura derrota frente al peronismo con un discurso llamativamente moderado y autocr\u00edtico. Milei no suele ser moderado ni autocr\u00edtico. En la ma\u00f1ana del lunes, poco despu\u00e9s de que ingresara al despacho de los presidentes, <strong>el jefe del Estado se reuni\u00f3 a solas con su hermana Karina<\/strong>, la lideresa de ese equipo formado por los primos Menem y Pareja. Una hora m\u00e1s tarde, la secretaria general de la Presidencia abandon\u00f3 la oficina de su hermano y este <strong>anunci\u00f3 que confirmaba a todos en sus cargos<\/strong>. Karina Milei hab\u00eda logrado convencerlo a su hermano de que la salida de su equipo m\u00e1s cercano de colaboradores significar\u00eda <strong>un gesto que la hundir\u00eda en la debilidad pol\u00edtica<\/strong>. <\/p>\n<p class=\"com-paragraph   --s\">\u201cEl Jefe\u201d, como Milei llama a su hermana (algo o mucho de machismo le impide usar el femenino para referirse a una mujer, aunque sea su invalorable hermana), no es solo, por lo que parece, una met\u00e1fora; <strong>Karina Milei es realmente la jefa de la administraci\u00f3n p\u00fablica<\/strong>, salvo el manejo t\u00e9cnico de la econom\u00eda que est\u00e1 en manos de Milei y del ministro Luis Caputo. Por eso, era imposible que el Presidente imaginara siquiera lo que muchos propon\u00edan: que Karina Milei abandonara su cargo actual, se convirtiera en jefa de los asesores del Presidente, y que tanto los Menem como Pareja se dedicaran a otra cosa. Que Carlos Menem haya tenido talento pol\u00edtico, con sus luces y sus muchas sombras, no significa que sus genes han sido heredados por los sobrinos. Pero tales ideas ni le llegaron ni se le ocurrieron a Milei. <strong>Jam\u00e1s habr\u00e1 un Gobierno de Javier Milei sin la presencia eminente y decisoria de su hermana<\/strong>.<\/p>\n<p class=\"com-paragraph   --s\">La \u00fanica modificaci\u00f3n que se les ocurri\u00f3 a la diarqu\u00eda que gobierna es <strong>la creaci\u00f3n de una mesa pol\u00edtica con los mismos protagonistas que ya estaban<\/strong> y que, al final del d\u00eda, actuaban como asesores pol\u00edticos de la perdidosa administraci\u00f3n. <strong>Solo cambiaron el lugar de las sillas<\/strong>. Punto. Nada m\u00e1s para ofrecerles a los argentinos que esperaban ver c\u00f3mo se salva o c\u00f3mo derrapa un Gobierno de apenas 21 meses. Si bien se mira esa mesa, solo hay dos personas con experiencia pol\u00edtica como para aportar algo nuevo ante la crisis que se abri\u00f3: el jefe de Gabinete, <strong>Guillermo Francos,<\/strong> y la ministra de Seguridad, <strong>Patricia Bullrich<\/strong>. Pero Francos necesita tener, por lo que se observa a la distancia, m\u00e1s poder en el valor de su palabra frente a los aliados y a los adversarios. Y dejar de conducir la ambulancia del SAME pol\u00edtico para andar curando las heridas que provocan Milei y los mile\u00edstas. <\/p>\n<p class=\"com-paragraph   --s\">Al Presidente se le ocurri\u00f3 tambi\u00e9n convocar a los gobernadores a una reuni\u00f3n, pero Milei cree que la gente se olvida f\u00e1cilmente de los agravios y de los ninguneos. <strong>Los gobernadores aseguran que el super\u00e1vit de las cuentas nacionales se alcanz\u00f3 gracias a que les deben a ellos los recursos que les corresponden<\/strong>. Muchos mandatarios provinciales debieron, al mismo tiempo, hacerse cargo de obras p\u00fablicas, como la conservaci\u00f3n de rutas nacionales, disponiendo de dineros provinciales y ante la fuerte protesta de una sociedad que no suele distinguir qui\u00e9n es el responsable de cuidar su calidad de vida. <\/p>\n<p class=\"com-paragraph   --s\">Los gobernadores no est\u00e1n en condiciones de aceptar f\u00e1cilmente una reuni\u00f3n con el Gobierno nacional despu\u00e9s de que este cay\u00f3 abatido electoralmente por el peronismo en un distrito clave. En rigor, <strong>el Gobierno federal maltrat\u00f3 a los gobernadores aliados y tambi\u00e9n a los adversarios, o los trat\u00f3 de igual manera a los dos<\/strong>. Fue la primera reacci\u00f3n de los mandatarios ante las consultas de funcionarios nacionales. Adem\u00e1s, seis de ellos formaron un frente pol\u00edtico distinto del mile\u00edsmo y del kirchnerismo. <\/p>\n<p class=\"com-paragraph   --s\">Seg\u00fan versiones cre\u00edbles, Francos les propuso a los gobernadores reunirse con cada uno de ellos en<strong> reuniones separadas<\/strong> porque reconoce que los problemas no son los mismos. \u201cQu\u00e9 tiene que ver la situaci\u00f3n de Tierra del Fuego con la de C\u00f3rdoba\u201d, explican cerca de los gobernadores. Tambi\u00e9n es cierto que siempre resultar\u00e1 mejor el di\u00e1logo cara a cara con cada gobernador que hablar frente a una asamblea de 24 mandatarios juntos. <\/p>\n<p class=\"com-paragraph   --s\">El caso de Bullrich es distinto. Hay <strong>algunos funcionarios de Milei que proponen conservar en su actual cargo a la ministra de Seguridad<\/strong> y sacarla de la boleta electoral de octubre como candidata a senadora nacional por la Capital. \u201cElla estar\u00e1 criticando al Gobierno desde el Senado no m\u00e1s all\u00e1 de enero\u201d, pronostican, porque saben que a Bullrich nunca le gust\u00f3 la candidatura senatorial. Siempre se imagin\u00f3 reemplazando a Francos en la jefatura de Gabinete, aunque esa vacante sea ahora m\u00e1s improbable que nunca, o compartiendo con Milei la f\u00f3rmula presidencial en 2027 cuando la reelecci\u00f3n del Presidente se parec\u00eda a un paseo. La pol\u00edtica nunca es un paseo, mucho m\u00e1s cuando se est\u00e1n escalando esas cimas. <\/p>\n<p class=\"com-paragraph   --s\">En verdad, <strong>fue Karina Milei la autora intelectual de la candidatura a senadora de Patricia Bullrich<\/strong>. \u201cSe la quer\u00eda sacar de encima y encontr\u00f3 una forma elegante de hacerlo. Patricia se ir\u00e1 del Gobierno en diciembre\u201d, dicen los funcionarios que conocen las costuras de la pol\u00edtica oficialista. Dan por descontado, con raz\u00f3n, que la ministra de Seguridad tendr\u00e1 una banca de senadora, ya sea por la mayor\u00eda o por la minor\u00eda. Es mucho m\u00e1s probable que sea por la mayor\u00eda, seg\u00fan la conformaci\u00f3n del electorado capitalino.<\/p>\n<p class=\"com-paragraph   --s\"><strong>Existe tambi\u00e9n un problema de gesti\u00f3n, del que nadie se hace cargo<\/strong>. Guillermo Francos lo dijo con claridad cuando, al hacer una evaluaci\u00f3n p\u00fablica de la derrota, se\u00f1al\u00f3 que los logros de la macroeconom\u00eda no hab\u00edan llegado a la microeconom\u00eda, que es la que ve y toca la gente com\u00fan.<strong> La econom\u00eda del d\u00eda a d\u00eda fue una raz\u00f3n esencial de la derrota<\/strong>. Nadie intent\u00f3 en los meses pasados, que fueron los meses de la luna de miel, las imprescindibles reformas previsional, laboral e impositiva. Los esfuerzos de la sociedad podr\u00edan ser recompensados con una baja de impuestos y con una mejor gesti\u00f3n de los recursos p\u00fablicos. Resulta que algunos pol\u00edticos aliados llevaron esos problemas a la Casa de Gobierno y la respuesta de los funcionarios (sobre todo de <strong>Santiago Caputo<\/strong>) fue que esos consejeros quer\u00edan llevarse \u201clas cajas\u201d del Estado. Se trata de organismos y empresas p\u00fablicas que administran los principales recursos p\u00fablicos. \u201cSantiago, se trata de administrar bien, no de llevarse nada\u201d, le respondi\u00f3 uno de esos interlocutores. Varios aliados quedaron con<strong> la fatal percepci\u00f3n de que prominentes funcionarios mile\u00edstas estaban m\u00e1s preocupados por \u201clas cajas\u201d que por la buena gesti\u00f3n de ellas<\/strong>. Todo eso sucedi\u00f3 antes de que estallaran los esc\u00e1ndalos de la criptomoneda $LIBRA y de los audios del exdirector de la Agencia Nacional de Discapacidad <strong>Diego Spagnuolo<\/strong>, que exhibieron una presunta trama de corrupci\u00f3n en la compra de medicamentos por parte del Estado.<\/p>\n<p class=\"com-paragraph   --s\"><strong>Ahora puede ser tarde<\/strong>. Tal vez un buen term\u00f3metro del malestar pol\u00edtico deba buscarse entre los dirigentes de Pro, donde les empiezan a pasar duras facturas pol\u00edticas a los que llaman<strong> \u201clos apresurados\u201d <\/strong>(en aliarse con Milei) y a reivindicar a dirigentes que tomaron distancia a tiempo del mile\u00edsmo, como <strong>Mar\u00eda Eugenia Vidal<\/strong> o <strong>Silvia Lospennato<\/strong>. Otros dirigentes de ese partido contraargumentan que la soledad de Pro en las elecciones pasadas lo hubiera dejado en un lugar muy pobre en los resultados del domingo, y que, encima, el Gobierno habr\u00eda tenido el pretexto de culparlo de la derrota. \u201cPagamos el precio de acercarnos, es cierto, pero <strong>ahora el Gobierno est\u00e1 obligado a mirarse en el espejo si quiere encontrar el culpable<\/strong>\u201d, se\u00f1ala, socarr\u00f3n, un alto dirigente de Pro. El <strong>silencio de Mauricio Macri<\/strong> es tambi\u00e9n un s\u00edntoma de su incomodidad. \u201cLe dio todo su apoyo al Presidente cuando el pa\u00eds vacilaba entre caer en manos de Sergio Massa o de Javier Milei, y el Gobierno le contest\u00f3 con el destrato, la indiferencia o el agravio\u201d, cuentan los que frecuentan al expresidente. Ni siquiera, aseguran, aceptaron un solo consejo de los muchos que les dio el macrismo. <strong>La soledad es tambi\u00e9n una construcci\u00f3n propia<\/strong>.<\/p>\n<p class=\"com-paragraph   --s\">Milei corre el riesgo de perder en octubre todos los votos que Pro le dio en la segunda vuelta de las presidenciales de 2023. Hasta el s\u00e1bado, la pol\u00edtica y los encuestadores aseguraban que el Gobierno perder\u00eda las elecciones bonaerenses del domingo (nunca imaginaron que ser\u00eda por semejante diferencia) y que ganar\u00eda las elecciones nacionales de octubre. Despu\u00e9s del descalabro de Buenos Aires, ninguna certeza est\u00e1 vigente. Para peor, al frente lo tiene al peronismo. Un dirigente que viene del peronismo, aunque ya no milita en esa corriente, describe as\u00ed el momento actual: \u201cCuando el peronismo huele la derrota se vuelve trotskista y practica el cuanto peor, mejor\u201d. Se escucha a algunos dirigentes peronistas, y no a los m\u00e1s radicalizados, decir que \u201ces necesario que <strong>Juan Schiaretti <\/strong>est\u00e9 en la C\u00e1mara de Diputados\u201d. \u00bfPor qu\u00e9? Porque la le ley de acefal\u00eda se\u00f1ala que, ante el alejamiento definitivo del presidente y vicepresidente de la Naci\u00f3n, la Asamblea Legislativa elegir\u00e1 un presidente provisional para cumplir el mandato en curso entre funcionarios elegidos: gobernadores, senadores o diputados nacionales. Schiaretti es candidato a diputado nacional por C\u00f3rdoba para los comicios de octubre. Lo primero que debe se\u00f1alarse es que Milei debe llegar a las elecciones de octubre (tambi\u00e9n eso se pone en duda) y que debe cumplir con su actual mandato, que concluir\u00e1 el 10 de diciembre de 2027. La ca\u00edda apresurada de un presidente conlleva demasiado sufrimiento social, como se vio cuando cay\u00f3 Fernando de la R\u00faa. Lo segundo que debe advertirse es que existe una vicepresidenta de la Naci\u00f3n, <strong>Victoria Villarruel<\/strong>, que Milei se encarg\u00f3 de alejar de sus logros y, felizmente para ella, de sus fracasos. Y que la Constituci\u00f3n se\u00f1ala que es el vicepresidente quien debe concluir el mandato en caso de acefal\u00eda en la Presidencia. El Gobierno le debe a la sociedad decisiones m\u00e1s amplias y generosas despu\u00e9s de todo lo que pas\u00f3 y cuando, adem\u00e1s, tiene enfrente a semejantes adversarios urdiendo una emboscada. <\/p>\n","protected":false},"excerpt":{"rendered":"Dicen que el Presidente lleg\u00f3 el lunes a la Casa de Gobierno cansado, como quien ha pasado una&hellip;\n","protected":false},"author":2,"featured_media":105911,"comment_status":"","ping_status":"","sticky":false,"template":"","format":"standard","meta":{"footnotes":""},"categories":[42],"tags":[17,18,28488,7553,36749,13,14,11,61,62,63,64,19,20,4310,9,10,15,16,12,21,22,65,66,67,19189],"class_list":{"0":"post-105910","1":"post","2":"type-post","3":"status-publish","4":"format-standard","5":"has-post-thumbnail","7":"category-internacional","8":"tag-breaking-news","9":"tag-breakingnews","10":"tag-casi","11":"tag-comision","12":"tag-diputados","13":"tag-featured-news","14":"tag-featurednews","15":"tag-headlines","16":"tag-internacional","17":"tag-international","18":"tag-international-news","19":"tag-internationalnews","20":"tag-latest-news","21":"tag-latestnews","22":"tag-libra","23":"tag-news","24":"tag-noticias","25":"tag-noticias-destacadas","26":"tag-noticiasdestacadas","27":"tag-titulares","28":"tag-ultimas-noticias","29":"tag-ultimasnoticias","30":"tag-world","31":"tag-world-news","32":"tag-worldnews","33":"tag-zenteno"},"share_on_mastodon":{"url":"","error":""},"_links":{"self":[{"href":"https:\/\/www.europesays.com\/es\/wp-json\/wp\/v2\/posts\/105910","targetHints":{"allow":["GET"]}}],"collection":[{"href":"https:\/\/www.europesays.com\/es\/wp-json\/wp\/v2\/posts"}],"about":[{"href":"https:\/\/www.europesays.com\/es\/wp-json\/wp\/v2\/types\/post"}],"author":[{"embeddable":true,"href":"https:\/\/www.europesays.com\/es\/wp-json\/wp\/v2\/users\/2"}],"replies":[{"embeddable":true,"href":"https:\/\/www.europesays.com\/es\/wp-json\/wp\/v2\/comments?post=105910"}],"version-history":[{"count":0,"href":"https:\/\/www.europesays.com\/es\/wp-json\/wp\/v2\/posts\/105910\/revisions"}],"wp:featuredmedia":[{"embeddable":true,"href":"https:\/\/www.europesays.com\/es\/wp-json\/wp\/v2\/media\/105911"}],"wp:attachment":[{"href":"https:\/\/www.europesays.com\/es\/wp-json\/wp\/v2\/media?parent=105910"}],"wp:term":[{"taxonomy":"category","embeddable":true,"href":"https:\/\/www.europesays.com\/es\/wp-json\/wp\/v2\/categories?post=105910"},{"taxonomy":"post_tag","embeddable":true,"href":"https:\/\/www.europesays.com\/es\/wp-json\/wp\/v2\/tags?post=105910"}],"curies":[{"name":"wp","href":"https:\/\/api.w.org\/{rel}","templated":true}]}}