{"id":105912,"date":"2025-09-10T16:57:10","date_gmt":"2025-09-10T16:57:10","guid":{"rendered":"https:\/\/www.europesays.com\/es\/105912\/"},"modified":"2025-09-10T16:57:10","modified_gmt":"2025-09-10T16:57:10","slug":"un-cibercriminal-hackea-al-psoe-y-afirma-que-ha-robado-datos-sensibles-de-empleados-y-politicos","status":"publish","type":"post","link":"https:\/\/www.europesays.com\/es\/105912\/","title":{"rendered":"Un cibercriminal &#8216;hackea&#8217; al PSOE y afirma que ha robado \u00abdatos sensibles de empleados y pol\u00edticos\u00bb"},"content":{"rendered":"<p><img decoding=\"async\" class=\"voc-author__img\" src=\"https:\/\/www.europesays.com\/es\/wp-content\/uploads\/2025\/09\/autor-2414-foto-3.jpeg\" alt=\"Rodrigo Alonso\"\/><\/p>\n<p>10\/09\/2025<br \/>\n<br \/><strong><br \/>\nActualizado a las 15:20h.<br \/>\n<\/strong><\/p>\n<p class=\"voc-p\" style=\"\">En internet nadie est\u00e1 completamente a salvo. Ni empresas, ni usuarios, ni partidos pol\u00edticos. Un usuario ha realizado una publicaci\u00f3n en la &#8216;dark web&#8217; en la que afirma haber &#8216;hackeado&#8217; los servidores del <a href=\"https:\/\/www.abc.es\/espana\/andalucia\/cadiz\/ver-adonde-echais-votito-diciendo-claro-audios-20250910183142-nts.html\" target=\"_self\" data-voc-vtm-id=\"in-text-traffic\" title=\"Partido Socialista Obrero Espa\u00f1ol\" data-mrf-link=\"www.abc.es\" rel=\"nofollow noopener\">Partido Socialista Obrero Espa\u00f1ol<\/a> y haber robado \u00abdatos sensibles\u00bb pertenecientes a \u00abempleados, afiliados y pol\u00edticos\u00bb. De acuerdo con el delincuente, el acceso a la informaci\u00f3n le result\u00f3 \u00abmuy sencillo\u00bb. Tambi\u00e9n se\u00f1ala que su \u00fanica motivaci\u00f3n a la hora de llevar a cabo el ataque ha sido pol\u00edtica. <strong>Define la acci\u00f3n como &#8216;hacktivista&#8217;<\/strong>. <\/p>\n<p class=\"voc-p\" style=\"\">\u00abSi est\u00e1is informados de la pol\u00edtica global os habr\u00e9is dado cuenta que Espa\u00f1a est\u00e1 bajo un gobierno corrupto y miserable ahora mismo. Este partido pol\u00edtico lleno de mafiosos, corruptos, mediocres&#8230; Es un pozo sin fondo de mierda\u00bb, se\u00f1ala el autor del &#8216;hackeo&#8217;, que destaca que se trata de la primera vez que publica en el foro de la &#8216;dark web&#8217; y que seguramente tambi\u00e9n sea la \u00faltima.<\/p>\n<p class=\"voc-p\" style=\"\">El usuario apunta que entre los datos a los que ha tenido acceso hay <strong>\u00abinformaci\u00f3n privada de innumerables\u00bb personas relacionadas con el partido<\/strong>; sin embargo, no tiene intenci\u00f3n de publicarla en la red y hacer negocio con ella, que es lo que suelen hacer los cibercriminales cuando acceden a datos sensibles de una organizaci\u00f3n. <\/p>\n<p class=\"voc-p\" style=\"\">\u00abNo soy ni de izquierdas ni de derechas; ning\u00fan partido espa\u00f1ol est\u00e1 libre de corrupci\u00f3n y cosas similares&#8230; Simplemente estoy cansado de ver los imposible que es tener un futuro en este pa\u00eds que est\u00e1 destinado a la ruina comunista a menos que cambiemos algo juntos\u00bb, destaca el autor del &#8216;hackeo.<\/p>\n<p class=\"voc-p\" style=\"\"><strong>Informa Ainhoa Mart\u00ednez<\/strong> de que fuentes del PSOE reconocen el &#8216;hackeo&#8217;, aunque apuntan que  el &#8216;hacktivista&#8217; solo habr\u00eda tenido acceso a \u00abuna aplicaci\u00f3n en desuso que se encuentra fuera del per\u00edmetro de seguridad de toda la informaci\u00f3n, aplicativos, datos personales y material diario del PSOE y su infraestructura\u00bb. Desde el partido \u00fanicamente hubiese sido posible la descarga de nombres de \u00abusuarios y contrase\u00f1as de esa aplicaci\u00f3n que hace a\u00f1os dej\u00f3 de utilizarse\u00bb. En Ferraz piensan denunciar la intrusi\u00f3n a la Polic\u00eda. <\/p>\n<p>Reportar un error<\/p>\n","protected":false},"excerpt":{"rendered":"10\/09\/2025 Actualizado a las 15:20h. En internet nadie est\u00e1 completamente a salvo. Ni empresas, ni usuarios, ni partidos&hellip;\n","protected":false},"author":2,"featured_media":105913,"comment_status":"","ping_status":"","sticky":false,"template":"","format":"standard","meta":{"footnotes":""},"categories":[8],"tags":[17,18,36750,56,22717,25,24,13,14,36751,11,19,20,9,10,15,16,1670,1699,33802,36752,23,12,21,22],"class_list":{"0":"post-105912","1":"post","2":"type-post","3":"status-publish","4":"format-standard","5":"has-post-thumbnail","7":"category-espana","8":"tag-breaking-news","9":"tag-breakingnews","10":"tag-cibercriminal","11":"tag-datos","12":"tag-empleados","13":"tag-es","14":"tag-espana","15":"tag-featured-news","16":"tag-featurednews","17":"tag-hackea","18":"tag-headlines","19":"tag-latest-news","20":"tag-latestnews","21":"tag-news","22":"tag-noticias","23":"tag-noticias-destacadas","24":"tag-noticiasdestacadas","25":"tag-politicos","26":"tag-psoe","27":"tag-roba","28":"tag-sensibles","29":"tag-spain","30":"tag-titulares","31":"tag-ultimas-noticias","32":"tag-ultimasnoticias"},"share_on_mastodon":{"url":"","error":""},"_links":{"self":[{"href":"https:\/\/www.europesays.com\/es\/wp-json\/wp\/v2\/posts\/105912","targetHints":{"allow":["GET"]}}],"collection":[{"href":"https:\/\/www.europesays.com\/es\/wp-json\/wp\/v2\/posts"}],"about":[{"href":"https:\/\/www.europesays.com\/es\/wp-json\/wp\/v2\/types\/post"}],"author":[{"embeddable":true,"href":"https:\/\/www.europesays.com\/es\/wp-json\/wp\/v2\/users\/2"}],"replies":[{"embeddable":true,"href":"https:\/\/www.europesays.com\/es\/wp-json\/wp\/v2\/comments?post=105912"}],"version-history":[{"count":0,"href":"https:\/\/www.europesays.com\/es\/wp-json\/wp\/v2\/posts\/105912\/revisions"}],"wp:featuredmedia":[{"embeddable":true,"href":"https:\/\/www.europesays.com\/es\/wp-json\/wp\/v2\/media\/105913"}],"wp:attachment":[{"href":"https:\/\/www.europesays.com\/es\/wp-json\/wp\/v2\/media?parent=105912"}],"wp:term":[{"taxonomy":"category","embeddable":true,"href":"https:\/\/www.europesays.com\/es\/wp-json\/wp\/v2\/categories?post=105912"},{"taxonomy":"post_tag","embeddable":true,"href":"https:\/\/www.europesays.com\/es\/wp-json\/wp\/v2\/tags?post=105912"}],"curies":[{"name":"wp","href":"https:\/\/api.w.org\/{rel}","templated":true}]}}