{"id":105917,"date":"2025-09-10T17:01:10","date_gmt":"2025-09-10T17:01:10","guid":{"rendered":"https:\/\/www.europesays.com\/es\/105917\/"},"modified":"2025-09-10T17:01:10","modified_gmt":"2025-09-10T17:01:10","slug":"abre-montserrat-rendon-cartelera-de-ufc","status":"publish","type":"post","link":"https:\/\/www.europesays.com\/es\/105917\/","title":{"rendered":"Abre Montserrat Rend\u00f3n cartelera de UFC"},"content":{"rendered":"<ul class=\"wp-block-list\">\n<li><strong>La cancunense Montserrat Rend\u00f3n regresa al oct\u00e1gono de UFC este fin de semana, para pelear contra la brasile\u00f1a Alice Pereira.<\/strong><\/li>\n<\/ul>\n<p><strong>STAFF \/ LUCES DEL SIGLO<\/strong><\/p>\n<p>CANC\u00daN, Q. ROO.- La cancunense Montserrat Rend\u00f3n regresa al oct\u00e1gono de UFC este fin de semana, para pelear contra la brasile\u00f1a Alice Pereira en la cartelera que se celebrar\u00e1 en San Antonio, Texas. La peleadora tratar\u00e1 de sumar su segunda victoria en esta promotora y deber\u00e1 imponer su experiencia ante una rival que debutar\u00e1 en la compa\u00f1\u00eda.<\/p>\n<p>Rend\u00f3n de 36 a\u00f1os, presume un r\u00e9cord como profesional de seis victorias, todas por decisi\u00f3n y una derrota, tambi\u00e9n por la v\u00eda de las tarjetas. \u2018Monster\u2019 inici\u00f3 su andar en la UFC en septiembre de 2023, cuando venci\u00f3 a Tamires Vidal y al a\u00f1o siguiente sufri\u00f3 su primer tropiezo, cuando fue vencida por Darya Zhelesnyakova.<\/p>\n<p>Su rival ser\u00e1 Alice Pereira, la brasile\u00f1a de 19 a\u00f1os comenzar\u00e1 su andar en el oct\u00e1gono, con una marca de seis peleas ganadas cuatro por nocaut, una por sumisi\u00f3n y una por decisi\u00f3n en su carrera. El \u00faltimo combate de la \u2018Golden Girl\u2019 fue en diciembre del 2024, cuando super\u00f3 por las tarjetas a Samara Santos, en la promotora Cage Masters.<\/p>\n<p>Cabe recordar que la cancunense Rend\u00f3n deb\u00eda pelear en noviembre del a\u00f1o pasado en la UFC, contra Melissa Mullins, sin embargo, el encuentro fue cancelado por una lesi\u00f3n de la mexicana.<\/p>\n<p>&#8211; Anuncio &#8211;<br \/>\n    <a href=\"#\"><img decoding=\"async\" src=\"https:\/\/www.europesays.com\/es\/wp-content\/uploads\/2025\/09\/BANNERS_TRATA2_500X500.jpg\" alt=\"\"\/><\/a><\/p>\n<p>Ahora, Montserrat podr\u00e1 volver al oct\u00e1gono en la cartelera preliminar que se llevar\u00e1 a cabo el pr\u00f3ximo s\u00e1bado 13 de septiembre.<\/p>\n<p>&#8211; Anuncio &#8211;<br \/>\n    <a href=\"#\"><img decoding=\"async\" src=\"https:\/\/www.europesays.com\/es\/wp-content\/uploads\/2025\/09\/BANNERS_CAPA_696X225.jpg\" alt=\"\"\/><\/a><\/p>\n","protected":false},"excerpt":{"rendered":"La cancunense Montserrat Rend\u00f3n regresa al oct\u00e1gono de UFC este fin de semana, para pelear contra la brasile\u00f1a&hellip;\n","protected":false},"author":2,"featured_media":105883,"comment_status":"","ping_status":"","sticky":false,"template":"","format":"standard","meta":{"footnotes":""},"categories":[276],"tags":[168,25,24,23,167,343],"class_list":{"0":"post-105917","1":"post","2":"type-post","3":"status-publish","4":"format-standard","5":"has-post-thumbnail","7":"category-ufc","8":"tag-deportes","9":"tag-es","10":"tag-espana","11":"tag-spain","12":"tag-sports","13":"tag-ufc"},"share_on_mastodon":{"url":"","error":""},"_links":{"self":[{"href":"https:\/\/www.europesays.com\/es\/wp-json\/wp\/v2\/posts\/105917","targetHints":{"allow":["GET"]}}],"collection":[{"href":"https:\/\/www.europesays.com\/es\/wp-json\/wp\/v2\/posts"}],"about":[{"href":"https:\/\/www.europesays.com\/es\/wp-json\/wp\/v2\/types\/post"}],"author":[{"embeddable":true,"href":"https:\/\/www.europesays.com\/es\/wp-json\/wp\/v2\/users\/2"}],"replies":[{"embeddable":true,"href":"https:\/\/www.europesays.com\/es\/wp-json\/wp\/v2\/comments?post=105917"}],"version-history":[{"count":0,"href":"https:\/\/www.europesays.com\/es\/wp-json\/wp\/v2\/posts\/105917\/revisions"}],"wp:featuredmedia":[{"embeddable":true,"href":"https:\/\/www.europesays.com\/es\/wp-json\/wp\/v2\/media\/105883"}],"wp:attachment":[{"href":"https:\/\/www.europesays.com\/es\/wp-json\/wp\/v2\/media?parent=105917"}],"wp:term":[{"taxonomy":"category","embeddable":true,"href":"https:\/\/www.europesays.com\/es\/wp-json\/wp\/v2\/categories?post=105917"},{"taxonomy":"post_tag","embeddable":true,"href":"https:\/\/www.europesays.com\/es\/wp-json\/wp\/v2\/tags?post=105917"}],"curies":[{"name":"wp","href":"https:\/\/api.w.org\/{rel}","templated":true}]}}