{"id":105920,"date":"2025-09-10T17:04:04","date_gmt":"2025-09-10T17:04:04","guid":{"rendered":"https:\/\/www.europesays.com\/es\/105920\/"},"modified":"2025-09-10T17:04:04","modified_gmt":"2025-09-10T17:04:04","slug":"agotadas-las-camisetas-conmemorativas-de-la-vuelta","status":"publish","type":"post","link":"https:\/\/www.europesays.com\/es\/105920\/","title":{"rendered":"Agotadas las camisetas conmemorativas de La Vuelta"},"content":{"rendered":"\n<p>                <a href=\"http:\/\/radio.guijuelo.es\/wp-content\/uploads\/2025\/09\/Colas-para-adquirir-camisetas-conmemorativas-La-Vuelta.jpg\" rel=\"nofollow noopener\" target=\"_blank\"><img loading=\"lazy\" decoding=\"async\" class=\"wp-image-207138 size-medium\" src=\"https:\/\/www.europesays.com\/es\/wp-content\/uploads\/2025\/09\/Colas-para-adquirir-camisetas-conmemorativas-La-Vuelta-e1757508544267-475x356.jpg\" alt=\"\" width=\"475\" height=\"356\"  \/><\/a>Colas para adquirir camisetas conmemorativas La Vuelta<\/p>\n<p>La ilusi\u00f3n de los guijuelenses por la llegada de la Vuelta a Espa\u00f1a a Guijuelo, 35 a\u00f1os despu\u00e9s, se ha demostrado en la jornada de hoy con el comienzo del reparto de las camisetas conmemorativas de La Vuelta en Guijuelo, que se han agotado en menos de 2 horas.<\/p>\n<p>Desde primera hora de la ma\u00f1ana se podr\u00eda observar la larga cola de los guijuelenses a las puertas del Ayuntamiento de Guijuelo para adquirir este bonito recuerdo.<\/p>\n<p>La previsi\u00f3n era que el reparto estuviese disponible hasta el propio d\u00eda de la llegada del pelot\u00f3n, el viernes d\u00eda 12, pero en dos horas, las camisetas se han agotado. Lo que demuestra que Guijuelo espera con ganas la celebraci\u00f3n de la etapa 19 cuya meta estar\u00e1 instalada a la altura del p\u00e1rking del jam\u00f3n.<\/p>\n<p>\t\tNavegaci\u00f3n de entradas<\/p>\n","protected":false},"excerpt":{"rendered":"Colas para adquirir camisetas conmemorativas La Vuelta La ilusi\u00f3n de los guijuelenses por la llegada de la Vuelta&hellip;\n","protected":false},"author":2,"featured_media":105921,"comment_status":"","ping_status":"","sticky":false,"template":"","format":"standard","meta":{"footnotes":""},"categories":[273],"tags":[313,312,168,25,24,23,167],"class_list":{"0":"post-105920","1":"post","2":"type-post","3":"status-publish","4":"format-standard","5":"has-post-thumbnail","7":"category-ciclismo","8":"tag-ciclismo","9":"tag-cycling","10":"tag-deportes","11":"tag-es","12":"tag-espana","13":"tag-spain","14":"tag-sports"},"share_on_mastodon":{"url":"","error":""},"_links":{"self":[{"href":"https:\/\/www.europesays.com\/es\/wp-json\/wp\/v2\/posts\/105920","targetHints":{"allow":["GET"]}}],"collection":[{"href":"https:\/\/www.europesays.com\/es\/wp-json\/wp\/v2\/posts"}],"about":[{"href":"https:\/\/www.europesays.com\/es\/wp-json\/wp\/v2\/types\/post"}],"author":[{"embeddable":true,"href":"https:\/\/www.europesays.com\/es\/wp-json\/wp\/v2\/users\/2"}],"replies":[{"embeddable":true,"href":"https:\/\/www.europesays.com\/es\/wp-json\/wp\/v2\/comments?post=105920"}],"version-history":[{"count":0,"href":"https:\/\/www.europesays.com\/es\/wp-json\/wp\/v2\/posts\/105920\/revisions"}],"wp:featuredmedia":[{"embeddable":true,"href":"https:\/\/www.europesays.com\/es\/wp-json\/wp\/v2\/media\/105921"}],"wp:attachment":[{"href":"https:\/\/www.europesays.com\/es\/wp-json\/wp\/v2\/media?parent=105920"}],"wp:term":[{"taxonomy":"category","embeddable":true,"href":"https:\/\/www.europesays.com\/es\/wp-json\/wp\/v2\/categories?post=105920"},{"taxonomy":"post_tag","embeddable":true,"href":"https:\/\/www.europesays.com\/es\/wp-json\/wp\/v2\/tags?post=105920"}],"curies":[{"name":"wp","href":"https:\/\/api.w.org\/{rel}","templated":true}]}}