{"id":105936,"date":"2025-09-10T17:14:12","date_gmt":"2025-09-10T17:14:12","guid":{"rendered":"https:\/\/www.europesays.com\/es\/105936\/"},"modified":"2025-09-10T17:14:12","modified_gmt":"2025-09-10T17:14:12","slug":"la-plantilla-del-athletic-arropa-a-yeray-tras-su-sancion","status":"publish","type":"post","link":"https:\/\/www.europesays.com\/es\/105936\/","title":{"rendered":"La plantilla del Athletic arropa a Yeray tras su sanci\u00f3n"},"content":{"rendered":"<p>\n        <strong>Yeray \u00c1lvarez<\/strong> no ha estado solo en la <a href=\"https:\/\/www.deia.eus\/athletic\/2025\/09\/10\/yeray-habla-sancion-positivo-diez-meses-10068758.html\" title=\"rueda de prensa que ha ofrecido\" class=\"link copy\" rel=\"nofollow noopener\" target=\"_blank\">rueda de prensa que ha ofrecido<\/a> en la tarde de este mi\u00e9rcoles en una de las salas del hotel Carlton de Bilbao. El central del Athletic, que el lunes conoci\u00f3 que la UEFA le ha impuesto una <strong>sanci\u00f3n de diez meses tras dar positivo en mayo en un control antidopaje<\/strong>, ha comparecido ante los medios de comunicaci\u00f3n con el grueso de la primera plantilla rojiblanca a su lado.\u00a0\n<\/p>\n<p class=\"article-body__text \">\n        <strong>Con Ernesto Valverde a la cabeza<\/strong>, sus compa\u00f1eros han querido arroparle p\u00fablicamente en su primera comparecencia p\u00fablica. <strong>Tambi\u00e9n ha estado el director general del Athletic, Jon Berasategi<\/strong>, y algunos directivos de la entidad bilbaina.\n<\/p>\n<p class=\"article-body__text \">\n        <strong>Los diez meses de castigo comenzaron a contar el pasado 2 de junio<\/strong>, cuando el jugador acept\u00f3 una suspensi\u00f3n provisional voluntaria. El barakaldarra podr\u00e1 volver a los terrenos de juego el pr\u00f3ximo 2 de abril, y dos meses antes, el 2 de febrero, podr\u00e1 entrenar junto a sus compa\u00f1eros.<\/p>\n","protected":false},"excerpt":{"rendered":"Yeray \u00c1lvarez no ha estado solo en la rueda de prensa que ha ofrecido en la tarde de&hellip;\n","protected":false},"author":2,"featured_media":105937,"comment_status":"","ping_status":"","sticky":false,"template":"","format":"standard","meta":{"footnotes":""},"categories":[93],"tags":[19863,2182,168,25,24,1429,23408,18800,23,167,21844],"class_list":{"0":"post-105936","1":"post","2":"type-post","3":"status-publish","4":"format-standard","5":"has-post-thumbnail","7":"category-deportes","8":"tag-arropa","9":"tag-athletic","10":"tag-deportes","11":"tag-es","12":"tag-espana","13":"tag-plantilla","14":"tag-positivo","15":"tag-sancion","16":"tag-spain","17":"tag-sports","18":"tag-yeray"},"share_on_mastodon":{"url":"","error":""},"_links":{"self":[{"href":"https:\/\/www.europesays.com\/es\/wp-json\/wp\/v2\/posts\/105936","targetHints":{"allow":["GET"]}}],"collection":[{"href":"https:\/\/www.europesays.com\/es\/wp-json\/wp\/v2\/posts"}],"about":[{"href":"https:\/\/www.europesays.com\/es\/wp-json\/wp\/v2\/types\/post"}],"author":[{"embeddable":true,"href":"https:\/\/www.europesays.com\/es\/wp-json\/wp\/v2\/users\/2"}],"replies":[{"embeddable":true,"href":"https:\/\/www.europesays.com\/es\/wp-json\/wp\/v2\/comments?post=105936"}],"version-history":[{"count":0,"href":"https:\/\/www.europesays.com\/es\/wp-json\/wp\/v2\/posts\/105936\/revisions"}],"wp:featuredmedia":[{"embeddable":true,"href":"https:\/\/www.europesays.com\/es\/wp-json\/wp\/v2\/media\/105937"}],"wp:attachment":[{"href":"https:\/\/www.europesays.com\/es\/wp-json\/wp\/v2\/media?parent=105936"}],"wp:term":[{"taxonomy":"category","embeddable":true,"href":"https:\/\/www.europesays.com\/es\/wp-json\/wp\/v2\/categories?post=105936"},{"taxonomy":"post_tag","embeddable":true,"href":"https:\/\/www.europesays.com\/es\/wp-json\/wp\/v2\/tags?post=105936"}],"curies":[{"name":"wp","href":"https:\/\/api.w.org\/{rel}","templated":true}]}}