{"id":105955,"date":"2025-09-10T17:27:09","date_gmt":"2025-09-10T17:27:09","guid":{"rendered":"https:\/\/www.europesays.com\/es\/105955\/"},"modified":"2025-09-10T17:27:09","modified_gmt":"2025-09-10T17:27:09","slug":"los-ciclistas-se-plantean-parar-la-vuelta-por-las-manifestaciones-propalestina","status":"publish","type":"post","link":"https:\/\/www.europesays.com\/es\/105955\/","title":{"rendered":"Los ciclistas se plantean parar La Vuelta por las manifestaciones propalestina"},"content":{"rendered":"<p class=\"L6-news-detail__text\">La etapa 16 de <b>La Vuelta a Espa\u00f1a<\/b> celebrada este martes tuvo que suspenderse <b><a title=\"a falta de ocho kil\u00f3metros\" href=\"https:\/\/www.lasexta.com\/noticias\/deportes\/ciclismo\/manifestantes-cortan-arbol-hacen-suspender-etapa-16-lavuelta-8-kilometros-meta_2025090968c04456bf8802738974b6e3.html\" target=\"_blank\" rel=\"nofollow noopener\">a falta de ocho kil\u00f3metros<\/a><\/b> para la meta despu\u00e9s de que diversos manifestantes talasen un \u00e1rbol y cortasen el tr\u00e1fico. <\/p>\n<p class=\"L6-news-detail__text\">Tras lo ocurrido en las dos \u00faltimas semanas, los ciclistas se han reunido este mi\u00e9rcoles para <b>decidir si siguen en carrera o no. <\/b><\/p>\n<p class=\"L6-news-detail__text\">As\u00ed lo ha explicado el exciclista <b>\u00d3scar Pereiro<\/b> en &#8216;Jugones&#8217;: \u00abSe han reunido, han estado hablando y <b>ha habido un consenso de que van a seguir<\/b>\u00ab.<\/p>\n<p class=\"L6-news-detail__text\">\u00abApoyan a La Vuelta, evidentemente tienen miedo, pero <b>est\u00e1n decididos a llegar a Madrid<\/b>\u00ab, ha a\u00f1adido el tambi\u00e9n colaborador de &#8216;El Chiringuito&#8217;. <\/p>\n<p class=\"L6-news-detail__text\">Tras lo ocurrido el martes, <b>Javier Guill\u00e9n<\/b>, director de La Vuelta, se mostr\u00f3 tajante: <b>\u00abNo se pueden cortar las etapas\u00bb.<\/b><\/p>\n<p class=\"L6-news-detail__text\">Por su parte, <b>Jos\u00e9 Manuel Rodr\u00edguez <\/b><b>Uribes<\/b>, presidente del Consejo Superior de Deportes, ha explicado que desde el Gobierno est\u00e1n tratando de buscar una tercera v\u00eda. <\/p>\n<p class=\"L6-news-detail__text\">\u00abHemos pedido que <b>esas manifestaciones se celebren de una forma que no pongan en riesgo<\/b> a los deportistas\u00bb, ha se\u00f1alado. <\/p>\n<p class=\"L6-news-detail__text\">Por el momento, lo \u00fanico seguro es que el nombre del <b>equipo Israel<\/b> no aparece ya en su maillot.<\/p>\n<p class=\"L6-support-news-video__title\">Tensa semana <\/p>\n<p>            <a href=\"https:\/\/www.lasexta.com\/noticias\/deportes\/ciclismo\/premier-tech-borra-palabra-israel-sus-maillots-vuelta-priorizar-seguridad-sus-ciclistas_2025090668bc256c8f77821956b4fc0f.html\" class=\"L6-news__link\" rel=\"nofollow noopener\" target=\"_blank\"><br \/>\n                El Premier Tech borra la palabra Israel de sus maillots de La Vuelta para \u00abpriorizar la seguridad\u00bb de sus ciclistas<\/p>\n<p class=\"recirculation-video-desc\">Los detalles Varios cientos de personas se han congregado el mediod\u00eda de este s\u00e1bado en el centro de Avil\u00e9s para protestar contra la presencia del equipo despu\u00e9s de 11 d\u00edas con infinidad de protestas e incluso detenidos.<\/p>\n<p>            <\/a><\/p>\n","protected":false},"excerpt":{"rendered":"La etapa 16 de La Vuelta a Espa\u00f1a celebrada este martes tuvo que suspenderse a falta de ocho&hellip;\n","protected":false},"author":2,"featured_media":105956,"comment_status":"","ping_status":"","sticky":false,"template":"","format":"standard","meta":{"footnotes":""},"categories":[273],"tags":[313,312,168,25,24,23,167],"class_list":{"0":"post-105955","1":"post","2":"type-post","3":"status-publish","4":"format-standard","5":"has-post-thumbnail","7":"category-ciclismo","8":"tag-ciclismo","9":"tag-cycling","10":"tag-deportes","11":"tag-es","12":"tag-espana","13":"tag-spain","14":"tag-sports"},"share_on_mastodon":{"url":"","error":""},"_links":{"self":[{"href":"https:\/\/www.europesays.com\/es\/wp-json\/wp\/v2\/posts\/105955","targetHints":{"allow":["GET"]}}],"collection":[{"href":"https:\/\/www.europesays.com\/es\/wp-json\/wp\/v2\/posts"}],"about":[{"href":"https:\/\/www.europesays.com\/es\/wp-json\/wp\/v2\/types\/post"}],"author":[{"embeddable":true,"href":"https:\/\/www.europesays.com\/es\/wp-json\/wp\/v2\/users\/2"}],"replies":[{"embeddable":true,"href":"https:\/\/www.europesays.com\/es\/wp-json\/wp\/v2\/comments?post=105955"}],"version-history":[{"count":0,"href":"https:\/\/www.europesays.com\/es\/wp-json\/wp\/v2\/posts\/105955\/revisions"}],"wp:featuredmedia":[{"embeddable":true,"href":"https:\/\/www.europesays.com\/es\/wp-json\/wp\/v2\/media\/105956"}],"wp:attachment":[{"href":"https:\/\/www.europesays.com\/es\/wp-json\/wp\/v2\/media?parent=105955"}],"wp:term":[{"taxonomy":"category","embeddable":true,"href":"https:\/\/www.europesays.com\/es\/wp-json\/wp\/v2\/categories?post=105955"},{"taxonomy":"post_tag","embeddable":true,"href":"https:\/\/www.europesays.com\/es\/wp-json\/wp\/v2\/tags?post=105955"}],"curies":[{"name":"wp","href":"https:\/\/api.w.org\/{rel}","templated":true}]}}