{"id":105961,"date":"2025-09-10T17:32:07","date_gmt":"2025-09-10T17:32:07","guid":{"rendered":"https:\/\/www.europesays.com\/es\/105961\/"},"modified":"2025-09-10T17:32:07","modified_gmt":"2025-09-10T17:32:07","slug":"andalucia-pide-al-ministerio-de-cultura-que-el-san-pedro-de-murillo-ingrese-en-el-bellas-artes-de-sevilla","status":"publish","type":"post","link":"https:\/\/www.europesays.com\/es\/105961\/","title":{"rendered":"Andaluc\u00eda pide al Ministerio de Cultura que el &#8216;San Pedro&#8217; de Murillo ingrese en el Bellas Artes de Sevilla"},"content":{"rendered":"<p>    SEVILLA 10 Sep. (EUROPA PRESS) &#8211; <\/p>\n<p>   La consejera andaluza de Cultura y Deporte, Patricia del Pozo, ha remitido una carta al ministro de Cultura, Ernest Urtasun, para reclamar que el lienzo &#8216;San Pedro penitente&#8217; (1675) de Bartolom\u00e9 Esteban Murillo ingrese en la colecci\u00f3n del Museo de Bellas Artes de Sevilla si se resuelve a favor del Estado el litigio abierto en la actualidad con la propiedad a cuenta de la deuda con la Seguridad Social.<\/p>\n<p>   En la misiva, Del Pozo recuerda \u00abla estrech\u00edsima vinculaci\u00f3n\u00bb de esta obra de Murillo con la ciudad, dado que fue \u00abun encargo del cl\u00e9rigo Justino de Neve, amigo del pintor, quien lo leg\u00f3 a su muerte, en 1685, al Hospital de los Venerables Sacerdotes con indicaci\u00f3n de que se instalara en una de las salas destinadas a enfermer\u00eda\u00bb, informa la Junta en una nota de prensa.<\/p>\n<p>    Durante la invasi\u00f3n napole\u00f3nica fue sustra\u00eddo y pas\u00f3 a manos del mariscal Soult. Del Pozo expresa que el &#8216;San Pedro penitente&#8217; supondr\u00eda \u00abuna importante novedad por iconograf\u00eda, composici\u00f3n y cronolog\u00eda en la colecci\u00f3n de obras de Murillo que custodia el museo, un total de veinticinco, en su gran mayor\u00eda procedentes de la desamortizaci\u00f3n. Su calidad hace de ella una pieza especialmente atractiva para mejorar la colecci\u00f3n del pintor que custodia el Museo de Bellas Artes de Sevilla\u00bb.<\/p>\n<p>    La consejera de Cultura se\u00f1ala que su departamento protegi\u00f3 en 2022 como BIC -Bien de Inter\u00e9s Cultural- las obras de Murillo &#8216;Santa Catalina&#8217; y &#8216;San Pedro penitente&#8217;, evitando perder as\u00ed este patrimonio de los andaluces, y a continuaci\u00f3n realiz\u00f3 \u00abun importante esfuerzo econ\u00f3mico para adquirir la primera de ellas pasando a manos p\u00fablicas\u00bb. En la actualidad, se exhibe en el Museo de Bellas Artes de Sevilla.<\/p>\n<p>    El lienzo &#8216;San Pedro penitente&#8217; cuenta con una amplia bibliograf\u00eda que corrobora la autor\u00eda del maestro Bartolom\u00e9 Esteban Murillo y que da a conocer ampliamente su historia material. Dicha obra fue publicada en 1974 por Diego Angulo y dada de nuevo a conocer por Gabriele Finaldi en 2012, cuando figur\u00f3 en la exposici\u00f3n &#8216;Murillo y Justino de Neve. El arte de la amistad&#8217;, que pudo verse en Madrid y Sevilla.<\/p>\n<p>    El Bellas Artes de Sevilla conserva una importante colecci\u00f3n de obras de Murillo, el pintor m\u00e1s destacado del barroco sevillano y figura de especial relevancia en el arte europeo del siglo XVII. En concreto, se custodian en los fondos 25 de sus pinturas, aunque la gran mayor\u00eda de ellas (16) pertenecen a un mismo conjunto: la serie de obras para el convento de los franciscanos capuchinos de Sevilla, considerado una de las cumbres art\u00edsticas del pintor, realizados entre 1662 y 1669.<\/p>\n<p>    El Ministerio de Cultura ha llevado a cabo en 2023 y 2024 m\u00e1s de 450 compras de obras por casi 29 millones de euros y ninguna de ellas acab\u00f3 en las colecciones de los centros muse\u00edsticos de Andaluc\u00eda.<\/p>\n","protected":false},"excerpt":{"rendered":"SEVILLA 10 Sep. (EUROPA PRESS) &#8211; La consejera andaluza de Cultura y Deporte, Patricia del Pozo, ha remitido&hellip;\n","protected":false},"author":2,"featured_media":105962,"comment_status":"","ping_status":"","sticky":false,"template":"","format":"standard","meta":{"footnotes":""},"categories":[173],"tags":[229,233,231,230,232,234,146,147,25,24,23],"class_list":{"0":"post-105961","1":"post","2":"type-post","3":"status-publish","4":"format-standard","5":"has-post-thumbnail","7":"category-arte-y-diseno","8":"tag-arte","9":"tag-arte-y-diseno","10":"tag-arts","11":"tag-arts-and-design","12":"tag-design","13":"tag-diseno","14":"tag-entertainment","15":"tag-entretenimiento","16":"tag-es","17":"tag-espana","18":"tag-spain"},"share_on_mastodon":{"url":"","error":""},"_links":{"self":[{"href":"https:\/\/www.europesays.com\/es\/wp-json\/wp\/v2\/posts\/105961","targetHints":{"allow":["GET"]}}],"collection":[{"href":"https:\/\/www.europesays.com\/es\/wp-json\/wp\/v2\/posts"}],"about":[{"href":"https:\/\/www.europesays.com\/es\/wp-json\/wp\/v2\/types\/post"}],"author":[{"embeddable":true,"href":"https:\/\/www.europesays.com\/es\/wp-json\/wp\/v2\/users\/2"}],"replies":[{"embeddable":true,"href":"https:\/\/www.europesays.com\/es\/wp-json\/wp\/v2\/comments?post=105961"}],"version-history":[{"count":0,"href":"https:\/\/www.europesays.com\/es\/wp-json\/wp\/v2\/posts\/105961\/revisions"}],"wp:featuredmedia":[{"embeddable":true,"href":"https:\/\/www.europesays.com\/es\/wp-json\/wp\/v2\/media\/105962"}],"wp:attachment":[{"href":"https:\/\/www.europesays.com\/es\/wp-json\/wp\/v2\/media?parent=105961"}],"wp:term":[{"taxonomy":"category","embeddable":true,"href":"https:\/\/www.europesays.com\/es\/wp-json\/wp\/v2\/categories?post=105961"},{"taxonomy":"post_tag","embeddable":true,"href":"https:\/\/www.europesays.com\/es\/wp-json\/wp\/v2\/tags?post=105961"}],"curies":[{"name":"wp","href":"https:\/\/api.w.org\/{rel}","templated":true}]}}