{"id":105971,"date":"2025-09-10T17:38:08","date_gmt":"2025-09-10T17:38:08","guid":{"rendered":"https:\/\/www.europesays.com\/es\/105971\/"},"modified":"2025-09-10T17:38:08","modified_gmt":"2025-09-10T17:38:08","slug":"pais-vasco-abre-el-proximo-lunes-la-inmunizacion-de-bebes-contra-la-bronquiolitis-aguda","status":"publish","type":"post","link":"https:\/\/www.europesays.com\/es\/105971\/","title":{"rendered":"Pa\u00eds Vasco abre el pr\u00f3ximo lunes la inmunizaci\u00f3n de beb\u00e9s contra la bronquiolitis aguda"},"content":{"rendered":"<p><a href=\"http:\/\/www.osakidetza.euskadi.eus\/r85-prehome\/es\/?utm_source=diariofarma&amp;utm_medium=web&amp;utm_campaign=smartlink\" rel=\"nofollow noopener\" target=\"_blank\">Osakidetza<\/a> desplegar\u00e1n una nueva campa\u00f1a de vacunaci\u00f3n contra la bronquilitis aguda en ni\u00f1os y ni\u00f1as. Se trata de la tercera ya, que arrancar\u00e1 este pr\u00f3ximo lunes 15 de septiembre. El a\u00f1o pasado, Osakidetza consigui\u00f3 inmunizar a m\u00e1s del 90% de la poblaci\u00f3n diana, lo que permiti\u00f3 reducir en un 35% las consultas de Atenci\u00f3n Primaria y <a href=\"https:\/\/diariofarma.com\/tag\/urgencias?utm_source=diariofarma&amp;utm_medium=web&amp;utm_campaign=smartlink\" rel=\"nofollow noopener\" target=\"_blank\">Urgencias<\/a> hospitalarias, y en un 50% las hospitalizaciones por esta enfermedad en menores de 2 a\u00f1os, siendo este porcentaje del 65% en el caso de beb\u00e9s menores de 3 meses.<\/p>\n<p>Tal y como ya se hizo en la temporada pasada, en este campa\u00f1a 2025-2026 se inmunizar\u00e1n a los grupos con mayor riesgo de padecer bronquilitis aguda grave, que son los siguientes<\/p>\n<p>Beb\u00e9s reci\u00e9n nacidos, a los que se inmunizar\u00e1 durante toda la campa\u00f1a (oto\u00f1o e invierno); beb\u00e9s menores de 3 meses, a los que se vacunar\u00e1 durante las primeras semanas de la campa\u00f1a; beb\u00e9s prematuros de menos de 1 a\u00f1o y ni\u00f1os y ni\u00f1as menores de 2 a\u00f1os con ciertas enfermedades pulmonares, cardiol\u00f3gicas, neurol\u00f3gicas o inmunitarias, a cuyas familias se informar\u00e1 directamente por parte de los y las especialistas de <a href=\"https:\/\/diariofarma.com\/tag\/pediatria?utm_source=diariofarma&amp;utm_medium=web&amp;utm_campaign=smartlink\" rel=\"nofollow noopener\" target=\"_blank\">Pediatr\u00eda<\/a>.<\/p>\n<p>La bronquiolitis aguda es una <a href=\"https:\/\/diariofarma.com\/tag\/infeccion?utm_source=diariofarma&amp;utm_medium=web&amp;utm_campaign=smartlink\" rel=\"nofollow noopener\" target=\"_blank\">infecci\u00f3n<\/a> respiratoria que afecta principalmente a ni\u00f1os y ni\u00f1as menores de dos a\u00f1os. Inicialmente se manifiesta con s\u00edntomas similares al del catarro, como mocos, tos o <a href=\"https:\/\/diariofarma.com\/tag\/fiebre?utm_source=diariofarma&amp;utm_medium=web&amp;utm_campaign=smartlink\" rel=\"nofollow noopener\" target=\"_blank\">fiebre<\/a>, y al cabo de unos d\u00edas pueden aparecer otros s\u00edntomas como dificultades a la hora de respirar, pitidos o fatiga que afecta en la toma de leche.<\/p>\n<p>Habitualmente se da en forma de epidemia entre los meses de octubre y marzo, con un pico m\u00e1ximo de incidencia entre noviembre y diciembre.\u00a0 Aunque en la mayor\u00eda de los casos la bronquiolitis aguda no ser\u00e1 grave, suele interferir en la calidad de vida de los ni\u00f1os y las ni\u00f1as, y tambi\u00e9n en la de sus familias, durante un tiempo prolongado, adem\u00e1s de que ocasiona una sobrecarga importante en el sistema sanitario en un periodo corto de tiempo.<\/p>\n<p>La bronquiolitis es una enfermedad producida por distintos virus, siendo el Virus <a href=\"https:\/\/diariofarma.com\/tag\/respiratorio?utm_source=diariofarma&amp;utm_medium=web&amp;utm_campaign=smartlink\" rel=\"nofollow noopener\" target=\"_blank\">Respiratorio<\/a> Sincitual el m\u00e1s relevante. No existe un tratamiento espec\u00edfico y las medidas m\u00e1s eficaces son aqu\u00e9llas que incrementan el confort de la persona afectada, como la limpieza de las secreciones nasales y la administraci\u00f3n de antit\u00e9rmicos cuando exista fiebre. Afortunadamente, desde hace algunos a\u00f1os se dispone de herramientas de <a href=\"https:\/\/diariofarma.com\/tag\/prevencion?utm_source=diariofarma&amp;utm_medium=web&amp;utm_campaign=smartlink\" rel=\"nofollow noopener\" target=\"_blank\">prevenci\u00f3n<\/a>, entre las cuales se encuentra Nirsevimab, un anticuerpo que se administra por v\u00eda intramuscular en una \u00fanica dosis antes del contacto con el virus, y que puede prevenir la enfermedad y, lo m\u00e1s importante, evitar las formas m\u00e1s graves de la bronquiolitis aguda. Los estudios realizados en nuestro entorno hasta la fecha muestran una gran <a href=\"https:\/\/diariofarma.com\/tag\/efectividad?utm_source=diariofarma&amp;utm_medium=web&amp;utm_campaign=smartlink\" rel=\"nofollow noopener\" target=\"_blank\">efectividad<\/a>.<\/p>\n<p>De hecho, durante el a\u00f1o pasado, en las consultas de Atenci\u00f3n Primaria y Servicios de Urgencias de Osakidetza se consigui\u00f3 inmunizar a m\u00e1s del 90% de la poblaci\u00f3n diana, lo que permiti\u00f3 reducir en un 35% las consultas en Atenci\u00f3n Primaria y Urgencias hospitalarias, y en un 50% las hospitalizaciones por esta enfermedad en menores de 2 a\u00f1os, siendo este porcentaje del 65% en el caso de beb\u00e9s menores de 3 meses.<\/p>\n","protected":false},"excerpt":{"rendered":"Osakidetza desplegar\u00e1n una nueva campa\u00f1a de vacunaci\u00f3n contra la bronquilitis aguda en ni\u00f1os y ni\u00f1as. Se trata de&hellip;\n","protected":false},"author":2,"featured_media":105972,"comment_status":"","ping_status":"","sticky":false,"template":"","format":"standard","meta":{"footnotes":""},"categories":[92],"tags":[31365,8437,32829,25,24,7751,165,1373,11289,264,17168,597,14809,166,36757,23,36758,12353,1454],"class_list":{"0":"post-105971","1":"post","2":"type-post","3":"status-publish","4":"format-standard","5":"has-post-thumbnail","7":"category-salud","8":"tag-atencion-primaria","9":"tag-calidad-de-vida","10":"tag-efectividad","11":"tag-es","12":"tag-espana","13":"tag-fiebre","14":"tag-health","15":"tag-infeccion","16":"tag-neurologia","17":"tag-pais-vasco","18":"tag-pediatria","19":"tag-prevencion","20":"tag-respiratorio","21":"tag-salud","22":"tag-servicio-vasco-de-salud-osakidetza","23":"tag-spain","24":"tag-tos","25":"tag-urgencias","26":"tag-vacunas"},"share_on_mastodon":{"url":"","error":""},"_links":{"self":[{"href":"https:\/\/www.europesays.com\/es\/wp-json\/wp\/v2\/posts\/105971","targetHints":{"allow":["GET"]}}],"collection":[{"href":"https:\/\/www.europesays.com\/es\/wp-json\/wp\/v2\/posts"}],"about":[{"href":"https:\/\/www.europesays.com\/es\/wp-json\/wp\/v2\/types\/post"}],"author":[{"embeddable":true,"href":"https:\/\/www.europesays.com\/es\/wp-json\/wp\/v2\/users\/2"}],"replies":[{"embeddable":true,"href":"https:\/\/www.europesays.com\/es\/wp-json\/wp\/v2\/comments?post=105971"}],"version-history":[{"count":0,"href":"https:\/\/www.europesays.com\/es\/wp-json\/wp\/v2\/posts\/105971\/revisions"}],"wp:featuredmedia":[{"embeddable":true,"href":"https:\/\/www.europesays.com\/es\/wp-json\/wp\/v2\/media\/105972"}],"wp:attachment":[{"href":"https:\/\/www.europesays.com\/es\/wp-json\/wp\/v2\/media?parent=105971"}],"wp:term":[{"taxonomy":"category","embeddable":true,"href":"https:\/\/www.europesays.com\/es\/wp-json\/wp\/v2\/categories?post=105971"},{"taxonomy":"post_tag","embeddable":true,"href":"https:\/\/www.europesays.com\/es\/wp-json\/wp\/v2\/tags?post=105971"}],"curies":[{"name":"wp","href":"https:\/\/api.w.org\/{rel}","templated":true}]}}