{"id":105981,"date":"2025-09-10T17:43:07","date_gmt":"2025-09-10T17:43:07","guid":{"rendered":"https:\/\/www.europesays.com\/es\/105981\/"},"modified":"2025-09-10T17:43:07","modified_gmt":"2025-09-10T17:43:07","slug":"el-juez-del-supremo-abre-la-puerta-a-dejar-en-libertad-a-santos-cerdan","status":"publish","type":"post","link":"https:\/\/www.europesays.com\/es\/105981\/","title":{"rendered":"El juez del Supremo abre la puerta a dejar en libertad a Santos Cerd\u00e1n"},"content":{"rendered":"<p>\n        Es la primera vez que la defensa de<strong> <\/strong><a href=\"https:\/\/www.noticiasdenavarra.com\/tags\/santos-cerdan\/\" title=\"Santos Cerd\u00e1n\" target=\"_blank\" class=\"link copy\" rel=\"nofollow noopener\">Santos Cerd\u00e1n<\/a> no se topa con un muro inquebrantable. El <strong>juez del Tribunal Supremo<\/strong> Leopoldo Puente ha dado un plazo de cinco d\u00edas a la <strong>Fiscal\u00eda Anticorrupci\u00f3n<\/strong> y a las acusaciones populares, representadas por el <strong>PP<\/strong>, para que se pronuncien sobre la \u00faltima petici\u00f3n de libertad presentada por el exsecretario de Organizaci\u00f3n del <strong>PSOE<\/strong>, en <strong>prisi\u00f3n preventiva<\/strong> desde el 30 de junio en la c\u00e9lebre c\u00e1rcel de <strong>Soto del Real<\/strong>, que ha solicitado en varias ocasiones su excarcelaci\u00f3n. En su nuevo recurso, presentado el 8 de septiembre, sus abogados reclaman la <strong>libertad inmediata<\/strong> y la pr\u00e1ctica de nuevas diligencias de investigaci\u00f3n.\n<\/p>\n<p class=\"article-body__text \">\n        El <a href=\"https:\/\/www.noticiasdenavarra.com\/tags\/tribunal-supremo\/\" title=\"Supremo\" target=\"_blank\" class=\"link copy\" rel=\"nofollow noopener\">Supremo <\/a>justific\u00f3 en su momento el ingreso en prisi\u00f3n de Cerd\u00e1n por <strong>riesgo de destrucci\u00f3n o alteraci\u00f3n de pruebas<\/strong>, manipulaci\u00f3n de testigos o incluso de movimiento de posibles fondos ocultos de la presunta trama de comisiones vinculadas a adjudicaciones de obra p\u00fablica. La decisi\u00f3n de encarcelamiento fue adoptada por el propio instructor y confirmada posteriormente por la <strong>Sala de Apelaci\u00f3n<\/strong>, que rechaz\u00f3 el recurso de la defensa. Mientras tanto, el <strong>Tribunal Constitucional<\/strong> analiza esta semana si admite a tr\u00e1mite el <strong>recurso de amparo<\/strong> presentado por Cerd\u00e1n contra su entrada en prisi\u00f3n provisional, en el que tambi\u00e9n se denuncia <strong>vulneraci\u00f3n de derechos fundamentales<\/strong>.\n<\/p>\n<p class=\"article-body__text \">\n        Fuentes de la defensa se muestran prudentes y recuerdan que, por el momento, el juez se ha limitado a dar traslado de la petici\u00f3n y no se pronunciar\u00e1 hasta recibir los escritos de las acusaciones. Si estas no se opusieran a la excarcelaci\u00f3n, el magistrado estar\u00eda obligado a decretar la <strong>libertad de Cerd\u00e1n<\/strong>; en caso contrario, resolver\u00e1 conforme a su criterio. No obstante, recuerdan que ya existen dos resoluciones desfavorables: la decisi\u00f3n inicial de Puente y la posterior confirmaci\u00f3n de la Sala de Apelaci\u00f3n.\n<\/p>\n<p>  Investigaci\u00f3n \u201csin l\u00edmites\u201d<\/p>\n<p class=\"article-body__text \">\n        La <strong>defensa del exdirigente socialista navarro<\/strong> sostiene que la <strong>investigaci\u00f3n judicial<\/strong> \u201ccarece de l\u00edmites\u201d y busca \u201cincriminar actividades propias de la participaci\u00f3n pol\u00edtica\u201d. En su escrito, los letrados denuncian que el procedimiento est\u00e1 \u201cfuertemente tensionado procesalmente\u201d y constituye \u201cuna pesquisa general\u201d que no investiga \u201cun hecho delictivo pasado, concreto y delimitado\u201d, sino que \u201cconstruye una causa general\u201d sobre toda la trayectoria pol\u00edtica de Cerd\u00e1n con el \u00fanico objetivo de \u201calcanzar a toda costa una conclusi\u00f3n incriminatoria\u201d.\n<\/p>\n<p class=\"article-body__text \">\n        En su escrito, los letrados <strong>Benet Salellas y Jacobo Teijelo<\/strong> insisten en que la <strong>prisi\u00f3n provisional<\/strong> es \u201cinconstitucional\u201d porque se ha superado el plazo legal y porque \u201cno hay pruebas\u201d. Recuerdan que \u201cel cr\u00e9dito que se ha dado, siete meses, para acreditar la hip\u00f3tesis de corrupci\u00f3n en la m\u00e1s benevolente de las posibilidades, est\u00e1 vencido, no hay pruebas y las actuaciones est\u00e1n viciadas de vulneraciones de derechos fundamentales\u201d.\n<\/p>\n<p class=\"article-body__text \">\n        Asimismo, advierten de que la medida \u201cconlleva el riesgo de superar materialmente la duraci\u00f3n m\u00e1xima de la prisi\u00f3n preventiva\u201d acordada inicialmente para asegurar la investigaci\u00f3n del presunto delito. A su juicio, \u201clos cuerpos policiales han tenido el tiempo y las oportunidades suficientes para asegurar la debida investigaci\u00f3n, sin que quepa ya seguir privando de libertad\u201d.\n<\/p>\n<p class=\"article-body__text \">\n        Los abogados subrayan que desde que surgieron las sospechas, en los meses de febrero y marzo, \u201chan transcurrido los seis meses que el legislador entendi\u00f3 suficientes\u201d para la instrucci\u00f3n. Tambi\u00e9n alertan de los \u201cimportantes riesgos\u201d de avalar \u201cuna hip\u00f3tesis policial sin indicios que la confirmen\u201d, de \u201crealizar una investigaci\u00f3n judicial sin objeto delimitado\u201d y de \u201cestar superando la proporcionalidad temporal de la medida de prisi\u00f3n provisional\u201d.\n<\/p>\n<p>  Nulidad de las pruebas<\/p>\n<p class=\"article-body__text \">\n        Uno de los puntos clave de la defensa es la <strong>validez de las grabaciones<\/strong> incautadas a <a href=\"https:\/\/www.noticiasdenavarra.com\/tags\/koldo-garcia\/\" title=\"Koldo Garc\u00eda\" target=\"_blank\" class=\"link copy\" rel=\"nofollow noopener\">Koldo Garc\u00eda<\/a>, exasesor del exministro de Transportes <strong>Jos\u00e9 Luis \u00c1balos<\/strong>, que sirvieron de base para imputar a Cerd\u00e1n. Consideran que se trata de \u201cuna prueba absolutamente nula\u201d, ya que Garc\u00eda ha negado ser el autor y, en caso de haberlo sido, \u201ces evidente que lo habr\u00eda hecho bajo la direcci\u00f3n policial\u201d.\n<\/p>\n<p class=\"article-body__text \">\n        En otro escrito remitido al <strong>Alto Tribunal<\/strong>, los abogados subrayan la \u201cespecial relevancia de dilucidar las circunstancias y naturaleza de la investigaci\u00f3n para evitar cualquier hipot\u00e9tica desviaci\u00f3n de poder de la Polic\u00eda Judicial que pudiera haber contaminado el proceso debido\u201d. En este sentido, piden interrogar como testigos a los <strong>agentes de la Guardia Civil<\/strong> que elaboraron el informe del 5 de junio, el que dio lugar a la imputaci\u00f3n de Cerd\u00e1n. Tambi\u00e9n reclaman la declaraci\u00f3n de <strong>Rub\u00e9n Villalba<\/strong>, agente del instituto armado imputado en la parte del caso que se investiga en la <a href=\"https:\/\/www.noticiasdenavarra.com\/tags\/audiencia-nacional\/\" title=\"Audiencia Nacional\" target=\"_blank\" class=\"link copy\" rel=\"nofollow noopener\">Audiencia Nacional<\/a>, al que relacionan con el comisionista <strong>V\u00edctor de Aldama<\/strong><\/p>\n","protected":false},"excerpt":{"rendered":"Es la primera vez que la defensa de Santos Cerd\u00e1n no se topa con un muro inquebrantable. El&hellip;\n","protected":false},"author":2,"featured_media":105982,"comment_status":"","ping_status":"","sticky":false,"template":"","format":"standard","meta":{"footnotes":""},"categories":[8],"tags":[490,17,18,25,24,13,14,11,1664,19,20,5085,9,10,15,16,740,23,8312,12,21,22],"class_list":{"0":"post-105981","1":"post","2":"type-post","3":"status-publish","4":"format-standard","5":"has-post-thumbnail","7":"category-espana","8":"tag-abre","9":"tag-breaking-news","10":"tag-breakingnews","11":"tag-es","12":"tag-espana","13":"tag-featured-news","14":"tag-featurednews","15":"tag-headlines","16":"tag-juez","17":"tag-latest-news","18":"tag-latestnews","19":"tag-libertad","20":"tag-news","21":"tag-noticias","22":"tag-noticias-destacadas","23":"tag-noticiasdestacadas","24":"tag-puerta","25":"tag-spain","26":"tag-supremo","27":"tag-titulares","28":"tag-ultimas-noticias","29":"tag-ultimasnoticias"},"share_on_mastodon":{"url":"","error":""},"_links":{"self":[{"href":"https:\/\/www.europesays.com\/es\/wp-json\/wp\/v2\/posts\/105981","targetHints":{"allow":["GET"]}}],"collection":[{"href":"https:\/\/www.europesays.com\/es\/wp-json\/wp\/v2\/posts"}],"about":[{"href":"https:\/\/www.europesays.com\/es\/wp-json\/wp\/v2\/types\/post"}],"author":[{"embeddable":true,"href":"https:\/\/www.europesays.com\/es\/wp-json\/wp\/v2\/users\/2"}],"replies":[{"embeddable":true,"href":"https:\/\/www.europesays.com\/es\/wp-json\/wp\/v2\/comments?post=105981"}],"version-history":[{"count":0,"href":"https:\/\/www.europesays.com\/es\/wp-json\/wp\/v2\/posts\/105981\/revisions"}],"wp:featuredmedia":[{"embeddable":true,"href":"https:\/\/www.europesays.com\/es\/wp-json\/wp\/v2\/media\/105982"}],"wp:attachment":[{"href":"https:\/\/www.europesays.com\/es\/wp-json\/wp\/v2\/media?parent=105981"}],"wp:term":[{"taxonomy":"category","embeddable":true,"href":"https:\/\/www.europesays.com\/es\/wp-json\/wp\/v2\/categories?post=105981"},{"taxonomy":"post_tag","embeddable":true,"href":"https:\/\/www.europesays.com\/es\/wp-json\/wp\/v2\/tags?post=105981"}],"curies":[{"name":"wp","href":"https:\/\/api.w.org\/{rel}","templated":true}]}}