{"id":105998,"date":"2025-09-10T17:53:09","date_gmt":"2025-09-10T17:53:09","guid":{"rendered":"https:\/\/www.europesays.com\/es\/105998\/"},"modified":"2025-09-10T17:53:09","modified_gmt":"2025-09-10T17:53:09","slug":"bolivia-clasifico-al-repechaje-rival-fecha-y-formato-de-los-ultimos-cupos-para-el-mundial-2026","status":"publish","type":"post","link":"https:\/\/www.europesays.com\/es\/105998\/","title":{"rendered":"Bolivia clasific\u00f3 al repechaje: rival, fecha y formato de los \u00faltimos cupos para el Mundial 2026"},"content":{"rendered":"<p>Con este tanto, y el empate parcial de Venezuela, los bolivianos alcanzan el repechaje. (Video: Latina)<\/p>\n<p class=\"paragraph\"><a rel=\"noopener noreferrer nofollow\" href=\"https:\/\/www.infobae.com\/peru\/deportes\/2025\/09\/09\/venezuela-bolivia-repechaje-mundial-en-vivo-hoy-resultados-que-seleccion-clasifico-fecha-18-eliminatorias-2026\/\" target=\"_blank\" title=\"https:\/\/www.infobae.com\/peru\/deportes\/2025\/09\/09\/venezuela-bolivia-repechaje-mundial-en-vivo-hoy-resultados-que-seleccion-clasifico-fecha-18-eliminatorias-2026\/\"><b>Bolivia derrot\u00f3 por 1-0 a Brasil en El Alto<\/b><\/a>, por la \u00faltima fecha de las <b>Eliminatorias Clasificatorias 2026<\/b>. Los \u2018altipl\u00e1nicos\u2019 lograron la haza\u00f1a y le arrebataron el pase al repechaje a <b>Venezuela, <\/b>que cay\u00f3 goleado 6-3 en su propia cancha, rumbo al <b>Mundial Canad\u00e1, M\u00e9xico, Estados Unidos<\/b>. <\/p>\n<p class=\"paragraph\">La \u2018vinotinto\u2019 cay\u00f3 ante <b>Colombia<\/b> en Matur\u00edn y se qued\u00f3 sin chances de acceder a los \u2018play offs\u2019. Fueron eliminados a pesar de que ten\u00edan la primera opci\u00f3n de quedarse con esperanzas de mantener el sue\u00f1o mundialista. <\/p>\n<p class=\"paragraph\"><b>Miguel Terceros<\/b> fue el h\u00e9roe que meti\u00f3 a la \u2018verde\u2019 a un paso de la <b>Copa del Mundo<\/b> a los 45+4 minutos del primer tiempo. El centrocampista marc\u00f3 el \u00fanico tanto del encuentro de penal tras una falta de <b>Bruno Guimar\u00e3es<\/b> contra <b>Roberto Carlos Fern\u00e1ndez<\/b> dentro del \u00e1rea que tuvo intervenci\u00f3n del VAR. <\/p>\n<p class=\"paragraph\">Y as\u00ed, despu\u00e9s de 32 a\u00f1os, los bolivianos se vuelven a meter a repesca rumbo a un Mundial. <\/p>\n<p><img alt=\"Miguel Terceros (centro) celebra tras\" class=\"global-image\" decoding=\"async\" fetchpriority=\"low\" height=\"2137\" loading=\"lazy\" src=\"https:\/\/www.europesays.com\/es\/wp-content\/uploads\/2025\/09\/NEK6SGDGOZH2VLFKYKF4CR4GTI.jpg\" width=\"3205\"\/>Miguel Terceros (centro) celebra tras marcar el primer gol de Bolivia en el partido contra Brasil por las eliminatorias del Mundial, el martes 9 de septiembre de 2025, en El Alto, Bolivia. (AP Foto\/Juan Karita)<\/p>\n<p class=\"paragraph\">Las llaves del <b>repechaje <\/b>depender\u00e1 de las ubicaciones del ranking FIFA. <b>Bolivia<\/b> se encuentra en el puesto 78, lo que quiere decir que podr\u00eda debutar contra selecciones de menor ranking como <b>Nueva Caledonia<\/b> o el representante africano. De avanzar a la pr\u00f3xima instancia, se medir\u00eda en una final de alto riesgo ante un <b>rival de Concacaf o Asia<\/b>, tradicionalmente m\u00e1s competitivos en este tipo de instancias.<\/p>\n<p><img alt=\"Soccer Football - World Cup\" class=\"global-image\" decoding=\"async\" fetchpriority=\"low\" height=\"1511\" loading=\"lazy\" src=\"https:\/\/www.europesays.com\/es\/wp-content\/uploads\/2025\/09\/TUTGF3TOOFB3PGZRK7G7GDLZWY.JPG\" width=\"2686\"\/>Soccer Football &#8211; World Cup &#8211; CONMEBOL Qualifiers &#8211; Bolivia v Brazil &#8211; Estadio Municipal El Alto, El Alto, Bolivia &#8211; September 9, 2025 Bolivia&#8217;s Miguel Terceros celebrates scoring their first goal with teammates REUTERS\/Claudia Morales<\/p>\n<p class=\"paragraph\"><a rel=\"noopener noreferrer nofollow\" href=\"https:\/\/www.infobae.com\/deportes\/2025\/09\/10\/como-sera-el-mini-torneo-que-afrontara-bolivia-en-el-repechaje-del-mundial-2026-la-historia-de-nueva-caledonia-el-sorpresivo-rival-que-podria-enfrentar\/\" target=\"_blank\" title=\"https:\/\/www.infobae.com\/deportes\/2025\/09\/10\/como-sera-el-mini-torneo-que-afrontara-bolivia-en-el-repechaje-del-mundial-2026-la-historia-de-nueva-caledonia-el-sorpresivo-rival-que-podria-enfrentar\/\">El <b>proceso de clasificaci\u00f3n<\/b> para el Mundial<\/a> presenta un formato sencillo y con alto grado de incertidumbre. Solo seis equipos tendr\u00e1n la oportunidad de buscar los \u00faltimos dos cupos para el torneo mediante un repechaje, que se organizar\u00e1 en M\u00e9xico. Los participantes se distribuir\u00e1n en dos grupos, cada uno compuesto por tres selecciones. <\/p>\n<p class=\"paragraph\">En cada grupo se disputar\u00e1 una semifinal, en la que se enfrentar\u00e1n los dos equipos con menor <b>ranking FIFA<\/b>. Quien obtenga la victoria avanzar\u00e1 a la final dentro de ese misma serie, donde lo recibir\u00e1 el equipo mejor posicionado seg\u00fan el r\u00e1nking.<\/p>\n<p class=\"paragraph\">Solamente el ganador de cada final, uno por agrupaci\u00f3n, acceder\u00e1 a la<b> Copa del Mundo 2026. <\/b>Esta estructura significa que el margen de error es nulo: una eliminaci\u00f3n implica perder la \u00faltima oportunidad de asistir al mayor evento del f\u00fatbol mundial. <\/p>\n<p class=\"paragraph\">Es decir, los \u2018play offs\u2019 constar\u00e1n \u00fanicamente de cuatro partidos decisivos, con dos semifinales y dos finales, todos celebrados en suelo mexicano y a partido \u00fanico. <\/p>\n<p><img alt=\"\u00bfC\u00f3mo se jugar\u00e1 el repechaje\" class=\"global-image\" decoding=\"async\" fetchpriority=\"low\" height=\"1350\" loading=\"lazy\" src=\"https:\/\/www.europesays.com\/es\/wp-content\/uploads\/2025\/09\/5JKDUQIYWJENROKLA74UA2HZU4.jpg\" width=\"1145\"\/>\u00bfC\u00f3mo se jugar\u00e1 el repechaje rumbo al Mundial 2026? (Cr\u00e9dito: Ol\u00e9)<\/p>\n<p class=\"paragraph\">Tras la clasificaci\u00f3n de <b>Bolivia<\/b>, se convirti\u00f3 en el segundo equipo confirmado para el repechaje. <b>Nueva Caledonia<\/b> es el primero que obtuvo su boleto a los \u2018play offs\u2019 pese de que sufri\u00f3 una derrota por 3-0 ante <b>Nueva Zelanda<\/b> en la final clasificatoria de Ocean\u00eda. Mientras que la escuadra neozelandesa obtuvo su boleto directo al Mundial, dejando a <b>Caledonia <\/b>como representante de su confederaci\u00f3n en la repesca intercontinental.<\/p>\n<p class=\"paragraph\">Las cuatro vacantes restantes para el repechaje se distribuir\u00e1n de la siguiente manera. El representante asi\u00e1tico (AFC) surgir\u00e1 del vencedor de la quinta ronda, mientras que desde \u00c1frica (CAF), el clasificado se decidir\u00e1 en la final de la segunda ronda eliminatoria. Adicionalmente, <b>Concacaf<\/b> contar\u00e1 con dos puestos, destinados a los equipos que terminen como los mejores segundos en la tercera fase. <\/p>\n<p class=\"paragraph\">En esta edici\u00f3n, el f\u00fatbol europeo no tendr\u00e1 presencia en el repechaje, ya que la <b>UEFA<\/b> no ha recibido cupos para esta instancia. Con este esquema, el repechaje integrar\u00e1 selecciones provenientes de distintas confederaciones, reflejando la diversidad del torneo previo al Mundial.<\/p>\n<p><img alt=\"Bolivia y los otros equipos\" class=\"global-image\" decoding=\"async\" fetchpriority=\"low\" height=\"2048\" loading=\"lazy\" src=\"https:\/\/www.europesays.com\/es\/wp-content\/uploads\/2025\/09\/VPLX4KUOM5DXNENUCD32YR6TUE.jpg\" width=\"1638\"\/>Bolivia y los otros equipos que disputar\u00e1n el repechaje<\/p>\n<p class=\"paragraph\">El repechaje que definir\u00e1 el acceso al <b>Mundial<\/b> se disputar\u00e1 entre el 23 y el 31 de marzo de 2026. Durante esta semana, seis selecciones buscar\u00e1n quedarse con las dos plazas restantes que otorgan el pase a la <b>Copa del Mundo.<\/b> El desempe\u00f1o de cada equipo en el ranking FIFA desempe\u00f1ar\u00e1 un papel fundamental en el sorteo y en la conformaci\u00f3n de las llaves. <\/p>\n<p class=\"paragraph\"><b>Bolivia<\/b>, que ocupa el lugar 78, estar\u00eda obligada a disputar una semifinal en la misma instancia. Los encuentros se desarrollar\u00e1n en dos sedes de gran relevancia: los estadios de <b>Monterrey<\/b> y <b>Guadalajara<\/b>. Estos escenarios albergar\u00e1n los cuatro partidos que definir\u00e1n los dos \u00faltimos boletos disponibles para la cita mundialista de<b> Estados Unidos, M\u00e9xico y Canad\u00e1 2026<\/b>. Para Bolivia, significa el anhelo de regresar al m\u00e1ximo torneo internacional tras m\u00e1s de treinta a\u00f1os sin lograr presencia en la fase final.<\/p>\n","protected":false},"excerpt":{"rendered":"Con este tanto, y el empate parcial de Venezuela, los bolivianos alcanzan el repechaje. (Video: Latina) Bolivia derrot\u00f3&hellip;\n","protected":false},"author":2,"featured_media":105999,"comment_status":"","ping_status":"","sticky":false,"template":"","format":"standard","meta":{"footnotes":""},"categories":[268],"tags":[168,36761,25,24,280,282,281,757,23,3020,167],"class_list":{"0":"post-105998","1":"post","2":"type-post","3":"status-publish","4":"format-standard","5":"has-post-thumbnail","7":"category-futbol","8":"tag-deportes","9":"tag-el-alto","10":"tag-es","11":"tag-espana","12":"tag-football","13":"tag-futbol","14":"tag-soccer","15":"tag-south-america-central-america","16":"tag-spain","17":"tag-sport","18":"tag-sports"},"share_on_mastodon":{"url":"","error":""},"_links":{"self":[{"href":"https:\/\/www.europesays.com\/es\/wp-json\/wp\/v2\/posts\/105998","targetHints":{"allow":["GET"]}}],"collection":[{"href":"https:\/\/www.europesays.com\/es\/wp-json\/wp\/v2\/posts"}],"about":[{"href":"https:\/\/www.europesays.com\/es\/wp-json\/wp\/v2\/types\/post"}],"author":[{"embeddable":true,"href":"https:\/\/www.europesays.com\/es\/wp-json\/wp\/v2\/users\/2"}],"replies":[{"embeddable":true,"href":"https:\/\/www.europesays.com\/es\/wp-json\/wp\/v2\/comments?post=105998"}],"version-history":[{"count":0,"href":"https:\/\/www.europesays.com\/es\/wp-json\/wp\/v2\/posts\/105998\/revisions"}],"wp:featuredmedia":[{"embeddable":true,"href":"https:\/\/www.europesays.com\/es\/wp-json\/wp\/v2\/media\/105999"}],"wp:attachment":[{"href":"https:\/\/www.europesays.com\/es\/wp-json\/wp\/v2\/media?parent=105998"}],"wp:term":[{"taxonomy":"category","embeddable":true,"href":"https:\/\/www.europesays.com\/es\/wp-json\/wp\/v2\/categories?post=105998"},{"taxonomy":"post_tag","embeddable":true,"href":"https:\/\/www.europesays.com\/es\/wp-json\/wp\/v2\/tags?post=105998"}],"curies":[{"name":"wp","href":"https:\/\/api.w.org\/{rel}","templated":true}]}}