{"id":106010,"date":"2025-09-10T17:59:13","date_gmt":"2025-09-10T17:59:13","guid":{"rendered":"https:\/\/www.europesays.com\/es\/106010\/"},"modified":"2025-09-10T17:59:13","modified_gmt":"2025-09-10T17:59:13","slug":"mira-el-trailer-de-the-rip-lo-nuevo-de-matt-damon-y-ben-affleck","status":"publish","type":"post","link":"https:\/\/www.europesays.com\/es\/106010\/","title":{"rendered":"Mira el tr\u00e1iler de The Rip, lo nuevo de Matt Damon y Ben Affleck"},"content":{"rendered":"<p><strong>The Rip<\/strong> es una de las apuestas de alto octanaje de Netflix para principios de 2026 y acaba de lanzar <a href=\"https:\/\/www.youtube.com\/watch?v=ARU2WHyOPxE\" rel=\"nofollow noopener\" target=\"_blank\">su primer tr\u00e1iler<\/a>. La pel\u00edcula, escrita y dirigida por Joe Carnahan, tiene a <strong>Matt Damon<\/strong> y <strong>Ben Affleck<\/strong> como l\u00edderes de un elenco que tambi\u00e9n incluye a otras figuras como <strong>Steven Yeun<\/strong> (The Walking Dead, Invincible) y <strong>Sasha Calle<\/strong> (Supergirl en The Flash).<\/p>\n<p>El avance permite conocer m\u00e1s detalles sobre una historia con condimentos verdaderamente explosivos. En The Rip, Damon y Affleck interpretan a dos polic\u00edas de Miami que se ven envueltos en una suerte de emboscada tras hallar 20 millones de d\u00f3lares en efectivo en un escondite.<\/p>\n<p>El equipo de los protagonistas deb\u00eda encontrar unos 300.000 d\u00f3lares durante el allanamiento, pero la suma oculta en las paredes del lugar termina siendo mucho m\u00e1s abultada. Esto no solo desata un dilema entre los agentes, sino que tambi\u00e9n abre las puertas a una emboscada que les llevar\u00e1 a enfrentarse con una amenaza implacable.<\/p>\n<p>El tr\u00e1iler de The Rip deja en claro que el director <strong>no escatimar\u00e1 en las escenas de tiroteos<\/strong>, pero que tambi\u00e9n habr\u00e1 momentos de mucha tensi\u00f3n. El clip pone en evidencia que ninguno de los integrantes del equipo es de fiar y que la traici\u00f3n puede llegar desde el sitio menos esperado.<\/p>\n<p>The Rip, lo nuevo de Ben Affleck y Matt Damon llega a comienzos de 2026<\/p>\n<p>Si bien Ben Affleck y Matt Damon siempre est\u00e1n <a href=\"https:\/\/hipertextual.com\/cine-television\/the-odyssey-primer-vistazo-a-matt-damon-como-odiseo-ulises\/\" rel=\"nofollow noopener\" target=\"_blank\">a la altura de las expectativas<\/a> y nos tienen acostumbrados a grandes pel\u00edculas, ser\u00e1 interesante ver si The Rip le permite a Joe Carnahan recuperarse de su m\u00e1s reciente traspi\u00e9. El cineasta ha destacado como realizador de filmes de acci\u00f3n gracias a Narc, Smokin&#8217; Aces, The A-Team y Boss Level. No obstante, su m\u00e1s reciente apuesta dentro del g\u00e9nero con Shadow Force fue un fracaso en cr\u00edtica y taquilla.<\/p>\n<p>De acuerdo con Carnahan, The Rip es una suerte de homenaje a otros grandes policiales como <strong>Serpico<\/strong> (Sidney Lumet) y <strong>Heat <\/strong>(Michael Mann). Pero tambi\u00e9n se nutre de las experiencias ver\u00eddicas de un amigo del director que se desempe\u00f1\u00f3 como agente de narc\u00f3ticos en Miami. Es por ello que en el tr\u00e1iler se menciona que la historia <strong>se basa en eventos reales<\/strong>.<\/p>\n<p>Adem\u00e1s de Matt Damon, Ben Affleck, Sasha Calle y Steven Yeun, el elenco de The Rip incluye a Teyana Taylor, Kyle Chandler y Scott Adkins. El filme se lanzar\u00e1 globalmente (y en exclusiva) a trav\u00e9s de <strong>Netflix<\/strong>. Estar\u00e1 disponible a partir del <strong>16 de enero de 2026<\/strong>.<\/p>\n<p><a href=\"https:\/\/geni.us\/disney-plus-footer\" target=\"_blank\" rel=\" noreferrer noopener nofollow\"><img loading=\"lazy\" decoding=\"async\" width=\"360\" height=\"197\" alt=\"\" class=\"wp-image-1840708 perfmatters-lazy\" style=\"width:100px\" src=\"https:\/\/www.europesays.com\/es\/wp-content\/uploads\/2025\/08\/1756350495_822_disney-logo.jpeg\"  data-\/><\/a><\/p>\n<p class=\"has-text-align-center\" style=\"padding-top:0;padding-right:0;padding-bottom:0;padding-left:0;font-size:18px\">Disfruta de las mejores historias, en cualquier momento y en cualquier lugar. Series, pel\u00edculas y originales que no encontrar\u00e1s en ninguna otra plataforma: cl\u00e1sicos de siempre y los \u00faltimos estrenos. <a href=\"https:\/\/geni.us\/disney-plus-footer\" target=\"_blank\" rel=\"noreferrer noopener nofollow\">M\u00e1s econ\u00f3mico que nunca<\/a> con el nuevo plan con anuncios.<\/p>\n<p class=\"has-text-align-center\">Consejo ofrecido por Disney+<\/p>\n","protected":false},"excerpt":{"rendered":"The Rip es una de las apuestas de alto octanaje de Netflix para principios de 2026 y acaba&hellip;\n","protected":false},"author":2,"featured_media":106011,"comment_status":"","ping_status":"","sticky":false,"template":"","format":"standard","meta":{"footnotes":""},"categories":[169],"tags":[3710,177,146,147,25,24,176,5258,175,152,23,36765],"class_list":{"0":"post-106010","1":"post","2":"type-post","3":"status-publish","4":"format-standard","5":"has-post-thumbnail","7":"category-cine","8":"tag-ben-affleck","9":"tag-cine","10":"tag-entertainment","11":"tag-entretenimiento","12":"tag-es","13":"tag-espana","14":"tag-film","15":"tag-matt-damon","16":"tag-movies","17":"tag-netflix","18":"tag-spain","19":"tag-the-rip"},"share_on_mastodon":{"url":"","error":""},"_links":{"self":[{"href":"https:\/\/www.europesays.com\/es\/wp-json\/wp\/v2\/posts\/106010","targetHints":{"allow":["GET"]}}],"collection":[{"href":"https:\/\/www.europesays.com\/es\/wp-json\/wp\/v2\/posts"}],"about":[{"href":"https:\/\/www.europesays.com\/es\/wp-json\/wp\/v2\/types\/post"}],"author":[{"embeddable":true,"href":"https:\/\/www.europesays.com\/es\/wp-json\/wp\/v2\/users\/2"}],"replies":[{"embeddable":true,"href":"https:\/\/www.europesays.com\/es\/wp-json\/wp\/v2\/comments?post=106010"}],"version-history":[{"count":0,"href":"https:\/\/www.europesays.com\/es\/wp-json\/wp\/v2\/posts\/106010\/revisions"}],"wp:featuredmedia":[{"embeddable":true,"href":"https:\/\/www.europesays.com\/es\/wp-json\/wp\/v2\/media\/106011"}],"wp:attachment":[{"href":"https:\/\/www.europesays.com\/es\/wp-json\/wp\/v2\/media?parent=106010"}],"wp:term":[{"taxonomy":"category","embeddable":true,"href":"https:\/\/www.europesays.com\/es\/wp-json\/wp\/v2\/categories?post=106010"},{"taxonomy":"post_tag","embeddable":true,"href":"https:\/\/www.europesays.com\/es\/wp-json\/wp\/v2\/tags?post=106010"}],"curies":[{"name":"wp","href":"https:\/\/api.w.org\/{rel}","templated":true}]}}