{"id":106021,"date":"2025-09-10T18:05:12","date_gmt":"2025-09-10T18:05:12","guid":{"rendered":"https:\/\/www.europesays.com\/es\/106021\/"},"modified":"2025-09-10T18:05:12","modified_gmt":"2025-09-10T18:05:12","slug":"inundaciones-en-indonesia-dejan-al-menos-15-muertos-y-6-desaparecidos","status":"publish","type":"post","link":"https:\/\/www.europesays.com\/es\/106021\/","title":{"rendered":"Inundaciones en Indonesia dejan al menos 15 muertos y 6 desaparecidos"},"content":{"rendered":"<p>DENPASAR, Indonesia (AP) \u2014 El n\u00famero de muertos por las inundaciones que azotaron dos provincias en Indonesia aument\u00f3 a 15 despu\u00e9s de que los rescatistas recuperaron m\u00e1s cuerpos el mi\u00e9rcoles, mientras que seis personas segu\u00edan desaparecidas, informaron las autoridades.<\/p>\n<p>Las lluvias torrenciales, que comenzaron el lunes, causaron inundaciones y deslizamientos de tierra en la provincia de Nusa Tenggara Oriental y en la isla tur\u00edstica de Bali.<\/p>\n<p>El mi\u00e9rcoles, los rescatistas sacaron los cuerpos de una madre y su hijo enterrados bajo toneladas de lodo en la aldea m\u00e1s afectada de Mauponggo y de un hombre en la aldea vecina de Loka Laba en el distrito de Nagekeo de Nusa Tenggara Oriental, dijeron las autoridades. Anteriormente, tres miembros de una familia fueron encontrados muertos despu\u00e9s de que su casa fuera arrastrada y cuatro personas estaban desaparecidas en la aldea de Mauponggo.<\/p>\n<p>En Bali, los rescatistas recuperaron el cuerpo de una mujer cerca del mercado de Kumbasari en la capital provincial de Bali, Denpasar, el mi\u00e9rcoles por la noche, seg\u00fan el portavoz de la Agencia Nacional de Mitigaci\u00f3n de Desastres, Abdul Muhari, quien revis\u00f3 el n\u00famero de personas que segu\u00edan desaparecidas de ocho a dos, despu\u00e9s de que algunas fueran incluidas entre los fallecidos.<\/p>\n<p>Ocho cuerpos fueron encontrados en varias \u00e1reas a principios del mi\u00e9rcoles, incluidos cuatro que estaban en un edificio que se derrumb\u00f3 y fue arrastrado en el \u00e1rea del mercado de Kumbasari, en el sur de Denpasar, dijo Nyoman Sidakarya, jefe de la Agencia de B\u00fasqueda y Rescate de Bali.<\/p>\n<p>La lluvia ha hecho que los r\u00edos se desborden, arrasando con nueve ciudades y distritos en Bali. Lodo, rocas y \u00e1rboles cayeron sobre aldeas en las laderas de las monta\u00f1as, y la crecida de los r\u00edos sumergi\u00f3 al menos 112 vecindarios y provoc\u00f3 varios deslizamientos de tierra, dijo la Agencia de Mitigaci\u00f3n de Desastres de Bali en un comunicado.<\/p>\n<p>En videos publicados por la Agencia Nacional de B\u00fasqueda y Rescate pueden verse autos flotando en aguas fangosas mientras soldados y rescatistas en botes de goma ayudaban a ni\u00f1os y personas mayores que se vieron obligados a subir a los techos de casas y edificios inundados.<\/p>\n<p>Las graves inundaciones inundaron miles de hogares y edificios en \u00e1reas residenciales y lugares tur\u00edsticos. Las autoridades han cortado la electricidad y el agua, lo que ha obligado a hoteles, restaurantes, hospitales y otras instalaciones p\u00fablicas a usar generadores, dijo Wayan Koster, el gobernador de Bali.<\/p>\n<p>Se han producido deslizamientos de tierra en 18 vecindarios de los distritos de Karangasem, Gianyar y Badung, arrasando al menos 15 tiendas y casas y provocando da\u00f1os en varias carreteras y puentes, dijo.<\/p>\n<p>\u201cEste desastre tambi\u00e9n caus\u00f3 p\u00e9rdidas materiales para los comerciantes y negocios tur\u00edsticos\u201d, dijo Koster, y agreg\u00f3 que m\u00e1s de 800 personas hab\u00edan acudido a refugios temporales despu\u00e9s de que el agua de la inundaci\u00f3n alcanzara hasta 2,5 metros (8 pies) en algunos lugares.<\/p>\n<p>El jefe de la Agencia Local de Mitigaci\u00f3n de Desastres, Agustinus Pone, dijo que las inundaciones repentinas en Nagekeo arrastraron a aldeanos y veh\u00edculos que pasaban por las aldeas devastadas y provocaron un deslizamiento de tierra que bloque\u00f3 tres carreteras, provocando la muerte de al menos seis aldeanos, mientras que cuatro personas segu\u00edan desaparecidas.<\/p>\n<p>El clima extremo y el terreno accidentado dificultaron los esfuerzos de rescate, afirm\u00f3, se\u00f1alando que la inundaci\u00f3n en Nagekeo tambi\u00e9n destruy\u00f3 dos puentes, dos oficinas gubernamentales, una plantaci\u00f3n, campos de arroz y ganado, se\u00f1al\u00f3 Muhari.<\/p>\n<p>Las fuertes lluvias estacionales, que abarcan aproximadamente desde septiembre hasta marzo, suelen causar inundaciones y deslizamientos de tierra en Indonesia.<\/p>\n<p>_____<\/p>\n<p>Esta historia fue traducida del ingl\u00e9s por un editor de AP con la ayuda de una herramienta de inteligencia artificial generativa.<\/p>\n","protected":false},"excerpt":{"rendered":"DENPASAR, Indonesia (AP) \u2014 El n\u00famero de muertos por las inundaciones que azotaron dos provincias en Indonesia aument\u00f3&hellip;\n","protected":false},"author":2,"featured_media":106022,"comment_status":"","ping_status":"","sticky":false,"template":"","format":"standard","meta":{"footnotes":""},"categories":[42],"tags":[17,18,36773,13,14,11,61,62,63,64,19,20,9,10,15,16,12,21,22,65,66,67],"class_list":{"0":"post-106021","1":"post","2":"type-post","3":"status-publish","4":"format-standard","5":"has-post-thumbnail","7":"category-internacional","8":"tag-breaking-news","9":"tag-breakingnews","10":"tag-climate-and-environment","11":"tag-featured-news","12":"tag-featurednews","13":"tag-headlines","14":"tag-internacional","15":"tag-international","16":"tag-international-news","17":"tag-internationalnews","18":"tag-latest-news","19":"tag-latestnews","20":"tag-news","21":"tag-noticias","22":"tag-noticias-destacadas","23":"tag-noticiasdestacadas","24":"tag-titulares","25":"tag-ultimas-noticias","26":"tag-ultimasnoticias","27":"tag-world","28":"tag-world-news","29":"tag-worldnews"},"share_on_mastodon":{"url":"","error":""},"_links":{"self":[{"href":"https:\/\/www.europesays.com\/es\/wp-json\/wp\/v2\/posts\/106021","targetHints":{"allow":["GET"]}}],"collection":[{"href":"https:\/\/www.europesays.com\/es\/wp-json\/wp\/v2\/posts"}],"about":[{"href":"https:\/\/www.europesays.com\/es\/wp-json\/wp\/v2\/types\/post"}],"author":[{"embeddable":true,"href":"https:\/\/www.europesays.com\/es\/wp-json\/wp\/v2\/users\/2"}],"replies":[{"embeddable":true,"href":"https:\/\/www.europesays.com\/es\/wp-json\/wp\/v2\/comments?post=106021"}],"version-history":[{"count":0,"href":"https:\/\/www.europesays.com\/es\/wp-json\/wp\/v2\/posts\/106021\/revisions"}],"wp:featuredmedia":[{"embeddable":true,"href":"https:\/\/www.europesays.com\/es\/wp-json\/wp\/v2\/media\/106022"}],"wp:attachment":[{"href":"https:\/\/www.europesays.com\/es\/wp-json\/wp\/v2\/media?parent=106021"}],"wp:term":[{"taxonomy":"category","embeddable":true,"href":"https:\/\/www.europesays.com\/es\/wp-json\/wp\/v2\/categories?post=106021"},{"taxonomy":"post_tag","embeddable":true,"href":"https:\/\/www.europesays.com\/es\/wp-json\/wp\/v2\/tags?post=106021"}],"curies":[{"name":"wp","href":"https:\/\/api.w.org\/{rel}","templated":true}]}}