{"id":106025,"date":"2025-09-10T18:07:12","date_gmt":"2025-09-10T18:07:12","guid":{"rendered":"https:\/\/www.europesays.com\/es\/106025\/"},"modified":"2025-09-10T18:07:12","modified_gmt":"2025-09-10T18:07:12","slug":"el-gobierno-plantea-para-galicia-cuatro-areas-de-cercanias-ferroviarias-vigo-a-coruna-una-global-en-el-eje-atlantico-y-otra-interior-la-voz-de-galicia","status":"publish","type":"post","link":"https:\/\/www.europesays.com\/es\/106025\/","title":{"rendered":"El Gobierno plantea para Galicia cuatro \u00e1reas de cercan\u00edas ferroviarias: Vigo, A Coru\u00f1a, una global en el eje atl\u00e1ntico y otra interior &#8211; La Voz de Galicia"},"content":{"rendered":"<ol>\n<li><a href=\"https:\/\/news.google.com\/rss\/articles\/CBMixwFBVV95cUxPZ1ZaY3NHTG8yUDBzSm5wWURoYmc5QVNtcXN5TFB2a2tTaGI1ZEV6QUFHVF9RRkF5X2V4R2RLeklTQWFvSnlLRjc5TjBpTWtxbXJOWGlTMFJFUExJQTFwNVpfUW5rYXhjSTZiZmd5RkdacF90ZHU1UUFKQTFjd1BoMWNXeFNpMlFpZ3dLNURvQkRISFdVLXJTNDVKbnNmRG1jX2hvTHkzcHZCV2Ewa3hoTUFaMDY0eEhjLXhmeVdoWDZ2RVdpNnJ30gHjAUFVX3lxTFBYVjdDamxuUHBxQmc4RWdNLVVFM0pBOVk4WUEyaTYxaGlFLXVEMmIwdFFnT0plWi1yMTh5LUxjUGY0SHl4VE5LM0tuT3l4d1BLckZSa2l5dFFsY1RfNEFFWl9PYTB0WGlST1V5N1ZrUHpjLXgzcGFHd2hnaHVlM3RrczBKWkpJcDFSSjZvZGc1bmpzS2o0bFVybW5ROVVaemVBeC1YbnVYaF9PeENqVUg0X2dENXVxUF9kMU84S2d6b2ZuM1E1OElwRWV0ajhPMnNQZktBb3o3TUhkVUJDcGtKS0xj?oc=5\" target=\"_blank\" rel=\"nofollow noopener\">El Gobierno plantea para Galicia cuatro \u00e1reas de cercan\u00edas ferroviarias: Vigo, A Coru\u00f1a, una global en el eje atl\u00e1ntico y otra interior<\/a>&nbsp;&nbsp;La Voz de Galicia<\/li>\n<li><a href=\"https:\/\/news.google.com\/rss\/articles\/CBMiogFBVV95cUxORTNtU1lEN0tZNGFIRmtwcDdETEE2TXpiWktwOFp3dHNsMi10VXZUSnN6U3FPeW00RnJYWEZhVnd0RGgxZmpkdHZvX1ZFSUJkdUJ3QlYtYVNtTWFST3hKTkVvd0FvZG9CR3lMb1pwV0ZhZzVEQUVHS0NiMTFEcXRMLUk1Y0RZbEktVWdMcEZDSzloQkwtNDJaS09td0h4WmMtLXfSAacBQVVfeXFMTm1FWHBWTlFqMWc0bHdwalhGcUxJN3lvbVVILVo5MWdReWgzYVVDRHhHRm41YzBvWmdKek5DcDBad0FHNm12T3dzOVpZRnFCazFyc0hVbmVXSFpyYzRVX1g1Y25uVUdpTExCQm9KWU43bkhOdXJ5dU5GeG5jOHBOSVAxblI4b1JMS0J5UUFkZGdNMDRoaWpUT1ZybHBRczkwTWRnZ0IxNnc?oc=5\" target=\"_blank\" rel=\"nofollow noopener\">Puente dise\u00f1a un tren de cercan\u00edas para Vigo, A Coru\u00f1a y otras dos \u00e1reas<\/a>&nbsp;&nbsp;Faro de Vigo<\/li>\n<li><a href=\"https:\/\/news.google.com\/rss\/articles\/CBMipwFBVV95cUxPUnJLRjZfVEI4LUY5alZWam1EbmRmZ3JtLXF2eWlxb2p4REZJSC15dG5TazdjYzJxLTJ4SmpHNmc4S3JZRHNrcGVzc2IxNXhvQVZGNFltc2wzaUFDU2liUU50d2NZSWxyc1hLaEprOXFVYkQ0R3BGY0pMbzNRekczMlBxaEtiYlR0SWRLdURDaTFmaWY0V2lMZnN6NUF0WGtwZHo2NWhFcw?oc=5\" target=\"_blank\" rel=\"nofollow noopener\">El Gobierno plantea cuatro \u00e1reas de Cercan\u00edas ferroviarias en Galicia: A Coru\u00f1a, Vigo, eje atl\u00e1ntico y otra interior<\/a>&nbsp;&nbsp;El Correo Gallego<\/li>\n<li><a href=\"https:\/\/news.google.com\/rss\/articles\/CBMirAFBVV95cUxQTk5uaHBtZDN2UFpFaXdnMFQwdTdEZUdmX2xjMGtwaldDZFJMR3kyLUdKTWhjc3ZxeWFnaWhBT0h5eVVyWl8yYmtRQ2c4a1FqcWxmZUt5UGV6UGpDRUp5VlhKVkhNWGJMZWgtQUJvZS1GeEFSeHhlVWNIbXRHNm5BUU9CQkxJOUxQQVdhUzI4WHlhZTFjNENtdUdvQS0wLUhxSlpXY1RHX2pKa2Z60gHAAUFVX3lxTE1taHRZT2J1Y3R3OWtLbTB6a3lwcUNVdGxSZTU1R0xTdDhHNG5jOFYwaEJvUS1RbHlieEZzVUJWbVk3UjBhOC0tOHlOWXNGaGpoUU1DQTgwT2dKSC16ZDFBQWFCZl9DODlwdTlNaVVnSkZmU1Fhd05qRDNiWE9qWUhreUc1QzFrNWgtREhMdkF2SkdSNWNmY3FNMnlOc093WU1SdERVZm5CM3RWVnprWjhSZ3doQlMtc25vVjNLRnZYSg?oc=5\" target=\"_blank\" rel=\"nofollow noopener\">Vigo podr\u00eda contar con una red ferroviaria de Cercan\u00edas<\/a>&nbsp;&nbsp;Cadena SER<\/li>\n<li><a href=\"https:\/\/news.google.com\/rss\/articles\/CBMitwFBVV95cUxQZnFXM2xPT05kd3hEUklzSXAwTzloT3pnX0xsYU5IUzdpbXdPcFFSZUFST19qeFo4a1pHd045dWQzOHhXUlhQZ0VlekUwNmdUMXhPTmtsRmFCRzhGYUdaUnh4M2xxbk1JTW40UExPYnZNYUFEbWV4aGxfUnVPa3lvcG5tVFJYM2tfZ29QMmhQSFZnLWFhQVMzX004N09seTNLNjlXV0gwejFQYVVjejJDbG9maldiY3c?oc=5\" target=\"_blank\" rel=\"nofollow noopener\">El Gobierno proyecta establecer un servicio de Cercan\u00edas en La Coru\u00f1a y Vigo<\/a>&nbsp;&nbsp;ABC<\/li>\n<\/ol>\n","protected":false},"excerpt":{"rendered":"El Gobierno plantea para Galicia cuatro \u00e1reas de cercan\u00edas ferroviarias: Vigo, A Coru\u00f1a, una global en el eje&hellip;\n","protected":false},"author":2,"featured_media":106026,"comment_status":"","ping_status":"","sticky":false,"template":"","format":"standard","meta":{"footnotes":""},"categories":[5],"tags":[15390,17,18,25,24,13,14,17875,11,19,20,9,10,15,16,23,12,21,22],"class_list":{"0":"post-106025","1":"post","2":"type-post","3":"status-publish","4":"format-standard","5":"has-post-thumbnail","7":"category-titulares","8":"tag-alta-velocidad","9":"tag-breaking-news","10":"tag-breakingnews","11":"tag-es","12":"tag-espana","13":"tag-featured-news","14":"tag-featurednews","15":"tag-ferrocarril","16":"tag-headlines","17":"tag-latest-news","18":"tag-latestnews","19":"tag-news","20":"tag-noticias","21":"tag-noticias-destacadas","22":"tag-noticiasdestacadas","23":"tag-spain","24":"tag-titulares","25":"tag-ultimas-noticias","26":"tag-ultimasnoticias"},"share_on_mastodon":{"url":"","error":""},"_links":{"self":[{"href":"https:\/\/www.europesays.com\/es\/wp-json\/wp\/v2\/posts\/106025","targetHints":{"allow":["GET"]}}],"collection":[{"href":"https:\/\/www.europesays.com\/es\/wp-json\/wp\/v2\/posts"}],"about":[{"href":"https:\/\/www.europesays.com\/es\/wp-json\/wp\/v2\/types\/post"}],"author":[{"embeddable":true,"href":"https:\/\/www.europesays.com\/es\/wp-json\/wp\/v2\/users\/2"}],"replies":[{"embeddable":true,"href":"https:\/\/www.europesays.com\/es\/wp-json\/wp\/v2\/comments?post=106025"}],"version-history":[{"count":0,"href":"https:\/\/www.europesays.com\/es\/wp-json\/wp\/v2\/posts\/106025\/revisions"}],"wp:featuredmedia":[{"embeddable":true,"href":"https:\/\/www.europesays.com\/es\/wp-json\/wp\/v2\/media\/106026"}],"wp:attachment":[{"href":"https:\/\/www.europesays.com\/es\/wp-json\/wp\/v2\/media?parent=106025"}],"wp:term":[{"taxonomy":"category","embeddable":true,"href":"https:\/\/www.europesays.com\/es\/wp-json\/wp\/v2\/categories?post=106025"},{"taxonomy":"post_tag","embeddable":true,"href":"https:\/\/www.europesays.com\/es\/wp-json\/wp\/v2\/tags?post=106025"}],"curies":[{"name":"wp","href":"https:\/\/api.w.org\/{rel}","templated":true}]}}