{"id":106043,"date":"2025-09-10T18:17:15","date_gmt":"2025-09-10T18:17:15","guid":{"rendered":"https:\/\/www.europesays.com\/es\/106043\/"},"modified":"2025-09-10T18:17:15","modified_gmt":"2025-09-10T18:17:15","slug":"marta-carazo-eclipsa-a-letizia-en-su-debut-como-jefa-de-la-secretaria-de-la-reina","status":"publish","type":"post","link":"https:\/\/www.europesays.com\/es\/106043\/","title":{"rendered":"Marta Carazo eclipsa a Letizia en su debut como jefa de la Secretar\u00eda de la Reina"},"content":{"rendered":"<p>La reina Letizia volvi\u00f3 a la actividad oficial despu\u00e9s de las vacaciones de verano m\u00e1s tarde de lo habitual. Aunque la costumbre es retomar sus actos la primera semana de septiembre, es cierto que en realidad se dej\u00f3 ver a finales de agosto, antes de lo que acostumbra, cuando<b> <a href=\"https:\/\/www.huffingtonpost.es\/life\/el-mensaje-reina-letizia-visitar-zonas-afectadas-incendios.html\" rel=\"nofollow noopener\" target=\"_blank\">viaj\u00f3 con el rey a las zonas de Galicia, Le\u00f3n, Zamora y Extremadura m\u00e1s afectados por los graves incendios<\/a><\/b> que asolaron principalmente el <a href=\"https:\/\/www.huffingtonpost.es\/life\/las-medulas-fragiliso-leones-devastado-fuego.html\" target=\"_blank\" rel=\"nofollow noopener\">oeste de Espa\u00f1a<\/a>.<\/p>\n<p>A ello hay que sumar que era la \u00faltima semana en casa de la infanta Sof\u00eda. Si bien la princesa Leonor <a href=\"https:\/\/www.huffingtonpost.es\/life\/influencers-celebrities\/contenta-azul-princesa-leonor-ingresa-academia-aire-san-javier-final-formacion-militar.html\" target=\"_blank\" rel=\"nofollow noopener\">ingres\u00f3 en la Academia del Aire del Espacio de San Javier<\/a> el 1 de septiembre, <b><a href=\"https:\/\/www.huffingtonpost.es\/life\/influencers-celebrities\/la-filtracion-primeras-imagenes-infanta-sofia-universidad-estrategia-error.html\" target=\"_blank\" rel=\"nofollow noopener\">su hermana tard\u00f3 una semana m\u00e1s en debutar en Lisboa con unos actos introductorios<\/a><\/b>. Antes de llegar a Portugal hab\u00eda mucho que preparar, as\u00ed que no extra\u00f1ar que do\u00f1a Letizia retrasara su reaparici\u00f3n.<\/p>\n<p><img decoding=\"async\" loading=\"lazy\" src=\"https:\/\/img2.huffingtonpost.es\/files\/image_720\/uploads\/2025\/09\/10\/la-reina-letizia-en-su-vuelta-a-los-actos-tras-las-vacaciones-con-el-coloquio-mujer-deporte-y-sociedad.jpeg\" width=\"720\" height=\"0\"  data-full-src=\"https:\/\/www.europesays.com\/es\/wp-content\/uploads\/2025\/09\/la-reina-letizia-en-su-vuelta-a-los-actos-tras-las-vacaciones-con-el-coloquio-mujer-deporte-y-socied.jpeg\" \/><\/p>\n<p>            \u00a0<\/p>\n<p>        La reina Letizia en su vuelta a los actos tras las vacaciones con el coloquio &#8216;Mujer, deporte y sociedad&#8217;.Jesus Briones<\/p>\n<p>Eso no quiere decir que solo estuviera dedicada a su hija, sino tambi\u00e9n a preparar el nuevo curso junto a su nuevo fichaje: <a href=\"https:\/\/www.huffingtonpost.es\/life\/influencers-celebrities\/casa-real-confirma-marta-carazo-nueva-jefa-secretaria-reina-letizia.html\" target=\"_blank\" rel=\"nofollow noopener\">Marta Carazo<\/a>. Despu\u00e9s de la marcha de Mar\u00eda Oca\u00f1a, Casa Real necesitaba una jefa de la secretar\u00eda de SM la Reina, y la encontr\u00f3 en la que hasta entonces era la presentadora del Telediario 2. <b>Carazo se lo pens\u00f3 y acept\u00f3, comenzando a trabajar en La Zarzuela el 1 de septiembre<\/b>.<\/p>\n<p>Una semana despu\u00e9s, lleg\u00f3 la vuelta de do\u00f1a Letizia, y <b>el debut de Marta Carazo, cuya presencia eclips\u00f3, aunque sin ella pretenderlo, a la propia Reina<\/b>. Como se\u00f1ala <a href=\"https:\/\/www.vanitatis.elconfidencial.com\/casas-reales\/2025-09-10\/marta-carazo-reina-letizia-casa-real-1hms_4205951\/\" target=\"_blank\" rel=\"nofollow noopener\">Vanitatis<\/a>, la periodista lleg\u00f3 en el mismo coche que su jefa, aunque esper\u00f3 unos segundos a que bajara para poder mantener el segundo plano que su cargo requiere.<\/p>\n<p><img decoding=\"async\" loading=\"lazy\" src=\"https:\/\/img2.huffingtonpost.es\/files\/image_720\/uploads\/2025\/09\/10\/marta-carazo-sentandose-detras-de-la-reina-letizia-en-su-debut-publico-como-jefa-de-la-secretaria-de-la-reina.jpeg\" width=\"720\" height=\"0\"  data-full-src=\"https:\/\/www.europesays.com\/es\/wp-content\/uploads\/2025\/09\/marta-carazo-sentandose-detras-de-la-reina-letizia-en-su-debut-publico-como-jefa-de-la-secretaria-de.jpeg\" \/><\/p>\n<p>            \u00a0<\/p>\n<p>        Marta Carazo sent\u00e1ndose detr\u00e1s de la reina Letizia en su debut p\u00fablico como jefa de la Secretar\u00eda de la Reina.Gtres<\/p>\n<p>Eso s\u00ed, <b>hab\u00eda mucho inter\u00e9s por este primer d\u00eda p\u00fablico<\/b>, por lo que no pudo evitar que todas las miradas se posaran en ella, y que los fot\u00f3grafos inmortalizaran su presencia en la Casa de la Cultura Paco de Luc\u00eda de Torrelodones, en Madrid, donde se celebr\u00f3 el acto oficial que presidi\u00f3 la reina Letizia. Marta Carazo, que se sent\u00f3 en la fila inmediatamente despu\u00e9s de la que ocupaba la reina, <b>coment\u00f3 que estaba muy contenta con este nuevo reto profesional<\/b>.<\/p>\n<p>La reina Letizia apoya a la mujer en su vuelta a los actos<\/p>\n<p>Y si ella estaba contenta, tambi\u00e9n se vio bien a la reina. que\u00a0<b>estren\u00f3 un vestido negro largo y sin mangas con bordados blancos, <\/b>de la firma\u00a0Antik Batik. Complet\u00f3 el look con unas alpargatas, formando as\u00ed un conjunto veraniego perfecto para esta \u00e9poca del a\u00f1o.<\/p>\n<p><img decoding=\"async\" loading=\"lazy\" src=\"https:\/\/img2.huffingtonpost.es\/files\/image_720\/uploads\/2025\/09\/10\/la-reina-letizia-con-un-vestido-largo-negro-y-alpargatas-en-su-vuelta-a-los-actos-oficiales-tras-las-vacaciones.jpeg\" width=\"720\" height=\"0\"  data-full-src=\"https:\/\/www.europesays.com\/es\/wp-content\/uploads\/2025\/09\/la-reina-letizia-con-un-vestido-largo-negro-y-alpargatas-en-su-vuelta-a-los-actos-oficiales-tras-las.jpeg\" \/><\/p>\n<p>            \u00a0<\/p>\n<p>        La reina Letizia con un vestido largo negro y alpargatas en su vuelta a los actos oficiales tras las vacacionesGTRES<\/p>\n<p>Adem\u00e1s, dej\u00f3 claro que la mujer sigue siendo una prioridad en su agenda al asistir en el anteriormente citado espacio de Torrelodones al <b>coloquio Mujer, Deporte y Sociedad<\/b>, celebrado con motivo de la segunda edici\u00f3n del <b>Torneo Solidario CHALLENGE 40 BASKET contra la mutilaci\u00f3n genital femenina y otros abusos a las mujeres<\/b> del que se han encargado de organizar el Ayuntamiento de Torrelodones, la Federaci\u00f3n de Baloncesto de Madrid, la Federaci\u00f3n Espa\u00f1ola de Baloncesto, el Club BT Torrelodones, HM Hospitales y la Comunidad de Madrid.<\/p>\n<p>Como indica Casa Real, este torneo se dirige a mayores de 40 a\u00f1os y re\u00fane a importantes leyendas del baloncesto espa\u00f1ol. Asimismo, se ofrecen coloquios, entretenimiento infantil, mercadillos y gastronom\u00eda de la zona. Con ello <b>se busca recaudar fondos para Save a Girl Save a Generation<\/b>, que lucha contra la violencia de g\u00e9nero en \u00c1frica. En concreto, en esta edici\u00f3n, <b>la recaudaci\u00f3n va a ir a parar a Safe in Nairobi<\/b>, proyecto con el que se ofrece apoyo a mujeres v\u00edctimas de violencia de g\u00e9nero y a sus hijos en Kenia.<\/p>\n","protected":false},"excerpt":{"rendered":"La reina Letizia volvi\u00f3 a la actividad oficial despu\u00e9s de las vacaciones de verano m\u00e1s tarde de lo&hellip;\n","protected":false},"author":2,"featured_media":106044,"comment_status":"","ping_status":"","sticky":false,"template":"","format":"standard","meta":{"footnotes":""},"categories":[174],"tags":[6042,255,146,147,25,24,256,6041,1027,11362,28655,23],"class_list":{"0":"post-106043","1":"post","2":"type-post","3":"status-publish","4":"format-standard","5":"has-post-thumbnail","7":"category-famosos","8":"tag-casa-real","9":"tag-celebrities","10":"tag-entertainment","11":"tag-entretenimiento","12":"tag-es","13":"tag-espana","14":"tag-famosos","15":"tag-monarquia","16":"tag-realeza","17":"tag-reina-letizia","18":"tag-royals","19":"tag-spain"},"share_on_mastodon":{"url":"","error":""},"_links":{"self":[{"href":"https:\/\/www.europesays.com\/es\/wp-json\/wp\/v2\/posts\/106043","targetHints":{"allow":["GET"]}}],"collection":[{"href":"https:\/\/www.europesays.com\/es\/wp-json\/wp\/v2\/posts"}],"about":[{"href":"https:\/\/www.europesays.com\/es\/wp-json\/wp\/v2\/types\/post"}],"author":[{"embeddable":true,"href":"https:\/\/www.europesays.com\/es\/wp-json\/wp\/v2\/users\/2"}],"replies":[{"embeddable":true,"href":"https:\/\/www.europesays.com\/es\/wp-json\/wp\/v2\/comments?post=106043"}],"version-history":[{"count":0,"href":"https:\/\/www.europesays.com\/es\/wp-json\/wp\/v2\/posts\/106043\/revisions"}],"wp:featuredmedia":[{"embeddable":true,"href":"https:\/\/www.europesays.com\/es\/wp-json\/wp\/v2\/media\/106044"}],"wp:attachment":[{"href":"https:\/\/www.europesays.com\/es\/wp-json\/wp\/v2\/media?parent=106043"}],"wp:term":[{"taxonomy":"category","embeddable":true,"href":"https:\/\/www.europesays.com\/es\/wp-json\/wp\/v2\/categories?post=106043"},{"taxonomy":"post_tag","embeddable":true,"href":"https:\/\/www.europesays.com\/es\/wp-json\/wp\/v2\/tags?post=106043"}],"curies":[{"name":"wp","href":"https:\/\/api.w.org\/{rel}","templated":true}]}}