{"id":106051,"date":"2025-09-10T18:21:09","date_gmt":"2025-09-10T18:21:09","guid":{"rendered":"https:\/\/www.europesays.com\/es\/106051\/"},"modified":"2025-09-10T18:21:09","modified_gmt":"2025-09-10T18:21:09","slug":"feuerschwanz-estrenan-un-nuevo-video-para-valhalla-con-doro-pesch","status":"publish","type":"post","link":"https:\/\/www.europesays.com\/es\/106051\/","title":{"rendered":"FEUERSCHWANZ estrenan un nuevo v\u00eddeo para \u201cValhalla\u201d con Doro Pesch."},"content":{"rendered":"<p>\u00a0<\/p>\n<p><strong>FEUERSCHWANZ estrenan un nuevo v\u00eddeo para \u201cValhalla\u201d con <strong>Doro Pesch<\/strong>.<\/strong><br \/>\n<img fetchpriority=\"high\" decoding=\"async\" src=\"https:\/\/www.europesays.com\/es\/wp-content\/uploads\/2025\/09\/video_valhalla.jpg\" alt=\"FEUERSCHWANZ\" width=\"500\" height=\"267\"\/><\/p>\n<p><a href=\"https:\/\/feuerschwanz.de\/\" target=\"_blank\" rel=\"noopener nofollow\"><strong>FEUERSCHWANZ<\/strong><\/a> han estrenado un nuevo v\u00eddeo para el tema \u201cValhalla\u201d denominado versi\u00f3n \u00e9pica. En el tema participa la cantante <strong>Doro Pesch<\/strong>.<\/p>\n<p>\u00abEste tema no es solo para los hermanos de todo el mundo, tambi\u00e9n para TODOS los vikingos y valkirias que hay por ah\u00ed. Junto a la leyenda del metal Doro Pesch, llamamos a toda la comunidad del metal: Aguantemos codo con codo, renovemos el juramento y demostremos al mundo que todos tenemos algo en com\u00fan; el amor por el Heavy Metal. Juntos somos fuertes; aguantamos codo con codo. Paz, amor y Heavy Metal \u2013 Feuerschwanz.\u00bb<\/p>\n<p>A\u00f1ade <strong>Doro<\/strong>: \u00abEn cuanto escuch\u00e9 \u201cValhalla\u201d por primera vez, me qued\u00e9 enganchada inmediatamente y me encant\u00f3 la idea de grabar el tema juntos. Adem\u00e1s el v\u00eddeo es s\u00faper \u00e9pico. \u00a1Me encanta!\u00bb<\/p>\n<p><a href=\"https:\/\/feuerschwanz.de\/\" target=\"_blank\" rel=\"noopener nofollow\"><strong>FEUERSCHWANZ<\/strong><\/a> editaron el 25 de julio a trav\u00e9s de Napalm Records un nuevo disco titulado \u201cKnightclub\u201d.<\/p>\n<p>Todos los detalles en esta <a href=\"https:\/\/www.rafabasa.com\/2025\/02\/25\/nuevo-disco-de-feuerschwanz-knightclub\/\" rel=\"nofollow noopener\" target=\"_blank\">noticia<\/a> y los v\u00eddeos anteriores en <a href=\"https:\/\/www.rafabasa.com\/2025\/07\/08\/feuerschwanz-y-doro-estrenan-single-y-video-juntos-para-el-tema-valhalla\/\" rel=\"nofollow noopener\" target=\"_blank\">esta<\/a>.<\/p>\n<p>\u00a0<\/p>\n<p>\u00a0<\/p>\n<p>\u00a0<\/p>\n","protected":false},"excerpt":{"rendered":"\u00a0 FEUERSCHWANZ estrenan un nuevo v\u00eddeo para \u201cValhalla\u201d con Doro Pesch. FEUERSCHWANZ han estrenado un nuevo v\u00eddeo para&hellip;\n","protected":false},"author":2,"featured_media":106052,"comment_status":"","ping_status":"","sticky":false,"template":"","format":"standard","meta":{"footnotes":""},"categories":[170],"tags":[146,147,25,24,27254,184,185,23],"class_list":{"0":"post-106051","1":"post","2":"type-post","3":"status-publish","4":"format-standard","5":"has-post-thumbnail","7":"category-musica","8":"tag-entertainment","9":"tag-entretenimiento","10":"tag-es","11":"tag-espana","12":"tag-feuerschwanz","13":"tag-music","14":"tag-musica","15":"tag-spain"},"share_on_mastodon":{"url":"","error":""},"_links":{"self":[{"href":"https:\/\/www.europesays.com\/es\/wp-json\/wp\/v2\/posts\/106051","targetHints":{"allow":["GET"]}}],"collection":[{"href":"https:\/\/www.europesays.com\/es\/wp-json\/wp\/v2\/posts"}],"about":[{"href":"https:\/\/www.europesays.com\/es\/wp-json\/wp\/v2\/types\/post"}],"author":[{"embeddable":true,"href":"https:\/\/www.europesays.com\/es\/wp-json\/wp\/v2\/users\/2"}],"replies":[{"embeddable":true,"href":"https:\/\/www.europesays.com\/es\/wp-json\/wp\/v2\/comments?post=106051"}],"version-history":[{"count":0,"href":"https:\/\/www.europesays.com\/es\/wp-json\/wp\/v2\/posts\/106051\/revisions"}],"wp:featuredmedia":[{"embeddable":true,"href":"https:\/\/www.europesays.com\/es\/wp-json\/wp\/v2\/media\/106052"}],"wp:attachment":[{"href":"https:\/\/www.europesays.com\/es\/wp-json\/wp\/v2\/media?parent=106051"}],"wp:term":[{"taxonomy":"category","embeddable":true,"href":"https:\/\/www.europesays.com\/es\/wp-json\/wp\/v2\/categories?post=106051"},{"taxonomy":"post_tag","embeddable":true,"href":"https:\/\/www.europesays.com\/es\/wp-json\/wp\/v2\/tags?post=106051"}],"curies":[{"name":"wp","href":"https:\/\/api.w.org\/{rel}","templated":true}]}}