{"id":106060,"date":"2025-09-10T18:27:06","date_gmt":"2025-09-10T18:27:06","guid":{"rendered":"https:\/\/www.europesays.com\/es\/106060\/"},"modified":"2025-09-10T18:27:06","modified_gmt":"2025-09-10T18:27:06","slug":"sueldos-de-hasta-2-280-euros-en-zaragoza","status":"publish","type":"post","link":"https:\/\/www.europesays.com\/es\/106060\/","title":{"rendered":"sueldos de hasta 2.280 euros en Zaragoza"},"content":{"rendered":"<p class=\"paragraph\">Tras renovar su portal de empleo este verano, <b>Mercadona ha lanzado ofertas de trabajo en toda Espa\u00f1a con sueldos de m\u00e1s de 4.000 euros<\/b> para ingenieros y programadores. Se trata de\u00a0varias vacantes abiertas para trabajar en las oficinas de la cadena de supermercados. No obstante, la empresa de Juan Roig <a href=\"https:\/\/www.heraldo.es\/noticias\/economia\/2025\/03\/17\/ofertas-trabajo-mercadona-campana-verano-aragon-1807846.html\" title=\"M\u00e1s de 120 ofertas de empleo de Mercadona en Arag\u00f3n: 1.685 euros al mes y formaci\u00f3n espec\u00edfica\" target=\"_blank\" rel=\"nofollow noopener\">busca trabajadores para otros puestos como personal de supermercado y repartidores<\/a>. Muchas de ellas se pueden encontrar en Arag\u00f3n.<\/p>\n<p class=\"paragraph\">Concretamente, hay cinco ofertas de trabajo en la comunidad: tres en la <b>ciudad de Huesca<\/b> y dos en la provincia de Zaragoza, <b>en Ejea de los Caballeros<\/b>. Estos son todos los detalles.<\/p>\n<p>Ofertas de empleo de Mercadona en Ejea de los Caballeros<\/p>\n<p class=\"paragraph\">Tal y como indican en su portal de empleo, donde los interesados pueden inscribirse en las ofertas, Mercadona busca diferentes perfiles de personal para trabajar en sus supermercados.\u00a0Para quienes les guste interactuar con los clientes y moverse en un entorno din\u00e1mico, <b>la cadena oferta un puesto de personal de supermercado<\/b> para el que ofrecen formaci\u00f3n remunerada, proyecci\u00f3n laboral dentro de la empresa y horario conocido el d\u00eda 20 del mes anterior. Seg\u00fan lo que el interesado especifique en su inscripci\u00f3n para la oferta, Mercadona ofrece:<\/p>\n<ul>\n<li><b>Por un contrato de 40 horas\/semana<\/b>: jornadas semanales de 5 d\u00edas, turnos rotativos de ma\u00f1ana y tarde y retribuci\u00f3n mensual bruta con progresi\u00f3n salarial de 1.685 hasta 2.280 euros<\/li>\n<li><b>Por un contrato de 20 horas\/semana<\/b>: jornadas semanales de 5 o 3 d\u00edas, seg\u00fan necesidad, turnos fijos y\/o rotativos y retribuci\u00f3n mensual bruta con progresi\u00f3n salarial de 843 a 1.140 euros<\/li>\n<li><b>Por un contrato de 15 horas\/semana<\/b>: jornadas semanales de 2 d\u00edas y retribuci\u00f3n mensual bruta con progresi\u00f3n salarial de\u00a0632 a 855 euros<\/li>\n<\/ul>\n<p class=\"paragraph\">Para el <b>puesto de repartidor\/a para supermercado en Ejea de los Caballeros<\/b>, ideal para quienes sean responsables y les guste conducir y el contacto con el cliente, Mercadona ofrece formaci\u00f3n remunerada, proyecci\u00f3n laboral dentro de la empresa y horario conocido el d\u00eda 20 del mes anterior. Por un <b>contrato de 40 horas\/semana<\/b>: jornadas semanales de 5 d\u00edas, turnos rotativos de ma\u00f1ana y tarde y retribuci\u00f3n mensual bruta con progresi\u00f3n salarial de 1.685 hasta 2.280 euros.<\/p>\n","protected":false},"excerpt":{"rendered":"Tras renovar su portal de empleo este verano, Mercadona ha lanzado ofertas de trabajo en toda Espa\u00f1a con&hellip;\n","protected":false},"author":2,"featured_media":106061,"comment_status":"","ping_status":"","sticky":false,"template":"","format":"standard","meta":{"footnotes":""},"categories":[80],"tags":[82,95,94,5509,25,24,1557,4973,3053,23,13243,2752,491],"class_list":{"0":"post-106060","1":"post","2":"type-post","3":"status-publish","4":"format-standard","5":"has-post-thumbnail","7":"category-economia","8":"tag-business","9":"tag-economia","10":"tag-economy","11":"tag-empleo","12":"tag-es","13":"tag-espana","14":"tag-euros","15":"tag-mercadona","16":"tag-personal","17":"tag-spain","18":"tag-sueldos","19":"tag-trabajo","20":"tag-zaragoza"},"share_on_mastodon":{"url":"","error":""},"_links":{"self":[{"href":"https:\/\/www.europesays.com\/es\/wp-json\/wp\/v2\/posts\/106060","targetHints":{"allow":["GET"]}}],"collection":[{"href":"https:\/\/www.europesays.com\/es\/wp-json\/wp\/v2\/posts"}],"about":[{"href":"https:\/\/www.europesays.com\/es\/wp-json\/wp\/v2\/types\/post"}],"author":[{"embeddable":true,"href":"https:\/\/www.europesays.com\/es\/wp-json\/wp\/v2\/users\/2"}],"replies":[{"embeddable":true,"href":"https:\/\/www.europesays.com\/es\/wp-json\/wp\/v2\/comments?post=106060"}],"version-history":[{"count":0,"href":"https:\/\/www.europesays.com\/es\/wp-json\/wp\/v2\/posts\/106060\/revisions"}],"wp:featuredmedia":[{"embeddable":true,"href":"https:\/\/www.europesays.com\/es\/wp-json\/wp\/v2\/media\/106061"}],"wp:attachment":[{"href":"https:\/\/www.europesays.com\/es\/wp-json\/wp\/v2\/media?parent=106060"}],"wp:term":[{"taxonomy":"category","embeddable":true,"href":"https:\/\/www.europesays.com\/es\/wp-json\/wp\/v2\/categories?post=106060"},{"taxonomy":"post_tag","embeddable":true,"href":"https:\/\/www.europesays.com\/es\/wp-json\/wp\/v2\/tags?post=106060"}],"curies":[{"name":"wp","href":"https:\/\/api.w.org\/{rel}","templated":true}]}}