{"id":106070,"date":"2025-09-10T18:32:18","date_gmt":"2025-09-10T18:32:18","guid":{"rendered":"https:\/\/www.europesays.com\/es\/106070\/"},"modified":"2025-09-10T18:32:18","modified_gmt":"2025-09-10T18:32:18","slug":"juan-ortega-ante-su-debut-en-la-glorieta-no-soy-ambicioso-con-el-dinero-pero-si-por-torear-mejor-que-nadie","status":"publish","type":"post","link":"https:\/\/www.europesays.com\/es\/106070\/","title":{"rendered":"Juan Ortega, ante su debut en La Glorieta: \u00abNo soy ambicioso con el dinero, pero s\u00ed por torear mejor que nadie\u00bb"},"content":{"rendered":"<p><a class=\"v-mdl-ath__fig-a\" href=\"https:\/\/www.lagacetadesalamanca.es\/autor\/javier-lorenzo-5975.html\" title=\"Javier Lorenzo\" rel=\"nofollow noopener\" target=\"_blank\"><br \/>\n<img decoding=\"async\" class=\"v-mdl-ath__img\" src=\"https:\/\/www.europesays.com\/es\/wp-content\/uploads\/2025\/08\/autor-5975-foto-1.png\" alt=\"Javier Lorenzo\"\/><br \/>\n<\/a><\/p>\n<p class=\"v-mdl-ath__p v-mdl-ath__p--6\">\nMi\u00e9rcoles, 10 de septiembre 2025, 07:42<\/p>\n<p class=\"v-p\">Impecable, en la forma y en el trato. Sensibilidad pura. Educaci\u00f3n. Avis\u00f3 de que iba a llegar con diez minutos de retraso y ni siquiera se pas\u00f3 un minuto. Aguardaba en el patio de cuadrillas a la hora convenida un torero. Zapatos castellanos negros, pantal\u00f3n de vestir gris marengo, camisa blanca y americana en tono beige, a la que le da color una corbata de fondo granate. Enjuto y fino como una vara. Paciente y calmo. <strong>La paz efervescente de quien juega con la muerte en busca del arte<\/strong>. De la huella. De parar el tiempo. Juan Ortega pis\u00f3 ayer por primera vez La Glorieta. Hab\u00eda madrugado de su Triana natal para cumplir la cita con LA GACETA. Es el torero debutante y el aliciente en la Feria. El torero de las pasiones y las broncas. Dice que nunca vivi\u00f3 una temporada con tantos contrastes. Le impact\u00f3 el patio de cuadrillas; y en cuanto descubri\u00f3 la capilla pregunt\u00f3 si pod\u00eda acceder a ella. Y all\u00ed permaneci\u00f3 unos minutos en solitario. Pis\u00f3 el ruedo como solo lo saben pisar los toreros elegidos. Y ah\u00ed ya qued\u00f3 prendado. \u00c1ngel Almeida se empe\u00f1\u00f3 en subirlo a la misma andanada del coso en busca de la mejor fotograf\u00eda y juntos cruzamos en ruedo en su primer improvisado pase\u00edllo. Estaba abierta la puerta grande; y por ella tambi\u00e9n sali\u00f3 descubriendo la inmensidad de la explanada m\u00e1s torera del toreo. Y a los tres colosos, <strong>El Viti, Capea y Robles.<\/strong> Se detuvo ante la del genial maestro de Vitigudino y la admir\u00f3 con la misma sensibilidad que tiene su toreo. Le cuento c\u00f3mo, de la pandemia a esta parte, se pone de imponente la explanada de la puerta grande con miles de aficionados d\u00e1ndole calor a los toreros que salen en volandas. Y sue\u00f1a con un triunfo en esta plaza de la que dice que le sorprendi\u00f3 \u00ablo grande que es el ruedo\u00bb y \u00abel color rojizo de la arena\u00bb. Volvimos al ruedo y deshicimos el paseo hasta volver al patio de cuadrillas, no le import\u00f3 ir a los corrales y ver la corrida de Garcigrande que le aguarda hasta el domingo de su presentaci\u00f3n. Y, de vuelta, le robamos por unos minutos su despacho a Mateo Carre\u00f1o, donde custodia verdaderas reliquias con fotos antiqu\u00edsimas del origen de una plaza m\u00e1s que centenaria con las que se deshizo de curiosidad. All\u00ed hicimos la entrevista. <strong>Una hora de toros. Sin guion. Improvisaci\u00f3n pura. Iba surgiendo de una manera fluida, mientras el torero desvelaba sus inquietudes,<\/strong> su manera de entender la vida y el toreo. Habla Juan Ortega, con la misma naturalidad con la que torea, con la misma despaciosidad. Ese reloj de arena con el que el trianero cuenta los d\u00edas para su pase\u00edllo en Salamanca bien podr\u00eda ser el s\u00edmbolo de su toreo. Tambi\u00e9n su identidad.<\/p>\n<p class=\"v-p\"><strong>Tras descubrir La Glorieta, \u00bfqu\u00e9 tiene esta plaza de distinta respecto a otras?<\/strong><\/p>\n<p class=\"v-p\">\u2014Me alegro de haber venido, unos d\u00edas antes de torear. Los d\u00edas de corrida te pierdes detalles, llegas con tus preocupaciones, con miedo&#8230; Y estas plazas as\u00ed, son una joya para disfrutar. Verlas me alimenta el alma; cuando veo plazas as\u00ed de cuidadas me genera alegr\u00eda y paz. Lo que m\u00e1s triste me pone es cuando llego a una plaza, bien sea una de toros o en una de tientas, cuando la veo con cierto abandono, con hierbas, rotos que no est\u00e1 bien pintada&#8230; Eso me da pena.<\/p>\n<p class=\"v-p\"><strong>\u00bfQu\u00e9 sabe Ortega de Salamanca?<\/strong><\/p>\n<p class=\"v-p\">\u2014Era la gran desconocida. No ha sido hasta hace un par de a\u00f1os o tres cuando empec\u00e9 a conocer el campo en Salamanca, a los ganaderos y a aficionados. Y ha sido una gran sorpresa, para bien. Es gente, no s\u00e9 si \u00abseria\u00bb es la palabra, reservada, educada. Y muy de verdad, con mucha entrega; con los que me he sentido y siento muy a gusto.<\/p>\n<p class=\"v-p\"><strong>\u00bfCon qui\u00e9n le hubiera gustado torear en esta plaza?<\/strong><\/p>\n<p class=\"v-p\">\u2014En este sentido he estado muy influenciado por mi padre. \u00c9l era muy del maestro Camino, y le gustaba El Viti, de quien me habl\u00f3 mucho. Luego tuve la oportunidad de conocer al maestro Capea. Y lo admiro, como torero y como persona. Con esos dos maestros f\u00edjate ya el cartel.<\/p>\n<p><img decoding=\"async\" loading=\"lazy\" src=\"https:\/\/www.europesays.com\/es\/wp-content\/uploads\/2025\/09\/toros 2025 entrevista (22194470)-U06870081137fbD-650x455@Gaceta Salamanca.jpg\" class=\"v-a-img\" width=\"748\" height=\"524\" alt=\"Juan Ortega, ante la escultura del maestro Santiago Mart\u00edn 'El Viti' en la explanada de la puerta grande de La Glorieta.\" data-voc-vtm-id=\"in-text-traffic\"\/><\/p>\n<p>Juan Ortega, ante la escultura del maestro Santiago Mart\u00edn &#8216;El Viti&#8217; en la explanada de la puerta grande de La Glorieta.<\/p>\n<p><img loading=\"lazy\" decoding=\"async\" src=\"https:\/\/www.europesays.com\/es\/wp-content\/uploads\/2025\/09\/toros 2025 entrevista (22194470)-U06870081137fbD-650x455@Gaceta Salamanca.jpg\" class=\"v-mdl__img-z\" width=\"748\" height=\"524\" alt=\"\"\/><\/p>\n<p class=\"v-p\"><strong>Se le iluminan los ojos hablando de su padre, que dice fue su primer maestro y la primera persona que le empez\u00f3 a hablar de toros&#8230; \u00bfEl torero nace o se hace?<\/strong><\/p>\n<p class=\"v-p\">\u2014Creo que torero se nace. El torero yo creo que nace y esas condiciones te las da tu madre, te da Dios y eso es con lo que te lleva. Lo que s\u00ed se aprende luego es a torear. Para m\u00ed el toreo es, como dec\u00eda Pepe Alameda, el hilo del toreo. Es importante dar en la vida con gente que te alimente y con gente que te marque un buen camino a aprender a torear.<\/p>\n<p class=\"v-p\"><strong>Y a torear como torea Juan Ortega, \u00bfse aprende o hay que nacer con algo?<\/strong><\/p>\n<p class=\"v-p\">\u2014Pues ah\u00ed llevo un poquito de las dos cosas, la verdad.<\/p>\n<p class=\"v-p\"><strong>\u00bfEs ya el torero que so\u00f1aba de peque\u00f1o? \u00bfO entendi\u00f3 que pudo ser otro?<\/strong><\/p>\n<p class=\"v-p\">\u2014Siempre he sentido el toreo como mi medio de esparcirme, es lo que me libera, lo que me hace feliz. Lo entiendo como una cosa natural; ahora mismo no lo sabr\u00eda hacer de otra manera.<\/p>\n<p class=\"v-p\"><strong>\u00bfUn torero sue\u00f1a con torear en Salamanca o es una parada m\u00e1s?<\/strong><\/p>\n<p class=\"v-p\">\u2014Desde que se cerr\u00f3, la espero con un deseo especial&#8230; Hay d\u00edas y plazas de las que con la vor\u00e1gine del a\u00f1o, no me acuerdo del d\u00eda, lo tengo que ir mirando o te l\u00edas con las fechas. Pero hay plazas y fechas de las que no te olvidas. Y eso a mi me pasa con el 14 de septiembre y Salamanca. Desde que supe la fecha de La Glorieta ha sido una cuenta atr\u00e1s.<\/p>\n<p class=\"v-p\"><strong>La despaciosidad va muy ligada a Juan Ortega, en todo, en como interpretar el toreo y me da que en su propia vida.<\/strong><\/p>\n<p class=\"v-p\">\u2014El toro parece que siempre te lleva a todo lo contrario&#8230; El toro es pura agresividad, violencia, es pura velocidad. Y me parece tan dif\u00edcil hacer las cosas m\u00edas, hacerlas despacio, hacer las cosas sin brusquedad delante del toro. Y es algo que me gustar\u00eda alcanzar tal y como yo entiendo el toreo. Torear despacio.<\/p>\n<p class=\"v-p\"><strong>Entiendo que hay dos maneras con las que se marcan las diferencias en el toreo. El que se pasa m\u00e1s cerca los toros que el resto y el que torea m\u00e1s despacio que los dem\u00e1s.<\/strong><\/p>\n<p class=\"v-p\">\u2014Esas dos cosas dan mucho miedo. Cuando los animales pasan roz\u00e1ndote da mucho miedo. Y como es l\u00f3gico, cuanto m\u00e1s despacio pasa, m\u00e1s miedo da. No es lo mismo que el muletazo dure esto, que dure m\u00e1s. El toreo es as\u00ed, todo lo que cuesta trabajo es lo que da m\u00e1s miedo. Te despierta muchas sensaciones y a la vez se transmite enseguida. Ese punto de ser capaz de imponer tu ritmo al toro y que tenga armon\u00eda y comp\u00e1s, que haya reuni\u00f3n, es algo que me llena tanto que algunas veces lo dejo en un segundo plano. Muchas veces me dicen que me enganchan mucho, que no me ubico en la plaza&#8230; y es verdad, tienes raz\u00f3n porque hay momentos en los que intento imponer el ritmo, la velocidad y hay animales a los que soy capaz de imponerme y otros que no. Entonces aquello es un desaf\u00edo pero no me importa. A veces sacrifico el orden con tal lograr las cosas como las siento y como las quiero.<\/p>\n<p class=\"v-p\"><strong>\u00bfEsos desarmes no tienen que ver tambi\u00e9n por c\u00f3mo agarra la muleta con las yemas para que fluya el toreo?<\/strong><\/p>\n<p class=\"v-p\">\u2014Mira, te voy a contar una cosa muy bonita que me dijo un d\u00eda el maestro Pepe Luis Vargas, que a su vez le dijo el maestro Pep\u00edn Mart\u00edn V\u00e1zquez. Un d\u00eda estando con el maestro le dijo: Mira t\u00fa tienes que coger los av\u00edos como si, cogieses un p\u00e1jaro con las manos. Entonces tienes que apretarlo lo justo para que no se vaya y a la vez con delicadeza. Me encant\u00f3. Entonces \u00bfc\u00f3mo hay que coger la muleta? Pues como si tuvieses un p\u00e1jaro en la mano. Lo justo para que no se caiga, pero sin aperturas si no&#8230; No hay naturalidad. Matas aquello. Y ah\u00ed s\u00ed que uno se siente due\u00f1o. Eso s\u00ed, no siempre se puede. Cuando sale el toro hay veces que aprieto el estaquillador m\u00e1s que nadie.<\/p>\n<p class=\"v-p\"><strong>\u00bfQu\u00e9 momento hay en el ruedo en el que no se cambia por nadie?<\/strong><\/p>\n<p class=\"v-p\">\u2014Cuando soy capaz de dejar mi cuerpo, mi miedo, mis inseguridades, mis barreras en segundo plano y olvidarme de ellas. Y luego cuando siento que el animal ya est\u00e1 para m\u00ed, siento que ya he sido capaz de imponerle mis cosas. Ambos los persigo, los busco y cuando los alcanzo me genera mucha satisfacci\u00f3n.<\/p>\n<p><img decoding=\"async\" loading=\"lazy\" src=\"https:\/\/www.europesays.com\/es\/wp-content\/uploads\/2025\/09\/toros 2025 entrevista (22194506)-U35587506888ZLk-1200x841@Gaceta Salamanca.jpg\" class=\"v-mdl__img-z\" width=\"1200\" height=\"841\" alt=\"Imagen principal - Juan Ortega, ante su debut en La Glorieta: \u00abNo soy ambicioso con el dinero, pero s\u00ed por torear mejor que nadie\u00bb\"\/><\/p>\n<p><img decoding=\"async\" loading=\"lazy\" src=\"https:\/\/www.europesays.com\/es\/wp-content\/uploads\/2025\/09\/toros 2025 entrevista (22194465)-U42802188801vXq-1200x851@Gaceta Salamanca.jpg\" class=\"v-mdl__img-z\" width=\"1200\" height=\"851\" alt=\"Imagen secundaria 1 - Juan Ortega, ante su debut en La Glorieta: \u00abNo soy ambicioso con el dinero, pero s\u00ed por torear mejor que nadie\u00bb\"\/><\/p>\n<p><img decoding=\"async\" loading=\"lazy\" src=\"https:\/\/www.europesays.com\/es\/wp-content\/uploads\/2025\/09\/toros 2025 entrevista (22194435)-U41726827627HhV-711x841@Gaceta Salamanca.jpg\" class=\"v-mdl__img-z\" width=\"711\" height=\"841\" alt=\"Imagen secundaria 2 - Juan Ortega, ante su debut en La Glorieta: \u00abNo soy ambicioso con el dinero, pero s\u00ed por torear mejor que nadie\u00bb\"\/><\/p>\n<p class=\"v-p\"><strong>\u00bfSentirse con esa capacidad innata y ser due\u00f1o de ese concepto invita a relajarse o a despertar la ambici\u00f3n?<\/strong><\/p>\n<p class=\"v-p\">\u2014Para m\u00ed la pureza es la fidelidad a lo que sientes de verdad. Entonces cuando los toreros son as\u00ed, en ese camino de b\u00fasqueda constante, no se acomodan. Lo hacen cuando tiras por la calle de en medio. Cuando tu objetivo ya no es el que sientes sino cortar las orejas, se entra en un camino complicado. No vas a dejar huella. Creo que los toreros buenos, en contra de lo que se piensa, creo que son los m\u00e1s ambiciosos, porque no paran de buscar su tauromaquia, la profundidad y la pureza. En esa b\u00fasqueda se sufre much\u00edsimo. Es ingrata porque buscas y la mayor\u00eda de las veces no encuentras.<\/p>\n<p class=\"v-p\"><strong>\u00bfEst\u00e1 en ese grupo?<\/strong><\/p>\n<p class=\"v-p\">\u2014Intento. Me considero ambicioso, no en el dinero ni en mi posici\u00f3n, pero s\u00ed en esa b\u00fasqueda. El otro d\u00eda me dio por mirar el escalaf\u00f3n y vi que tengo una ruina de orejas que prefiero no mirar la verdad. Ahora, s\u00ed me considero muy ambicioso por querer ser el mejor torero o el que mejor torea. Eso s\u00ed me motiva, me llena y hace que cada d\u00eda despierte con ilusi\u00f3n. Esa b\u00fasqueda le da sentido a mi vida.<\/p>\n<p class=\"v-p\"><strong>Me cuesta ver a Juan Ortega buscando la estad\u00edstica, buscando las orejas&#8230;<\/strong><\/p>\n<p class=\"v-p\">\u2014Pues me encanta cortar orejas, porque es como el reconocimiento a tu obra. Me encanta salir a hombros, me gusta y por eso te dije lo de cuando mir\u00e9 el otro d\u00eda el escalaf\u00f3n por poco me deprimo. No es mi fin, para m\u00ed es una consecuencia.<\/p>\n<p class=\"v-p\"><strong>\u00bfC\u00f3mo est\u00e1 siendo la temporada?<\/strong><\/p>\n<p class=\"v-p\">\u2014Me tiene desconcertado, porque estoy siendo capaz de hacerle cosas a los animales que nunca fui capaz. Darle a mi toreo una expresi\u00f3n a la que siento antes me costaba. Sin embargo, tambi\u00e9n estoy pegando los mayores petardos de mi vida. He tenido tardes malas como cualquiera, pero no s\u00e9, no me hab\u00eda pasado nunca que la gente se enfade tanto conmigo y han sido tardes muy desagradables. No estoy teniendo t\u00e9rmino medio.<\/p>\n<p class=\"v-p\"><strong>\u00bfCu\u00e1ndo hizo sus mejores faenas?<\/strong><\/p>\n<p class=\"v-p\">\u2014Al pensar que estaba todo perdido.<\/p>\n<p class=\"v-p\"><strong>\u00bfY eso tambi\u00e9n le pasa en su vida?<\/strong><\/p>\n<p class=\"v-p\">\u2014S\u00ed, s\u00ed. Y como te dec\u00eda antes, me siento una persona ambiciosa, pero ambiciosa en esa b\u00fasqueda. Ser ambicioso como torero y como persona, en crecer y no quedarme en un sitio, en buscar.<\/p>\n<p class=\"v-p\"><strong>Pocos le cantan c\u00f3mo mata los toros&#8230;<\/strong><\/p>\n<p class=\"v-p\">\u2014Ah\u00ed se pasa mucho miedo, pero ser\u00e1 de los momentos de m\u00e1s verdad y es un momento bell\u00edsimo, de los m\u00e1s. Me gustar\u00eda que no se convirtiese en un tr\u00e1mite para quitarte el toro de en medio. Me encantar\u00eda llegar a matar los toros despacio.<\/p>\n<p class=\"v-p\"><strong>Al maestro Pepe Luis Vargas, que le acompa\u00f1a siempre, da gusto escucharle hablar de toros. \u00bfQu\u00e9 consejo le dio que no olvidar\u00e1 jam\u00e1s?<\/strong><\/p>\n<p class=\"v-p\">\u2014El maestro es un hombre genial, y como todas las personas geniales no es f\u00e1cil. Aprendo mucho de \u00e9l. En su d\u00eda a d\u00eda ama tanto el toreo y lo prioriza tanto que lo pone por encima de su propia vida. Ese es el mejor ejemplo o su mejor legado. C\u00f3mo siente el torero, con qu\u00e9 sutileza y sensibilidad, con qu\u00e9 gusto.<\/p>\n<p class=\"v-p\"><strong>\u00bfQu\u00e9 le dijo que no hiciera nunca?<\/strong><\/p>\n<p class=\"v-p\">\u2014Cualquier cosa que se aleja de la verdad en el toreo, de la entrega, de la pureza. Lo detesta. Entonces cualquier momento que tienda a aliviarse un poco. Muchas veces lo haces sin darte cuenta; es el propio cuerpo, la propia mente la que te hace coger caminos que son un poquito m\u00e1s livianos. Con eso no puede.<\/p>\n<p class=\"v-p\"><strong>\u00bfCu\u00e1l es la pregunta m\u00e1s impertinente que le hicieron?<\/strong><\/p>\n<p class=\"v-p\">\u2014En las entrevistas me gusta tener a la persona delante. Ah\u00ed se evitan malos entendidos y lo que t\u00fa crees que es una impertinencia en el fondo no lo es. Entiendo el inter\u00e9s de la gente por conocerte personalmente y ah\u00ed uno tiende a protegerse. Los temas personales , si tienes novia, si tal o cual&#8230; son cosas personales que uno siente que no van m\u00e1s all\u00e1.<\/p>\n<p class=\"v-p\"><strong>Y ah\u00ed aparece el hombre y el torero. \u00bfEl torero debe estar por encima del estado del hombre?<\/strong><\/p>\n<p class=\"v-p\">\u2014Lo dec\u00eda el maestro Juan Belmonte, se torea como se es. Y dec\u00eda el maestro Emilio Mu\u00f1oz, y c\u00f3mo se est\u00e1. Es la verdad, se torea como se es y c\u00f3mo se est\u00e1. Y los toreros tenemos que hacer un esfuerzo por estar bien. Muchas veces te preocupas del vestido, la ganader\u00eda, que si la muleta, que si el capote est\u00e9 usado, que si va a ir m\u00e1s o menos gente&#8230; y se descuida el interior, la persona y cuando est\u00e1s ante del toro lo que sale es un reflejo de lo que eres y de como est\u00e1s.<\/p>\n<p class=\"v-p\"><strong>Y, ahora mismo, \u00bfc\u00f3mo est\u00e1?<\/strong><\/p>\n<p class=\"v-p\">\u2014Mira, ahora mismo me siento en plenitud. Me siento torero desde que me levanto. Para m\u00ed el toreo no es una profesi\u00f3n, es una forma de vida. Esa es una de las claves, hacer del toreo tu forma de vida. Entonces es cuando sales a la plaza y sacas lo que eres. Ahora mismo el toreo la prioridad es en mi vida. Y me siento orgulloso de haber llegado a ese punto. Cuesta trabajo llegar ah\u00ed, se sufre, se toman muchas decisiones, una vez es acertada, otras veces no, pero te obliga a tomar un camino. Y yo estoy en \u00e9l.<\/p>\n<p>Comenta<\/p>\n<p>Reporta un error<\/p>\n","protected":false},"excerpt":{"rendered":"Mi\u00e9rcoles, 10 de septiembre 2025, 07:42 Impecable, en la forma y en el trato. Sensibilidad pura. Educaci\u00f3n. Avis\u00f3&hellip;\n","protected":false},"author":2,"featured_media":106071,"comment_status":"","ping_status":"","sticky":false,"template":"","format":"standard","meta":{"footnotes":""},"categories":[277],"tags":[5686,1575,373,5437,168,534,25,24,34813,409,1684,4813,23,167,19428,374],"class_list":{"0":"post-106070","1":"post","2":"type-post","3":"status-publish","4":"format-standard","5":"has-post-thumbnail","7":"category-toreo","8":"tag-ambicioso","9":"tag-ante","10":"tag-bullfighting","11":"tag-debut","12":"tag-deportes","13":"tag-dinero","14":"tag-es","15":"tag-espana","16":"tag-glorieta","17":"tag-juan","18":"tag-mejor","19":"tag-ortega","20":"tag-spain","21":"tag-sports","22":"tag-torear","23":"tag-toreo"},"share_on_mastodon":{"url":"","error":""},"_links":{"self":[{"href":"https:\/\/www.europesays.com\/es\/wp-json\/wp\/v2\/posts\/106070","targetHints":{"allow":["GET"]}}],"collection":[{"href":"https:\/\/www.europesays.com\/es\/wp-json\/wp\/v2\/posts"}],"about":[{"href":"https:\/\/www.europesays.com\/es\/wp-json\/wp\/v2\/types\/post"}],"author":[{"embeddable":true,"href":"https:\/\/www.europesays.com\/es\/wp-json\/wp\/v2\/users\/2"}],"replies":[{"embeddable":true,"href":"https:\/\/www.europesays.com\/es\/wp-json\/wp\/v2\/comments?post=106070"}],"version-history":[{"count":0,"href":"https:\/\/www.europesays.com\/es\/wp-json\/wp\/v2\/posts\/106070\/revisions"}],"wp:featuredmedia":[{"embeddable":true,"href":"https:\/\/www.europesays.com\/es\/wp-json\/wp\/v2\/media\/106071"}],"wp:attachment":[{"href":"https:\/\/www.europesays.com\/es\/wp-json\/wp\/v2\/media?parent=106070"}],"wp:term":[{"taxonomy":"category","embeddable":true,"href":"https:\/\/www.europesays.com\/es\/wp-json\/wp\/v2\/categories?post=106070"},{"taxonomy":"post_tag","embeddable":true,"href":"https:\/\/www.europesays.com\/es\/wp-json\/wp\/v2\/tags?post=106070"}],"curies":[{"name":"wp","href":"https:\/\/api.w.org\/{rel}","templated":true}]}}