{"id":106088,"date":"2025-09-10T18:42:08","date_gmt":"2025-09-10T18:42:08","guid":{"rendered":"https:\/\/www.europesays.com\/es\/106088\/"},"modified":"2025-09-10T18:42:08","modified_gmt":"2025-09-10T18:42:08","slug":"un-adelanto-del-libro-de-kamala-harris-revela-detalles-ineditos-sobre-la-campana-presidencial-de-2024","status":"publish","type":"post","link":"https:\/\/www.europesays.com\/es\/106088\/","title":{"rendered":"Un adelanto del libro de Kamala Harris revela detalles in\u00e9ditos sobre la campa\u00f1a presidencial de 2024"},"content":{"rendered":"<p><img alt=\"Kamala Harris califica de &quot;imprudencia&quot;\" class=\"global-image\" decoding=\"async\" fetchpriority=\"high\" height=\"533\" loading=\"eager\" src=\"https:\/\/www.europesays.com\/es\/wp-content\/uploads\/2025\/09\/BGBCFFZAG5DSPJVLJ6ZNHQKVHM.JPG\" width=\"800\"\/>Kamala Harris califica de \u00abimprudencia\u00bb dejar en manos de Biden la decisi\u00f3n de buscar la reelecci\u00f3n (Foto: Saul Loeb\/Pool v\u00eda REUTERS)<\/p>\n<p class=\"paragraph\">La exvicepresidenta <b>Kamala Harris<\/b> afirma que fue una \u201cimprudencia\u201d por parte de los dem\u00f3cratas dejar en manos del presidente <b>Joe Biden<\/b> la decisi\u00f3n de seguir buscando otro mandato, pero defiende su capacidad para desempe\u00f1ar el cargo, seg\u00fan un extracto de su nuevo libro <b>107 D\u00edas<\/b>.<\/p>\n<p class=\"paragraph\">Harris, en un fragmento publicado por The Atlantic, escribe que, mientras surg\u00edan preguntas sobre si <b>Biden<\/b>, que entonces ten\u00eda 81 a\u00f1os, deb\u00eda buscar la reelecci\u00f3n, ella y otros dejaron la decisi\u00f3n en manos de \u00e9l y de la primera dama <b>Jill Biden<\/b>. \u201c\u00bfFue generosidad o imprudencia? En retrospectiva, creo que fue imprudencia\u201d, escribe Harris.<\/p>\n<p class=\"paragraph\">Con estas palabras es la primera vez que Harris critica p\u00fablicamente la decisi\u00f3n de Biden de postularse nuevamente, una decisi\u00f3n que lo llev\u00f3 a retirarse en julio de 2024 tras un desastroso desempe\u00f1o en un debate, dej\u00e1ndola a ella al frente de la candidatura dem\u00f3crata y, finalmente, perdiendo ante el republicano <b>Donald Trump<\/b>. \u201cLas apuestas eran simplemente demasiado altas\u201d, escribe Harris en el libro. \u201cEsta no era una elecci\u00f3n que debiera haberse dejado al ego de una persona, a la ambici\u00f3n de una persona. Deber\u00eda haber sido m\u00e1s que una decisi\u00f3n personal.\u201d<\/p>\n<p><img alt=\"La exvicepresidenta defiende la capacidad\" class=\"global-image\" decoding=\"async\" fetchpriority=\"low\" height=\"2658\" loading=\"lazy\" src=\"https:\/\/www.europesays.com\/es\/wp-content\/uploads\/2025\/09\/KMM4ZR4CSRAPLK2VYU3SIXST7E.JPG\" width=\"3987\"\/>La exvicepresidenta defiende la capacidad de Biden pero se\u00f1ala su cansancio y tropiezos en 2024 (Foto: archivo REUTERS\/Brian Snyder)<\/p>\n<p class=\"paragraph\">La oficina de <b>Biden<\/b> no hizo comentarios al respecto. Durante toda la campa\u00f1a y despu\u00e9s de ella, Harris hab\u00eda evitado criticar al expresidente y lo defendi\u00f3 ante las preguntas sobre su agudeza mental. En el extracto del libro, Harris sigue defendiendo la capacidad de <b>Biden <\/b>para desempe\u00f1ar el cargo, pero lo describe en 2024, y especialmente en el momento de su \u201cdebacle en el debate\u201d, como \u201ccansado\u201d.<\/p>\n<p class=\"paragraph\">\u201cEn su peor d\u00eda, \u00e9l ten\u00eda un conocimiento m\u00e1s profundo, y era m\u00e1s capaz de ejercer juicio y mucho m\u00e1s compasivo que <b>Donald Trump<\/b> en su mejor d\u00eda. Pero a los 81 a\u00f1os, Joe se cansaba. Ah\u00ed es cuando su edad se notaba en tropiezos f\u00edsicos y verbales\u201d, escribe Harris. \u201cNo creo que sea ninguna sorpresa que la debacle del debate ocurriera justo despu\u00e9s de dos viajes consecutivos a Europa y un vuelo a la Costa Oeste para una recaudaci\u00f3n de fondos en Hollywood. No creo que fuera incapacidad.\u201d Agrega que, si hubiera cre\u00eddo que <b>Biden <\/b>estaba incapacitado, lo habr\u00eda dicho por lealtad al pa\u00eds.<\/p>\n<p class=\"paragraph\">Harris tambi\u00e9n culpa a quienes rodean al ex primer mandatario por la cobertura medi\u00e1tica desfavorable durante el tiempo que ella fue vicepresidenta y por sacrificarla para mejorar su imagen p\u00fablica. Por eso escribe sobre el alto nivel de escrutinio que recibi\u00f3 como la primera vicepresidenta mujer, pero dice que \u201ccuando las historias eran injustas o inexactas, el c\u00edrculo \u00edntimo del presidente parec\u00eda estar de acuerdo. De hecho, parec\u00eda como si hubieran decidido que yo deb\u00eda ser derribada un poco m\u00e1s.\u201d<\/p>\n<p><img alt=\"La exvicepresidenta afirma que su\" class=\"global-image\" decoding=\"async\" fetchpriority=\"low\" height=\"3571\" loading=\"lazy\" src=\"https:\/\/www.europesays.com\/es\/wp-content\/uploads\/2025\/09\/W2WFFFZ6P5EIBBLEERIM7BOHXE.jpg\" width=\"5000\"\/>La exvicepresidenta afirma que su \u00e9xito era clave para la imagen de Biden ante el p\u00fablico (Foto: archivo REUTERS\/Evelyn Hockstein)<\/p>\n<p class=\"paragraph\">Harris escribe que a menudo se enteraba de que el personal de <b>Biden<\/b> \u201calimentaba las narrativas negativas\u201d que la rodeaban, como historias sobre su oficina vicepresidencial estando en desorden y con alta rotaci\u00f3n de personal.<\/p>\n<p class=\"paragraph\">La exvicepresidenta tambi\u00e9n acusa al personal de <b>Biden<\/b> de temer que ella lo eclipsara, describiendo un discurso que dio en Selma, Alabama, en marzo del a\u00f1o pasado, en el que pidi\u00f3 un alto el fuego inmediato en Gaza y que se entregara m\u00e1s ayuda humanitaria a la poblaci\u00f3n all\u00ed. \u201cSe volvi\u00f3 viral, y el Ala Oeste no estaba contenta\u201d, dice Harris. \u201cMe criticaron, aparentemente, por haberlo pronunciado demasiado bien.\u201d Sugiere que disminuirla a ella tambi\u00e9n disminu\u00eda a <b>Biden<\/b>, especialmente \u201cdadas las preocupaciones sobre su edad.\u201d<\/p>\n<p class=\"paragraph\">El \u00e9xito de <b>Harris<\/b>, escribe, ser\u00eda un indicador del buen juicio de <b>Biden<\/b> y una garant\u00eda para el p\u00fablico de que, si algo le suced\u00eda al presidente, ella podr\u00eda asumir el cargo. \u201cMi \u00e9xito era importante para \u00e9l\u201d, escribe. \u201cSu equipo no lo entendi\u00f3.\u201d El libro de Harris, cuyo t\u00edtulo hace referencia a la duraci\u00f3n de su campa\u00f1a presidencial abreviada, est\u00e1 previsto para ser publicado por Simon &amp; Schuster el martes 23 de septiembre.<\/p>\n<p class=\"paragraph\">Fuente: AP<\/p>\n","protected":false},"excerpt":{"rendered":"Kamala Harris califica de \u00abimprudencia\u00bb dejar en manos de Biden la decisi\u00f3n de buscar la reelecci\u00f3n (Foto: Saul&hellip;\n","protected":false},"author":2,"featured_media":16810,"comment_status":"","ping_status":"","sticky":false,"template":"","format":"standard","meta":{"footnotes":""},"categories":[172],"tags":[224,146,147,25,24,5638,225,3119,23,1056],"class_list":{"0":"post-106088","1":"post","2":"type-post","3":"status-publish","4":"format-standard","5":"has-post-thumbnail","7":"category-libros","8":"tag-books","9":"tag-entertainment","10":"tag-entretenimiento","11":"tag-es","12":"tag-espana","13":"tag-government-politics","14":"tag-libros","15":"tag-north-america","16":"tag-spain","17":"tag-washington"},"share_on_mastodon":{"url":"","error":""},"_links":{"self":[{"href":"https:\/\/www.europesays.com\/es\/wp-json\/wp\/v2\/posts\/106088","targetHints":{"allow":["GET"]}}],"collection":[{"href":"https:\/\/www.europesays.com\/es\/wp-json\/wp\/v2\/posts"}],"about":[{"href":"https:\/\/www.europesays.com\/es\/wp-json\/wp\/v2\/types\/post"}],"author":[{"embeddable":true,"href":"https:\/\/www.europesays.com\/es\/wp-json\/wp\/v2\/users\/2"}],"replies":[{"embeddable":true,"href":"https:\/\/www.europesays.com\/es\/wp-json\/wp\/v2\/comments?post=106088"}],"version-history":[{"count":0,"href":"https:\/\/www.europesays.com\/es\/wp-json\/wp\/v2\/posts\/106088\/revisions"}],"wp:featuredmedia":[{"embeddable":true,"href":"https:\/\/www.europesays.com\/es\/wp-json\/wp\/v2\/media\/16810"}],"wp:attachment":[{"href":"https:\/\/www.europesays.com\/es\/wp-json\/wp\/v2\/media?parent=106088"}],"wp:term":[{"taxonomy":"category","embeddable":true,"href":"https:\/\/www.europesays.com\/es\/wp-json\/wp\/v2\/categories?post=106088"},{"taxonomy":"post_tag","embeddable":true,"href":"https:\/\/www.europesays.com\/es\/wp-json\/wp\/v2\/tags?post=106088"}],"curies":[{"name":"wp","href":"https:\/\/api.w.org\/{rel}","templated":true}]}}