{"id":106107,"date":"2025-09-10T18:54:09","date_gmt":"2025-09-10T18:54:09","guid":{"rendered":"https:\/\/www.europesays.com\/es\/106107\/"},"modified":"2025-09-10T18:54:09","modified_gmt":"2025-09-10T18:54:09","slug":"ana-seabra-firma-dos-anos-como-seleccionadora-de-iran","status":"publish","type":"post","link":"https:\/\/www.europesays.com\/es\/106107\/","title":{"rendered":"Ana Seabra firma dos a\u00f1os como seleccionadora de Ir\u00e1n"},"content":{"rendered":"<p class=\"ft-text ft-helper-align-justify\">El <a class=\"ft-link ft-link--decoration\" href=\"https:\/\/www.farodevigo.es\/tags\/mecalia-guardes\/\" rel=\"nofollow noopener\" target=\"_blank\">Mecalia Atl\u00e9tico Guard\u00e9s<\/a> sigue ampliando su representaci\u00f3n internacional. Esta vez, lo har\u00e1 de la mano de su entrenadora, <strong>Ana Seabra<\/strong>, que ha sido escogida como nueva seleccionadora del equipo nacional femenino de Ir\u00e1n para <strong>los pr\u00f3ximos dos a\u00f1os<\/strong>. La t\u00e9cnica compaginar\u00e1 su nuevo puesto con su importante papel en A Guarda, viajando al pa\u00eds persa en las fechas del calendario liguero reservadas para la preparaci\u00f3n de competiciones internacionales.<\/p>\n<p class=\"ft-text ft-helper-align-justify\">La primera de estas citas ser\u00e1 precisamente la pr\u00f3xima semana, cuando la entrenadora del Guard\u00e9s se desplazar\u00e1 a Teher\u00e1n para incorporarse a su nuevo equipo. Del 15 al 21 de septiembre, Seabra tendr\u00e1 tiempo para comenzar a trabajar con la plantilla, para la que tiene un primer objetivo ya en mente: hacer un buen trabajo en el <strong>Campeonato Mundial<\/strong> que se celebrar\u00e1 entre noviembre y diciembre en Alemania y Pa\u00edses Bajos, en el que Ir\u00e1n participar\u00e1 por tercera vez consecutiva.<\/p>\n<p><img decoding=\"async\" src=\"https:\/\/www.europesays.com\/es\/wp-content\/uploads\/2025\/09\/79c9a0b0-207e-4950-946d-9a63d26a37e5_alta-libre-aspect-ratio_default_0.jpg\" width=\"1200\" height=\"800\" alt=\"Ana Seabra y su cuerpo t\u00e9cnico en A Guarda.\" class=\"ft-helper-img-rd\" loading=\"lazy\" hasdataaida=\"true\"\/><\/p>\n<p class=\"ft-helper-fontColor-quaternary ft-helper-fontSize-body-S ft-helper-spacer-t-xxs\">Ana Seabra y su cuerpo t\u00e9cnico en A Guarda.  \/ SportCoeco<\/p>\n<p class=\"ft-text ft-helper-align-justify\">La Federaci\u00f3n de Balonmano de Ir\u00e1n, que anunciaba este fichaje en sus redes sociales el pasado fin de semana, define a la t\u00e9cnica como \u201c<strong>una de las mejores entrenadoras actuales en Europa<\/strong>\u201d, a la vez que pone en valor su \u201cbrillante curr\u00edculum\u201d tanto como jugadora como desde el cuerpo t\u00e9cnico de la Selecci\u00f3n Portuguesa y del propio Mecalia Atl\u00e9tico Guard\u00e9s. El Club mi\u00f1oto, por su parte, la felicita por esta gran noticia y le desea la mejor de las suertes en este nuevo papel.<\/p>\n<p>\u00abUna experiencia que ser\u00e1 muy enriquecedora\u201d<\/p>\n<p class=\"ft-text ft-helper-align-justify\">La entrenadora del Guard\u00e9s ha declarado sobre su nuevo puesto de seleccionadora femenina iran\u00ed que est\u00e1 \u201ccontenta por tener la oportunidad de trabajar con un pa\u00eds que ha demostrado su deseo de crecer en el balonmano asi\u00e1tico\u201d, poniendo en valor la apuesta del equipo y sus ganas por hacer un buen Mundial.<\/p>\n<p class=\"ft-text ft-helper-align-justify\">\u201cObviamente, es un reto\u201d, explica Seabra, pero destaca que ser\u00e1 sobre todo \u201cuna experiencia, sin duda, muy enriquecedora\u201d. En cuanto a su compaginaci\u00f3n con su importante papel como <a class=\"ft-link ft-link--decoration\" href=\"https:\/\/www.farodevigo.es\/deportes\/2025\/02\/05\/ana-seabra-renueva-mecalia-guardes-114027965.html\" rel=\"nofollow noopener\" target=\"_blank\">preparadora del Mecalia Atl\u00e9tico Guard\u00e9s<\/a>, la t\u00e9cnica ha indicado que colaborar\u00e1 mano a mano con el staff de la selecci\u00f3n persa \u201cy presencialmente, durante las semanas internacionales, pero con la organizaci\u00f3n necesaria que siempre he tenido en los \u00faltimos a\u00f1os junto al club\u201d, recuerda, en referencia a la ocasi\u00f3n en que colabor\u00f3 como entrenadora ayudante de la <strong>Confederaci\u00f3n Paraguaya <\/strong>de Handball el a\u00f1o pasado.<\/p>\n","protected":false},"excerpt":{"rendered":"El Mecalia Atl\u00e9tico Guard\u00e9s sigue ampliando su representaci\u00f3n internacional. Esta vez, lo har\u00e1 de la mano de su&hellip;\n","protected":false},"author":2,"featured_media":106108,"comment_status":"","ping_status":"","sticky":false,"template":"","format":"standard","meta":{"footnotes":""},"categories":[278],"tags":[683,10547,376,168,25,24,375,3137,13028,10546,795,36787,7728,23,167],"class_list":{"0":"post-106107","1":"post","2":"type-post","3":"status-publish","4":"format-standard","5":"has-post-thumbnail","7":"category-balonmano","8":"tag-ana","9":"tag-atletico-guardes","10":"tag-balonmano","11":"tag-deportes","12":"tag-es","13":"tag-espana","14":"tag-handball","15":"tag-iran","16":"tag-mecalia","17":"tag-mecalia-guardes","18":"tag-nueva","19":"tag-seabra","20":"tag-seleccionadora","21":"tag-spain","22":"tag-sports"},"share_on_mastodon":{"url":"","error":""},"_links":{"self":[{"href":"https:\/\/www.europesays.com\/es\/wp-json\/wp\/v2\/posts\/106107","targetHints":{"allow":["GET"]}}],"collection":[{"href":"https:\/\/www.europesays.com\/es\/wp-json\/wp\/v2\/posts"}],"about":[{"href":"https:\/\/www.europesays.com\/es\/wp-json\/wp\/v2\/types\/post"}],"author":[{"embeddable":true,"href":"https:\/\/www.europesays.com\/es\/wp-json\/wp\/v2\/users\/2"}],"replies":[{"embeddable":true,"href":"https:\/\/www.europesays.com\/es\/wp-json\/wp\/v2\/comments?post=106107"}],"version-history":[{"count":0,"href":"https:\/\/www.europesays.com\/es\/wp-json\/wp\/v2\/posts\/106107\/revisions"}],"wp:featuredmedia":[{"embeddable":true,"href":"https:\/\/www.europesays.com\/es\/wp-json\/wp\/v2\/media\/106108"}],"wp:attachment":[{"href":"https:\/\/www.europesays.com\/es\/wp-json\/wp\/v2\/media?parent=106107"}],"wp:term":[{"taxonomy":"category","embeddable":true,"href":"https:\/\/www.europesays.com\/es\/wp-json\/wp\/v2\/categories?post=106107"},{"taxonomy":"post_tag","embeddable":true,"href":"https:\/\/www.europesays.com\/es\/wp-json\/wp\/v2\/tags?post=106107"}],"curies":[{"name":"wp","href":"https:\/\/api.w.org\/{rel}","templated":true}]}}