{"id":106109,"date":"2025-09-10T18:55:08","date_gmt":"2025-09-10T18:55:08","guid":{"rendered":"https:\/\/www.europesays.com\/es\/106109\/"},"modified":"2025-09-10T18:55:08","modified_gmt":"2025-09-10T18:55:08","slug":"el-mene-oreja-entre-la-mansedumbre-y-el-grave-percance-de-alejandro-quesada","status":"publish","type":"post","link":"https:\/\/www.europesays.com\/es\/106109\/","title":{"rendered":"El Mene, oreja entre la mansedumbre y el grave percance de Alejandro Quesada"},"content":{"rendered":"<p>La tercera del abono de la Feria de la Virgen de Los Llanos trae consigo la segunda novillada con picadores, festejos que no se prodigan en las series feriales. En esta ocasi\u00f3n con utreros de <strong>L\u00f3pez Gibaja<\/strong> hacen el pase\u00edllo <strong>El Mene, Javier Zulueta <\/strong>y el albacetense<strong> Alejandro Quesada<\/strong>, que se presenta en la plaza de su tierra. Media entrada en los tendidos.<\/p>\n<p>El primer novillo de<strong> L\u00f3pez Gibaja<\/strong>, de poca presencia, sali\u00f3 suelto y huidizo buscando la puerta de salida. Manso, en suma. Un puyazo ca\u00eddo y sin entrega del utrero, que rod\u00f3 varias veces en el ruedo. Dif\u00edcil de banderillear se refugi\u00f3 en tablas.Nunca entregado lleg\u00f3 a la muleta de <strong>El Mene<\/strong> con problemas obligando al torero a rectificar por un colada peligrosa. Rebrincado adem\u00e1s el novillo poco se pod\u00eda hacer ante tan manso utrero con el que el torero porfi\u00f3 en vano. Estocada entera y silencio para el torero.<\/p>\n<p>El casta\u00f1o que hizo segundo, alto recibi\u00f3 un refilonazo en la suerte de varas. Poca cosa. <strong>Javier Zulueta<\/strong> prob\u00f3 en su faena muleteril por los dos pitones en series iniciales con la mano derecha sin trascendencia por la condici\u00f3n mansa del de Gibaja. Al natural logr\u00f3 dos series de est\u00e9tica composici\u00f3n, atisbos nada m\u00e1s por lo poco que ofrec\u00eda el novillo en trasteo que no cogi\u00f3 nivel por la condici\u00f3n del novillo. Adem\u00e1s debi\u00f3 colocarse mejor en el tramo final de la faena. Tras estocada, leves palmas.<\/p>\n<p>Tambi\u00e9n el tercero de pobre presencia fue manso y huidizo, complicado tambi\u00e9n en su lidia y al que era dif\u00edcil de sujetar, pues hu\u00eda siempre y cuando embest\u00eda lo hac\u00eda con complicaciones. La falta de rodaje todav\u00eda de<strong> Alejandro Quesada<\/strong> la supl\u00eda con voluntarioso entusiasmo espoleado por sus paisanos. Dif\u00edcil novillo que volte\u00f3 al torero, que qued\u00f3 f\u00edsicamente mermado y dolorido. Pinchazo, estocada, dos descabellos. Aviso y silencio al torero que hab\u00eda brindado a su padre, con tareas gubernativas en el callej\u00f3n de la plaza. Quesada sufri\u00f3 una cornada interna en el gemelo.<\/p>\n<p>Otro manso, muy manso y deslucido fue el cuarto novillo de <strong>Gibaja<\/strong>, con el que con ganado oficio porfi\u00f3<strong> El Mene<\/strong> sin resultado probando en distintos terrenos y por ambos pitones. Nada en el toreo al uso y como los novilleros se empe\u00f1an en ello sin lidiar, todo queda en nada. Estocada baja y escasas palmas.<\/p>\n<p>El quinto fue devuelto por su evidente flojera. El sobrero fue del hierro titular y dio alguna opci\u00f3n a <strong>Zulueta<\/strong> en la muleta con la que el sevillano tore\u00f3 distanciado y muy al hilo del pit\u00f3n por lo general. Dos series cortas de naturales de est\u00e9tica concepci\u00f3n fue lo m\u00e1s destacado en un conjunto de poca enjundia. Estocada y dos descabellos. Aviso y ovaci\u00f3n con saludos.<\/p>\n<p>Finalmente Quesada no pudo lidiar al sexto, que lidi\u00f3 en su lugar El Mene.\u00a0El subalterno Jos\u00e9 Mar\u00eda Arenas recibi\u00f3 una fuerte ovaci\u00f3n tras un buen par de banderillas al sexto, que se dej\u00f3 torear por el pit\u00f3n derecho en la faena bien compuesta de tono ascendente de El Mene, que tuvo que matar este novillo. A base de paciencia y buena colocaci\u00f3n el torero amerit\u00f3 tandas con la mano derecha muy templadas y ligadas en la distancia exacta conjuntando las \u00faltimas series con buenos muletazos al novillo que al menos se dej\u00f3 torear. Estocada, descabello y una oreja leg\u00edtima.<\/p>\n<p><strong>Albacete<\/strong>. Mi\u00e9rcoles 10 de septiembre de 2025. Novillos de <strong>L\u00f3pez Gibaja. El Mene, silencio, palmas y oreja en el que mat\u00f3 por Alejandro Quesada; Javier Zulueta, leves palmas y ovaci\u00f3n tras aviso; y Alejandro Quesada,<\/strong> silencio tras aviso en el \u00fanico que lidi\u00f3 (herido).<strong> Entrada<\/strong>: Media plaza.<\/p>\n","protected":false},"excerpt":{"rendered":"La tercera del abono de la Feria de la Virgen de Los Llanos trae consigo la segunda novillada&hellip;\n","protected":false},"author":2,"featured_media":106110,"comment_status":"","ping_status":"","sticky":false,"template":"","format":"standard","meta":{"footnotes":""},"categories":[277],"tags":[45,2545,36788,373,168,19177,25,24,1226,1227,23,167,374,9919],"class_list":{"0":"post-106109","1":"post","2":"type-post","3":"status-publish","4":"format-standard","5":"has-post-thumbnail","7":"category-toreo","8":"tag-45","9":"tag-albacete","10":"tag-alejandro-quesada","11":"tag-bullfighting","12":"tag-deportes","13":"tag-el-mene","14":"tag-es","15":"tag-espana","16":"tag-noticias-de-toros","17":"tag-noticias-taurinas","18":"tag-spain","19":"tag-sports","20":"tag-toreo","21":"tag-zulueta"},"share_on_mastodon":{"url":"","error":""},"_links":{"self":[{"href":"https:\/\/www.europesays.com\/es\/wp-json\/wp\/v2\/posts\/106109","targetHints":{"allow":["GET"]}}],"collection":[{"href":"https:\/\/www.europesays.com\/es\/wp-json\/wp\/v2\/posts"}],"about":[{"href":"https:\/\/www.europesays.com\/es\/wp-json\/wp\/v2\/types\/post"}],"author":[{"embeddable":true,"href":"https:\/\/www.europesays.com\/es\/wp-json\/wp\/v2\/users\/2"}],"replies":[{"embeddable":true,"href":"https:\/\/www.europesays.com\/es\/wp-json\/wp\/v2\/comments?post=106109"}],"version-history":[{"count":0,"href":"https:\/\/www.europesays.com\/es\/wp-json\/wp\/v2\/posts\/106109\/revisions"}],"wp:featuredmedia":[{"embeddable":true,"href":"https:\/\/www.europesays.com\/es\/wp-json\/wp\/v2\/media\/106110"}],"wp:attachment":[{"href":"https:\/\/www.europesays.com\/es\/wp-json\/wp\/v2\/media?parent=106109"}],"wp:term":[{"taxonomy":"category","embeddable":true,"href":"https:\/\/www.europesays.com\/es\/wp-json\/wp\/v2\/categories?post=106109"},{"taxonomy":"post_tag","embeddable":true,"href":"https:\/\/www.europesays.com\/es\/wp-json\/wp\/v2\/tags?post=106109"}],"curies":[{"name":"wp","href":"https:\/\/api.w.org\/{rel}","templated":true}]}}