{"id":106111,"date":"2025-09-10T18:56:09","date_gmt":"2025-09-10T18:56:09","guid":{"rendered":"https:\/\/www.europesays.com\/es\/106111\/"},"modified":"2025-09-10T18:56:09","modified_gmt":"2025-09-10T18:56:09","slug":"el-posible-futuro-rival-de-topuria-apunta-a-pelear-en-qatar-el-22-de-noviembre","status":"publish","type":"post","link":"https:\/\/www.europesays.com\/es\/106111\/","title":{"rendered":"El posible futuro rival de Topuria apunta a pelear en Qatar el 22 de noviembre"},"content":{"rendered":"<p data-mrf-recirculation=\"Links P\u00e1rrafos\" class=\"ue-c-article__paragraph paragraph ue-c-article--first-letter-highlighted\">Durante los \u00faltimos meses, <strong>Arman Tsarukyan<\/strong> ha estado agitando el avispero en el peso ligero a base de provocaciones a <strong>Ilia Topuria<\/strong>, con tal de obtener una oportunidad titular. Compararle con un pato, <strong>provocarle<\/strong> por Twitter, ser el peleador de <strong>reemplazo<\/strong> en su combate con Oliveira&#8230; El peleador armenio ha hecho <strong>todo lo posible<\/strong> para ganarse ser el pr\u00f3ximo contendiente. Sin embargo, &#8216;El Matador&#8217; ha repetido una y otra vez que Arman ten\u00eda que gan\u00e1rselo con <strong>otra pelea m\u00e1s<\/strong>, que parece que finalmente se llevar\u00e1 a cabo.<\/p>\n<p data-mrf-recirculation=\"Links P\u00e1rrafos\" class=\"ue-c-article__paragraph paragraph\">Seg\u00fan varios medios, Tsarukyan se enfrentar\u00e1 a  <strong>Dan Hooker <\/strong>en el UFC Qatar del pr\u00f3ximo  <strong>22 de noviembre.<\/strong>\u00a0De esta manera, Arman acepta la petici\u00f3n tanto del campe\u00f3n como de la propia UFC, que se la tiene <strong>jurada<\/strong> desde que se \u00abborr\u00f3\u00bb por una <strong>lesi\u00f3n <\/strong>del combate titular ante Islam Makhachev el pasado enero -UFC 311- a <strong>24 horas <\/strong>de la pelea.\u00a0<\/p>\n<p data-mrf-recirculation=\"Links P\u00e1rrafos\" class=\"ue-c-article__paragraph paragraph\">El peleador armenio sabe que tiene que <strong>complacer<\/strong> a todas las partes implicadas, y es por eso que aceptar\u00e1 realizar otro combate a modo de <strong>peaje<\/strong>. Dentro del peso ligero, Arman fij\u00f3 su objetivo en &#8216;Hangman&#8217; -n\u00famero seis-, que afirm\u00f3 hace una semanas que de la <strong>parte alta<\/strong> de los r\u00e1nkings ser\u00eda <strong>el \u00fanico<\/strong> que aceptar\u00eda una pelea contra Tsarukyan.<\/p>\n<p data-mrf-recirculation=\"Links P\u00e1rrafos\" class=\"ue-c-article__paragraph paragraph\">El peleador neozeland\u00e9s ten\u00eda pactado un combate contra <strong>Justin Gaethje<\/strong> para el pasado UFC 313, pero una<strong> lesi\u00f3n<\/strong> en su mano le apart\u00f3 del oct\u00e1gono hasta hace unas semanas -ya vuelve a entrenar-. Una victoria ante Tsarukyan le dejar\u00eda en el <strong>mismo lugar <\/strong>que si hubiese ganado a Gaethje, al borde del <strong>combate titular.<\/strong> El peleador armenio, por su parte, sabe que lo importante en su siguiente aparici\u00f3n no es el rival, sino la <strong>victoria<\/strong>, que es lo que necesita para verse las caras con Topuria.<\/p>\n<p><img decoding=\"async\" width=\"1980\" height=\"1320\" class=\"ue-c-article__image lazyload\" alt=\"Dan Hooker, en una imagen de archivo.\" loading=\"lazy\" src=\"https:\/\/www.europesays.com\/es\/wp-content\/uploads\/2025\/09\/67bd9280019eb.jpeg\"\/><\/p>\n<p>Dan Hooker, en una imagen de archivo.UFC.<\/p>\n<p>Ilia, a la espera<\/p>\n<p data-mrf-recirculation=\"Links P\u00e1rrafos\" class=\"ue-c-article__paragraph paragraph\">Todo hace indicar que &#8216;El Matador&#8217; no volver\u00e1 a aparecer hasta <strong>principios de 2026,<\/strong> por lo que si Tsarukyan gana de manera contundente podr\u00eda llegar a ser el retador en su <strong>primera defensa <\/strong>de cintur\u00f3n. Sin embargo, hay otros<strong> dos nombres<\/strong> sobre la mesa que le llevan ventaja. El primero es <strong>Paddy Pimblett,<\/strong> con el que protagonizar\u00eda el combate m\u00e1s medi\u00e1tico de todos debido a su <strong>fuerte rivalidad.<\/strong> La otra opci\u00f3n ser\u00eda Justin Gaethje, ex campe\u00f3n interino que ha dicho que o pelea por el cintur\u00f3n o quiz\u00e1s<strong> se retira.<\/strong><\/p>\n<p data-mrf-recirculation=\"Links P\u00e1rrafos\" class=\"ue-c-article__paragraph paragraph\">Sea como fuere, si se confirma esta pelea entre Tsarukyan y Hooker, <strong>todas las miradas<\/strong> estar\u00e1n puestas en el armenio el pr\u00f3ximo 22 de noviembre. De su actuaci\u00f3n depende el<strong> futuro inmediato <\/strong>de la parte alta de la categor\u00eda. Para m\u00e1s inri, Ilia estar\u00e1 <strong>presente<\/strong> en esa cartelera para hacer esquina de su hermano <strong>Aleksandre<\/strong>, que realizar\u00e1 su segundo combate en la UFC ante <strong>Bekzat Almakhan<\/strong>. Por tanto ambos podr\u00edan cruzarse por el hotel o en el mismo recinto para <strong>aumentar el hype<\/strong> por el combate en caso de que surja alguna <strong>interacci\u00f3n<\/strong>.<\/p>\n<p data-mrf-recirculation=\"Links P\u00e1rrafos\" class=\"ue-c-article__paragraph paragraph\">De hecho, se nota que <strong>Qatar<\/strong> quiere hacerse notar en su \u00abdebut\u00bb particular en la UFC, ya que el evento estar\u00e1 lleno de <strong>grandes peleas <\/strong>a pesar de ser una Fight Night. Sumadas a estas dos, a las que les falta <strong>confirmaci\u00f3n<\/strong> oficial por parte de la promotora, habr\u00e1 otros grandes enfrentamientos como el de <strong>Paulo Costa vs Shara Magomedov<\/strong> o el regreso de Baisangur Susurkaev. Aunque no haya un cintur\u00f3n en juego, podr\u00eda ser uno de los <strong>grandes eventos<\/strong> de 2025.<\/p>\n","protected":false},"excerpt":{"rendered":"Durante los \u00faltimos meses, Arman Tsarukyan ha estado agitando el avispero en el peso ligero a base de&hellip;\n","protected":false},"author":2,"featured_media":106112,"comment_status":"","ping_status":"","sticky":false,"template":"","format":"standard","meta":{"footnotes":""},"categories":[276],"tags":[168,25,24,23,167,343],"class_list":{"0":"post-106111","1":"post","2":"type-post","3":"status-publish","4":"format-standard","5":"has-post-thumbnail","7":"category-ufc","8":"tag-deportes","9":"tag-es","10":"tag-espana","11":"tag-spain","12":"tag-sports","13":"tag-ufc"},"share_on_mastodon":{"url":"","error":""},"_links":{"self":[{"href":"https:\/\/www.europesays.com\/es\/wp-json\/wp\/v2\/posts\/106111","targetHints":{"allow":["GET"]}}],"collection":[{"href":"https:\/\/www.europesays.com\/es\/wp-json\/wp\/v2\/posts"}],"about":[{"href":"https:\/\/www.europesays.com\/es\/wp-json\/wp\/v2\/types\/post"}],"author":[{"embeddable":true,"href":"https:\/\/www.europesays.com\/es\/wp-json\/wp\/v2\/users\/2"}],"replies":[{"embeddable":true,"href":"https:\/\/www.europesays.com\/es\/wp-json\/wp\/v2\/comments?post=106111"}],"version-history":[{"count":0,"href":"https:\/\/www.europesays.com\/es\/wp-json\/wp\/v2\/posts\/106111\/revisions"}],"wp:featuredmedia":[{"embeddable":true,"href":"https:\/\/www.europesays.com\/es\/wp-json\/wp\/v2\/media\/106112"}],"wp:attachment":[{"href":"https:\/\/www.europesays.com\/es\/wp-json\/wp\/v2\/media?parent=106111"}],"wp:term":[{"taxonomy":"category","embeddable":true,"href":"https:\/\/www.europesays.com\/es\/wp-json\/wp\/v2\/categories?post=106111"},{"taxonomy":"post_tag","embeddable":true,"href":"https:\/\/www.europesays.com\/es\/wp-json\/wp\/v2\/tags?post=106111"}],"curies":[{"name":"wp","href":"https:\/\/api.w.org\/{rel}","templated":true}]}}