{"id":106123,"date":"2025-09-10T19:03:14","date_gmt":"2025-09-10T19:03:14","guid":{"rendered":"https:\/\/www.europesays.com\/es\/106123\/"},"modified":"2025-09-10T19:03:14","modified_gmt":"2025-09-10T19:03:14","slug":"sandra-aladro-desvela-un-detalle-inedito-que-mar-flores-ha-preferido-no-mencionar-en-sus-memorias","status":"publish","type":"post","link":"https:\/\/www.europesays.com\/es\/106123\/","title":{"rendered":"Sandra Aladro desvela un detalle in\u00e9dito que Mar Flores ha preferido no mencionar en sus memorias"},"content":{"rendered":"<p style=\"text-align: left;\">Ha llegado el d\u00eda. Este mi\u00e9rcoles, 10 de septiembre, las librer\u00edas de nuestro pa\u00eds han sacado a la venta<strong> Mar en calma<\/strong>, la autobiograf\u00eda de<a href=\"https:\/\/okdiario.com\/look\/actualidad\/capitulo-que-mar-flores-no-incluido-libro-dia-que-duquesa-alba-borro-del-mapa-2375724\" rel=\"nofollow noopener\" target=\"_blank\"><strong> Mar Flores.<\/strong><\/a> En sus p\u00e1ginas, la modelo asegur\u00f3 que compartir\u00eda \u00absu historia, sus vivencias y sus aprendizajes\u00bb, aunque lo cierto es que no lo ha hecho por completo. Y es que, al mismo tiempo que se ha detenido a narrar con calma ciertas historias de su pasado,\u00a0hay otras <strong>an\u00e9cdotas<\/strong> que ha preferido pasar por alto. Sin embargo, a pesar de intentar que fueran cuestiones que no acapararan titulares, finalmente no lo ha conseguido.<\/p>\n<p>Justo unas horas despu\u00e9s del lanzamiento, <strong>Sandra Aladro<\/strong> ha sido la encargada de desvelar uno de los detalles in\u00e9ditos que la suegra de Alejandra Rubio ha preferido obviar en su \u00faltimo proyecto literario, el cual tiene que ver con su extenso curr\u00edculum amoroso. Mar Flores vivi\u00f3 junto a<strong> Carlo Costanzia di Costigliole, <\/strong>uno de los romances m\u00e1s pol\u00e9micos de su vida. Se casaron en 1992 en la Iglesia de Santa B\u00e1rbara (Madrid) y, a pesar de jurarse amor eterno, su matrimonio se qued\u00f3 lejos de ser id\u00edlico. De hecho, la modelo lleg\u00f3 a confesar que era un hombre <strong>\u00abceloso\u00bb<\/strong> y <strong>\u00abviolento\u00bb.<\/strong><\/p>\n<blockquote class=\"instagram-media\" style=\"background: #FFF; border: 0; border-radius: 3px; box-shadow: 0 0 1px 0 rgba(0,0,0,0.5),0 1px 10px 0 rgba(0,0,0,0.15); margin: 1px; max-width: 540px; min-width: 326px; padding: 0; width: calc(100% - 2px);\" data-instgrm-captioned=\"\" data-instgrm-permalink=\"https:\/\/www.instagram.com\/p\/DOIsm46jFGK\/?utm_source=ig_embed&amp;utm_campaign=loading\" data-instgrm-version=\"14\">\n<\/blockquote>\n<p>Su matrimonio no termin\u00f3 en buenos t\u00e9rminos, pero, a pesar de todo, el <strong>nacimiento de su \u00fanico nieto en com\u00fan<\/strong>, motiv\u00f3 a Mar a intentar enterrar el hacha de guerra con \u00e9l. As\u00ed lo ha contado Aladro en el programa Vamos a ver, donde despu\u00e9s de acudir a un encuentro de Flores con la prensa, ha informado de que la circunstancia tan especial y feliz que supuso la llegada de un nuevo miembro al clan hizo que Mar Flores quisiera <strong>mandarle una carta<\/strong> a su ex pareja para poder mantener una buena relaci\u00f3n. Un ofrecimiento del que nunca ha recibido una respuesta, por lo que se deja entrever que el italiano no est\u00e1 dispuesto a querer comenzar de cero con Flores.<strong> \u00abDio un paso al frente para terminar una guerra hace pocos meses y no ha recibido respuesta\u00bb<\/strong>, explicaba.<\/p>\n<p>Mar Flores y Carlo Costanzia: Una guerra que no termina nunca<\/p>\n<p>Mar Flores y Carlo Costanzia estuvieron solo cuatro a\u00f1os casados. <strong>En 1996 se divorciaron<\/strong> y lo que comenz\u00f3 siendo una historia de hadas termin\u00f3 convirti\u00e9ndose en un terrible sufrimiento. As\u00ed lo coment\u00f3 la propia modelo en 2001 en una de las pocas entrevistas en las que se ha sincerado como nunca al respecto. \u00abLos problemas empezaron pronto. \u00c9l ten\u00eda<strong>\u00a0unos celos tremendos<\/strong> por cualquier cosa. Yo me pasaba todo el d\u00eda en casa. \u00c9l comenzaba a no llegar por las noches. Le dije que era absurdo que me hubiera ido a vivir con \u00e9l para luego estar siempre sola. As\u00ed comenzaron las broncas entre nosotros.<strong> Unas broncas que cada vez iban a m\u00e1s<\/strong> [\u2026] Me di cuenta\u00bb, cont\u00f3 a Fernando M\u00fagica en una charla para El Mundo.\u00a0<\/p>\n<p>\n<img decoding=\"async\" loading=\"lazy\" class=\"size-medium wp-image-1973968\" alt=\"Mar Flores, Carlo Costanzia padre, hermano Carlo Costanzia, padre Carlo Costanzia, ex marido Mar Flores\" width=\"620\" height=\"413\"  src=\"https:\/\/www.europesays.com\/es\/wp-content\/uploads\/2025\/09\/1757530994_534_placeholder.jpg\"  bad-src=\"https:\/\/www.europesays.com\/es\/wp-content\/uploads\/2025\/09\/1757530994_534_placeholder.jpg\"\/><\/p>\n<p><img decoding=\"async\" loading=\"lazy\" class=\"size-medium wp-image-1973968\" src=\"https:\/\/www.europesays.com\/es\/wp-content\/uploads\/2025\/09\/marflores-620x413.jpg\" alt=\"Mar Flores, Carlo Costanzia padre, hermano Carlo Costanzia, padre Carlo Costanzia, ex marido Mar Flores\" width=\"620\" height=\"413\"  \/><\/p>\n<p> Mar Flores y Carlo Costanzia en una cena. (Foto: Gtres)\n<\/p>\n<p>A\u00f1adi\u00f3 que era \u00abun hombre violento\u00bb, pero que ella ten\u00eda \u00abuna pasi\u00f3n ciega por \u00e9l\u00bb, a pesar de que con el tiempo se dio cuenta de que manten\u00edan una relaci\u00f3n \u00abt\u00f3xica\u00bb. Como bien ha avanzado Sandra Aladro, Carlo Costanzia no est\u00e1 por la labor de olvidar su pasado con Mar Flores y prueba de ello tambi\u00e9n son sus apariciones televisivas, en las que siempre, de una manera u otra, <strong>trata de atacar a la madre de su primog\u00e9nito.\u00a0<\/strong><\/p>\n<p>\t\t\t\t\t\t\t<script async src=\"\/\/www.instagram.com\/embed.js\"><\/script><\/p>\n","protected":false},"excerpt":{"rendered":"Ha llegado el d\u00eda. Este mi\u00e9rcoles, 10 de septiembre, las librer\u00edas de nuestro pa\u00eds han sacado a la&hellip;\n","protected":false},"author":2,"featured_media":106124,"comment_status":"","ping_status":"","sticky":false,"template":"","format":"standard","meta":{"footnotes":""},"categories":[174],"tags":[255,146,147,25,24,256,9892,23],"class_list":{"0":"post-106123","1":"post","2":"type-post","3":"status-publish","4":"format-standard","5":"has-post-thumbnail","7":"category-famosos","8":"tag-celebrities","9":"tag-entertainment","10":"tag-entretenimiento","11":"tag-es","12":"tag-espana","13":"tag-famosos","14":"tag-mar-flores","15":"tag-spain"},"share_on_mastodon":{"url":"","error":""},"_links":{"self":[{"href":"https:\/\/www.europesays.com\/es\/wp-json\/wp\/v2\/posts\/106123","targetHints":{"allow":["GET"]}}],"collection":[{"href":"https:\/\/www.europesays.com\/es\/wp-json\/wp\/v2\/posts"}],"about":[{"href":"https:\/\/www.europesays.com\/es\/wp-json\/wp\/v2\/types\/post"}],"author":[{"embeddable":true,"href":"https:\/\/www.europesays.com\/es\/wp-json\/wp\/v2\/users\/2"}],"replies":[{"embeddable":true,"href":"https:\/\/www.europesays.com\/es\/wp-json\/wp\/v2\/comments?post=106123"}],"version-history":[{"count":0,"href":"https:\/\/www.europesays.com\/es\/wp-json\/wp\/v2\/posts\/106123\/revisions"}],"wp:featuredmedia":[{"embeddable":true,"href":"https:\/\/www.europesays.com\/es\/wp-json\/wp\/v2\/media\/106124"}],"wp:attachment":[{"href":"https:\/\/www.europesays.com\/es\/wp-json\/wp\/v2\/media?parent=106123"}],"wp:term":[{"taxonomy":"category","embeddable":true,"href":"https:\/\/www.europesays.com\/es\/wp-json\/wp\/v2\/categories?post=106123"},{"taxonomy":"post_tag","embeddable":true,"href":"https:\/\/www.europesays.com\/es\/wp-json\/wp\/v2\/tags?post=106123"}],"curies":[{"name":"wp","href":"https:\/\/api.w.org\/{rel}","templated":true}]}}