{"id":106129,"date":"2025-09-10T19:07:05","date_gmt":"2025-09-10T19:07:05","guid":{"rendered":"https:\/\/www.europesays.com\/es\/106129\/"},"modified":"2025-09-10T19:07:05","modified_gmt":"2025-09-10T19:07:05","slug":"esto-dijo-britney-spears-en-su-apoyo-a-justin-bieber-verguenza-para-quienes-juzgaron","status":"publish","type":"post","link":"https:\/\/www.europesays.com\/es\/106129\/","title":{"rendered":"Esto dijo Britney Spears en su apoyo a Justin Bieber: \u201cVerg\u00fcenza para quienes juzgaron\u201d"},"content":{"rendered":"<p><img alt=\"Britney Spears comparti\u00f3 en redes\" class=\"global-image\" decoding=\"async\" fetchpriority=\"high\" height=\"1080\" loading=\"eager\" src=\"https:\/\/www.europesays.com\/es\/wp-content\/uploads\/2025\/09\/UHVVMRKZDBHYTDZXMU5J3JNN4U.jpg\" width=\"1920\"\/>Britney Spears comparti\u00f3 en redes sociales una imagen de Justin Bieber y su hijo Jack Blues para expresar su apoyo frente a las cr\u00edticas recibidas (AP\/Grosby)<\/p>\n<p class=\"paragraph\"><a href=\"https:\/\/www.infobae.com\/entretenimiento\/2025\/09\/08\/no-limpia-los-desechos-de-los-perros-asi-vive-britney-spears-hoy-segun-fuentes-cercanas\/\" target=\"_blank\" rel=\"noreferrer nofollow noopener\" title=\"https:\/\/www.infobae.com\/entretenimiento\/2025\/09\/08\/no-limpia-los-desechos-de-los-perros-asi-vive-britney-spears-hoy-segun-fuentes-cercanas\/\">Britney Spears<\/a> se pronunci\u00f3 en apoyo a <a href=\"https:\/\/www.infobae.com\/entretenimiento\/2025\/09\/04\/justin-bieber-anuncia-swag-ii-un-nuevo-album-sorpresa\/\" target=\"_blank\" rel=\"noreferrer nofollow noopener\" title=\"https:\/\/www.infobae.com\/entretenimiento\/2025\/09\/04\/justin-bieber-anuncia-swag-ii-un-nuevo-album-sorpresa\/\">Justin Bieber<\/a> tras las cr\u00edticas que el artista canadiense recibi\u00f3 por publicar im\u00e1genes en las que aparece con su hijo, en el marco de la promoci\u00f3n de su \u00e1lbum <b>Swag II<\/b>.<\/p>\n<p class=\"paragraph\">El debate en redes sociales se intensific\u00f3 despu\u00e9s de que Bieber, de 31 a\u00f1os, comparti\u00f3 fotograf\u00edas en blanco y negro donde sostiene a su hijo <b>Jack Blues<\/b>, de un a\u00f1o, con la espalda del ni\u00f1o mirando hacia la c\u00e1mara.<\/p>\n<p class=\"paragraph\">La escena, registrada en el hogar del m\u00fasico y difundida en sus perfiles oficiales, provoc\u00f3 diversas reacciones, incluidas acusaciones sobre la privacidad y la exposici\u00f3n de menores.<\/p>\n<p class=\"paragraph\">En un mensaje publicado el martes 9 de septiembre en su cuenta de Instagram, Spears, de 43 a\u00f1os, manifest\u00f3 su apoyo al artista canadiense.<\/p>\n<p class=\"paragraph\">\u201c<b>Verg\u00fcenza para quienes juzgaron mi hogar en pijama<\/b>. Estoy enamorada de esta foto. Es muy, muy hermosa\u201d, expres\u00f3. La declaraci\u00f3n fue acompa\u00f1ada por una de las im\u00e1genes de Justin y su hijo.<\/p>\n<p><img alt=\"Bieber public\u00f3 fotograf\u00edas junto a\" class=\"global-image\" decoding=\"async\" fetchpriority=\"low\" height=\"850\" loading=\"lazy\" src=\"https:\/\/www.europesays.com\/es\/wp-content\/uploads\/2025\/09\/AFOGAM4U4VE53CDYUOACKZLCLQ.jpg\" width=\"1200\"\/>Bieber public\u00f3 fotograf\u00edas junto a su hijo Jack Blues en el marco de la promoci\u00f3n de su nuevo \u00e1lbum (Instagram\/@lilbieber)<\/p>\n<p class=\"paragraph\">Spears se refiri\u00f3 indirectamente a una pol\u00e9mica reciente vinculada a su residencia, donde fue cuestionada tras difundirse un video el pasado 18 de agosto en el que se ve\u00eda a uno de sus perros caminando en su sala y restos de excremento en el suelo.<\/p>\n<p class=\"paragraph\">En ese momento, la int\u00e9rprete de \u201c&#8230;Baby One More Time\u201d asegur\u00f3 estar limpiando la casa y minimiz\u00f3 el incidente.<\/p>\n<p class=\"paragraph\">No obstante, el asunto cobr\u00f3 tracci\u00f3n cuando algunos usuarios compartieron el registro en redes, lo que desencaden\u00f3 mensajes alusivos al estado de su vivienda.<\/p>\n<p class=\"paragraph\">A pesar de los se\u00f1alamientos recibidos, <b>Britney Spears<\/b> reiter\u00f3 su postura en Instagram y aprovech\u00f3 su publicaci\u00f3n para respaldar a <b>Justin Bieber<\/b>, desviando el foco de la controversia personal.<\/p>\n<p class=\"paragraph\">\u00ab<b>Estoy enamorada de esta foto. Muy, muy hermosa<\/b>\u201c, expres\u00f3 la artista pop.<\/p>\n<p><img alt=\"El mensaje de Spears en\" class=\"global-image\" decoding=\"async\" fetchpriority=\"low\" height=\"1080\" loading=\"lazy\" src=\"https:\/\/www.europesays.com\/es\/wp-content\/uploads\/2025\/09\/1757531225_453_HKZ6E4DKUNHMBIMVDGDADSIBBA.jpg\" width=\"1920\"\/>El mensaje de Spears en Instagram acompa\u00f1\u00f3 una instant\u00e1nea \u00edntima de Bieber y Jack Blues, destacando la belleza del momento familiar compartido (Instagram\/@lilbieber)<\/p>\n<p class=\"paragraph\">La defensa fue interpretada por medios especializados como un gesto de solidaridad con el cantante, quien habitualmente comparte fotograf\u00edas de su hijo con el rostro oculto para preservar su intimidad.<\/p>\n<p class=\"paragraph\">En d\u00edas previos al mensaje de Spears, Bieber divulg\u00f3 nuevas im\u00e1genes en las que aparece navegando en kayak junto a <b>Jack Blues<\/b>.<\/p>\n<p class=\"paragraph\">Ambas figuras, padre e hijo, posan sentados de espaldas a la c\u00e1mara mientras observan el paisaje acu\u00e1tico, manteniendo la pol\u00edtica de privacidad familiar.<\/p>\n<p class=\"paragraph\">En las fotograf\u00edas, el m\u00fasico viste un gorro y un conjunto deportivo rojo y sostiene a su hijo, que permanece de cara al r\u00edo. En otra publicaci\u00f3n, incluy\u00f3 selfis junto a un emoticono de cereza y evit\u00f3 mostrar el rostro del ni\u00f1o, acorde a su pr\u00e1ctica habitual.<\/p>\n<p class=\"paragraph\">La reacci\u00f3n de <b>Britney Spears<\/b> se insert\u00f3 en un contexto donde la \u201cPrincesa del Pop\u201d tambi\u00e9n hab\u00eda realizado declaraciones personales sobre su vida privada.<\/p>\n<p><img alt=\"Allegados a Britney Spears manifestaron\" class=\"global-image\" decoding=\"async\" fetchpriority=\"low\" height=\"547\" loading=\"lazy\" src=\"https:\/\/www.europesays.com\/es\/wp-content\/uploads\/2025\/09\/HTFI6VV4ZZGHTOFWSCDGSG3HAM.jpeg\" width=\"440\"\/>Allegados a Britney Spears manifestaron preocupaci\u00f3n por la situaci\u00f3n de la artista luego de que circularan videos y rumores sobre el estado de su vivienda (Instagram\/Britney Spears)<\/p>\n<p class=\"paragraph\">El 24 de agosto, la artista comparti\u00f3 un extenso mensaje en el que abord\u00f3 la reciente disoluci\u00f3n de su matrimonio con <b>Sam Asghari<\/b>, formalizada en mayo de 2024 tras 14 meses de uni\u00f3n.<\/p>\n<p class=\"paragraph\">\u201cLos a\u00f1os m\u00e1s dif\u00edciles de mi vida fueron aquellos en los que mis dos hijos estuvieron ausentes durante tres a\u00f1os. Se me prohibi\u00f3 llamar o enviar mensajes. <b>Mi secreto para sobrevivir fue la negaci\u00f3n y muchas l\u00e1grimas<\/b>\u201c, indic\u00f3, aunque la publicaci\u00f3n de la cantante fue eliminada poco despu\u00e9s.<\/p>\n<p class=\"paragraph\">Por su parte, <b>Asghari <\/b>respondi\u00f3 a trav\u00e9s de una declaraci\u00f3n a People en la que enfatiz\u00f3 el valor personal que tuvo su matrimonio.<\/p>\n<p class=\"paragraph\">\u00ab<b>Nuestra relaci\u00f3n fue aut\u00e9ntica para m\u00ed<\/b>. Puede que haya sido breve, pero compartimos siete a\u00f1os juntos. Siempre sentir\u00e9 amor por ella y le deseo lo mejor\u201c, comparti\u00f3 el actor a trav\u00e9s de su representante de BAC Talent.<\/p>\n<p class=\"paragraph\">La situaci\u00f3n personal de Spears ha despertado preocupaci\u00f3n en su entorno cercano, sobre todo tras la viralizaci\u00f3n de im\u00e1genes de su casa.<\/p>\n<p class=\"paragraph\">Fuentes consultadas por Page Six y Daily Mail indicaron que quienes la rodean observan con inquietud algunos comportamientos, atribuidos a antecedentes de salud mental.<\/p>\n<p><img alt=\"Sam Asghari, exesposo de Spears,\" class=\"global-image\" decoding=\"async\" fetchpriority=\"low\" height=\"1080\" loading=\"lazy\" src=\"https:\/\/www.europesays.com\/es\/wp-content\/uploads\/2025\/09\/WBDRDYMS2RCA3FXIVV2KME6NHI.jpg\" width=\"1919\"\/>Sam Asghari, exesposo de Spears, afirm\u00f3 que su matrimonio fue genuino, destacando los a\u00f1os compartidos a pesar de la reciente separaci\u00f3n legal (Grosby Group)<\/p>\n<p class=\"paragraph\">\u00ab<b>Su casa est\u00e1 desordenada, no limpia los deshechos de los perros<\/b> y no cuenta con alguien que ase diariamente. Su funcionamiento no resulta el de un adulto convencional\u201c, inform\u00f3 un allegado a Page Six.<\/p>\n<p class=\"paragraph\">Otro interlocutor de la publicaci\u00f3n a\u00f1adi\u00f3 que los familiares y amigos han optado por no intervenir de manera directa: \u201dVamos a verla atravesar este episodio del modo que lo ha hecho durante a\u00f1os\u201c.<\/p>\n<p class=\"paragraph\">En febrero de 2023, luego del fin de la tutela legal de la artista, existieron intentos de organizar una intervenci\u00f3n que no se concretaron.<\/p>\n<p class=\"paragraph\">Algunas voces consideraron que las preocupaciones en ese momento hab\u00edan sido sobredimensionadas.<\/p>\n","protected":false},"excerpt":{"rendered":"Britney Spears comparti\u00f3 en redes sociales una imagen de Justin Bieber y su hijo Jack Blues para expresar&hellip;\n","protected":false},"author":2,"featured_media":106130,"comment_status":"","ping_status":"","sticky":false,"template":"","format":"standard","meta":{"footnotes":""},"categories":[170],"tags":[14658,36790,23845,19121,36791,12562,146,147,25,24,34529,36792,36793,184,185,17635,36794,23,36795],"class_list":{"0":"post-106129","1":"post","2":"type-post","3":"status-publish","4":"format-standard","5":"has-post-thumbnail","7":"category-musica","8":"tag-airport","9":"tag-boyfriend","10":"tag-britney-spears","11":"tag-couple","12":"tag-daisy-dukes","13":"tag-editors_choice","14":"tag-entertainment","15":"tag-entretenimiento","16":"tag-es","17":"tag-espana","18":"tag-exclusive","19":"tag-holding-hands","20":"tag-jfk","21":"tag-music","22":"tag-musica","23":"tag-pda","24":"tag-sam-asghari","25":"tag-spain","26":"tag-vest"},"share_on_mastodon":{"url":"","error":""},"_links":{"self":[{"href":"https:\/\/www.europesays.com\/es\/wp-json\/wp\/v2\/posts\/106129","targetHints":{"allow":["GET"]}}],"collection":[{"href":"https:\/\/www.europesays.com\/es\/wp-json\/wp\/v2\/posts"}],"about":[{"href":"https:\/\/www.europesays.com\/es\/wp-json\/wp\/v2\/types\/post"}],"author":[{"embeddable":true,"href":"https:\/\/www.europesays.com\/es\/wp-json\/wp\/v2\/users\/2"}],"replies":[{"embeddable":true,"href":"https:\/\/www.europesays.com\/es\/wp-json\/wp\/v2\/comments?post=106129"}],"version-history":[{"count":0,"href":"https:\/\/www.europesays.com\/es\/wp-json\/wp\/v2\/posts\/106129\/revisions"}],"wp:featuredmedia":[{"embeddable":true,"href":"https:\/\/www.europesays.com\/es\/wp-json\/wp\/v2\/media\/106130"}],"wp:attachment":[{"href":"https:\/\/www.europesays.com\/es\/wp-json\/wp\/v2\/media?parent=106129"}],"wp:term":[{"taxonomy":"category","embeddable":true,"href":"https:\/\/www.europesays.com\/es\/wp-json\/wp\/v2\/categories?post=106129"},{"taxonomy":"post_tag","embeddable":true,"href":"https:\/\/www.europesays.com\/es\/wp-json\/wp\/v2\/tags?post=106129"}],"curies":[{"name":"wp","href":"https:\/\/api.w.org\/{rel}","templated":true}]}}