{"id":106144,"date":"2025-09-10T19:16:18","date_gmt":"2025-09-10T19:16:18","guid":{"rendered":"https:\/\/www.europesays.com\/es\/106144\/"},"modified":"2025-09-10T19:16:18","modified_gmt":"2025-09-10T19:16:18","slug":"ee-uu-acusa-a-sanchez-de-fortalecer-a-terroristas-tras-el-cierre-del-espacio-aereo-contra-israel","status":"publish","type":"post","link":"https:\/\/www.europesays.com\/es\/106144\/","title":{"rendered":"EE.UU. acusa a S\u00e1nchez de \u00abfortalecer a terroristas\u00bb tras el cierre del espacio a\u00e9reo contra Israel"},"content":{"rendered":"<p style=\"\">El Gobierno de Estados Unidos acus\u00f3 este mi\u00e9rcoles a Espa\u00f1a de \u00abfortalecer a terroristas\u00bb con la decisi\u00f3n del Ejecutivo de <strong>Pedro S\u00e1nchez<\/strong> de <a href=\"https:\/\/www.abc.es\/espana\/pedro-sanchez-busca-recuperar-foco-capitalizar-lucha-20250908093228-nt.html\" title=\"www.abc.es\" data-voc-vtm-id=\"in-text-traffic\" data-mrf-link=\"www.abc.es\" rel=\"nofollow noopener\" target=\"_blank\">cerrar los puertos y el espacio a\u00e9reo nacionales a cargamentos de armas con destino a Israel<\/a>. \u00abEs profundamente preocupante que  &#8230; Espa\u00f1a, miembro de la OTAN, limite potencialmente operaciones estadounidenses y d\u00e9 la espalda a Israel el mismo d\u00eda en que murieron <a href=\"https:\/\/www.abc.es\/internacional\/tiroteo-jerusalen-deja-heridos-20250908093601-nt.html\" title=\"www.abc.es\" data-voc-vtm-id=\"in-text-traffic\" data-mrf-link=\"www.abc.es\" rel=\"nofollow noopener\" target=\"_blank\">seis personas en Jerusal\u00e9n<\/a>. Estas medidas fortalecen a los terroristas\u00bb, declar\u00f3 a este diario un portavoz del Departamento de Estado en un correo electr\u00f3nico.<\/p>\n<p class=\"voc-p\" style=\"\">La tensi\u00f3n recuerda a episodios pasados de enfrentamiento bilateral. En 2004, el entonces presidente <strong>Jos\u00e9 Luis Rodr\u00edguez Zapatero<\/strong> retir\u00f3 las tropas espa\u00f1olas de Irak, provocando un choque frontal con Washington. La acusaci\u00f3n de hoy se produce en un contexto de creciente presi\u00f3n de la Casa Blanca para que los aliados europeos respalden sin fisuras a Israel frente a Ham\u00e1s y Hizbol\u00e1, y muestra hasta qu\u00e9 punto la pol\u00edtica exterior espa\u00f1ola repercute en la coordinaci\u00f3n con EE.UU. dentro de la OTAN.<\/p>\n<p class=\"voc-p\" style=\"\">Desde el a\u00f1o pasado, la Comisi\u00f3n Federal Mar\u00edtima de Estados Unidos (FMC) investiga a Espa\u00f1a por negar la entrada en sus puertos a buques estadounidenses que transportaban armamento hacia Israel. Madrid justific\u00f3 esa decisi\u00f3n en razones de soberan\u00eda y principios humanitarios, al considerar que permitir esos tr\u00e1nsitos pod\u00eda facilitar ataques contra civiles en Gaza. Washington, en cambio, lo interpret\u00f3 como una barrera artificial al comercio mar\u00edtimo.<\/p>\n<p class=\"voc-p\" style=\"\">La FMC abri\u00f3 un procedimiento formal con plazo de alegaciones y advirti\u00f3 de que, si se confirmaba la existencia de condiciones discriminatorias, podr\u00edan imponerse sanciones de gran alcance: desde multas por escala hasta la prohibici\u00f3n de acceso a puertos estadounidenses. Las consecuencias ya son visibles. El puerto de Algeciras ha quedado fuera de una ruta clave en favor del enclave marroqu\u00ed de T\u00e1nger-Med, una decisi\u00f3n de navieras como Maersk y American President Lines en pleno pulso diplom\u00e1tico.<\/p>\n<p class=\"voc-p\" style=\"\">En el Congreso estadounidense, la comisionada<strong> Rebecca F. Dye<\/strong> adelant\u00f3 que la FMC publicar\u00e1 este a\u00f1o sus conclusiones sobre las pr\u00e1cticas espa\u00f1olas, en un contexto en el que la pol\u00edtica de S\u00e1nchez hacia Israel ha tensado las relaciones con Washington y abierto un frente estrat\u00e9gico en el Mediterr\u00e1neo.<\/p>\n<p class=\"voc-p\" style=\"\">A esta controversia se suma otra fuente de fricci\u00f3n: la resistencia del Gobierno espa\u00f1ol a elevar el gasto en defensa hasta el 5% del PIB, el nuevo objetivo marcado por la OTAN con el respaldo de la Administraci\u00f3n Trump. S\u00e1nchez calific\u00f3 la meta de \u00abirrazonable y contraproducente\u00bb, advirtiendo de que pondr\u00eda en riesgo el estado del bienestar y comprometer\u00eda la soberan\u00eda industrial del pa\u00eds.<\/p>\n<p class=\"voc-p\" style=\"\">La presi\u00f3n de Washington fue inmediata. En junio, la portavoz de Trump inst\u00f3 a Espa\u00f1a a \u00abpagar su parte\u00bb, mientras que la ministra de Defensa, <strong>Margarita Robles<\/strong>, replic\u00f3 que el 5% era \u00ababsolutamente imposible\u00bb por falta de capacidad y materias primas. El propio Trump zanj\u00f3 ante la prensa que Espa\u00f1a \u00abpagar\u00e1 lo que tenga que pagar\u00bb.<\/p>\n<p class=\"voc-p\" style=\"\">Finalmente, Espa\u00f1a qued\u00f3 exenta de esa obligaci\u00f3n, con el compromiso de <strong>elevar su gasto militar al 2,1% del PIB<\/strong>, frente al 1,28% actual. En la cumbre de La Haya todos los pa\u00edses asumieron la meta del 5% salvo Espa\u00f1a, que se present\u00f3 como garante de un equilibrio entre la defensa colectiva y la preservaci\u00f3n del modelo social europeo.<\/p>\n<p class=\"voc-p\" style=\"\">La oposici\u00f3n interna no tard\u00f3 en aprovechar la coyuntura. <strong>Alberto N\u00fa\u00f1ez Feij\u00f3o <\/strong>acus\u00f3 a S\u00e1nchez de debilitar a Espa\u00f1a en la Alianza y prometi\u00f3 que, de llegar al poder, alcanzar\u00e1 el 5% en menos de una d\u00e9cada. La brecha abierta refleja as\u00ed una nueva l\u00ednea de fricci\u00f3n transatl\u00e1ntica, con Espa\u00f1a defendiendo su autonom\u00eda presupuestaria frente a la presi\u00f3n de Washington y de la OTAN.<\/p>\n<p class=\"voc-p\" style=\"\">S\u00e1nchez anunci\u00f3 el 8 de septiembre <a href=\"https:\/\/www.abc.es\/espana\/pedro-sanchez-busca-recuperar-foco-capitalizar-lucha-20250908093228-nt.html\" title=\"www.abc.es\" data-voc-vtm-id=\"in-text-traffic\" data-mrf-link=\"www.abc.es\" rel=\"nofollow noopener\" target=\"_blank\">un paquete de medidas sin precedentes contra Israel<\/a>, entre ellas la aprobaci\u00f3n de un decreto para formalizar un embargo total de armas, as\u00ed como la prohibici\u00f3n de que buques y aeronaves con cargamentos militares hacia Israel utilicen puertos o espacio a\u00e9reo espa\u00f1oles. El presidente justific\u00f3 esa decisi\u00f3n en razones humanitarias y de derecho internacional, <strong>al calificar de genocidio la ofensiva israel\u00ed en Gaza<\/strong>. Espa\u00f1a acompa\u00f1\u00f3 el veto con un aumento de la ayuda humanitaria a la Franja y la exclusi\u00f3n del pa\u00eds de personas vinculadas a la ofensiva.<\/p>\n<p class=\"voc-p\" style=\"\">Ese mismo d\u00eda, en Jerusal\u00e9n, un ataque terrorista en una parada de autob\u00fas dej\u00f3 seis muertos, entre ellos un ciudadano espa\u00f1ol de origen sefard\u00ed, <a href=\"https:\/\/www.abc.es\/internacional\/joven-espanol-anos-recien-casado-victimas-tireoteo-20250908125209-nt.html\" title=\"www.abc.es\" data-voc-vtm-id=\"in-text-traffic\" data-mrf-link=\"www.abc.es\" rel=\"nofollow noopener\" target=\"_blank\">Yaakov Pinto<\/a>. La coincidencia entre el anuncio de S\u00e1nchez y el atentado aviv\u00f3 la tensi\u00f3n. Israel acus\u00f3 a Madrid de hostilidad y de alentar al terrorismo, llegando a prohibir la entrada al pa\u00eds de dos miembros del Gobierno espa\u00f1ol, mientras Espa\u00f1a convocaba a consultas a su embajador en Tel Aviv y rechazaba de plano las acusaciones de antisemitismo.<\/p>\n","protected":false},"excerpt":{"rendered":"El Gobierno de Estados Unidos acus\u00f3 este mi\u00e9rcoles a Espa\u00f1a de \u00abfortalecer a terroristas\u00bb con la decisi\u00f3n del&hellip;\n","protected":false},"author":2,"featured_media":106145,"comment_status":"","ping_status":"","sticky":false,"template":"","format":"standard","meta":{"footnotes":""},"categories":[5],"tags":[17,18,9988,25,24,9767,36796,13,14,11,74,19,20,596,9,10,15,16,864,23,12,21,22,1056],"class_list":{"0":"post-106144","1":"post","2":"type-post","3":"status-publish","4":"format-standard","5":"has-post-thumbnail","7":"category-titulares","8":"tag-breaking-news","9":"tag-breakingnews","10":"tag-envios","11":"tag-es","12":"tag-espana","13":"tag-espanolas","14":"tag-expresa","15":"tag-featured-news","16":"tag-featurednews","17":"tag-headlines","18":"tag-israel","19":"tag-latest-news","20":"tag-latestnews","21":"tag-medidas","22":"tag-news","23":"tag-noticias","24":"tag-noticias-destacadas","25":"tag-noticiasdestacadas","26":"tag-preocupacion","27":"tag-spain","28":"tag-titulares","29":"tag-ultimas-noticias","30":"tag-ultimasnoticias","31":"tag-washington"},"share_on_mastodon":{"url":"","error":""},"_links":{"self":[{"href":"https:\/\/www.europesays.com\/es\/wp-json\/wp\/v2\/posts\/106144","targetHints":{"allow":["GET"]}}],"collection":[{"href":"https:\/\/www.europesays.com\/es\/wp-json\/wp\/v2\/posts"}],"about":[{"href":"https:\/\/www.europesays.com\/es\/wp-json\/wp\/v2\/types\/post"}],"author":[{"embeddable":true,"href":"https:\/\/www.europesays.com\/es\/wp-json\/wp\/v2\/users\/2"}],"replies":[{"embeddable":true,"href":"https:\/\/www.europesays.com\/es\/wp-json\/wp\/v2\/comments?post=106144"}],"version-history":[{"count":0,"href":"https:\/\/www.europesays.com\/es\/wp-json\/wp\/v2\/posts\/106144\/revisions"}],"wp:featuredmedia":[{"embeddable":true,"href":"https:\/\/www.europesays.com\/es\/wp-json\/wp\/v2\/media\/106145"}],"wp:attachment":[{"href":"https:\/\/www.europesays.com\/es\/wp-json\/wp\/v2\/media?parent=106144"}],"wp:term":[{"taxonomy":"category","embeddable":true,"href":"https:\/\/www.europesays.com\/es\/wp-json\/wp\/v2\/categories?post=106144"},{"taxonomy":"post_tag","embeddable":true,"href":"https:\/\/www.europesays.com\/es\/wp-json\/wp\/v2\/tags?post=106144"}],"curies":[{"name":"wp","href":"https:\/\/api.w.org\/{rel}","templated":true}]}}